{"id":96255,"date":"2025-10-30T09:36:55","date_gmt":"2025-10-30T12:36:55","guid":{"rendered":"https:\/\/catolicanet.net\/wp-cnet\/?p=96255"},"modified":"2025-11-19T12:38:32","modified_gmt":"2025-11-19T15:38:32","slug":"sejamos-santos-e-vivamos-a-santidade-no-cotidiano","status":"publish","type":"post","link":"https:\/\/catolicanet.net\/wp-cnet\/sejamos-santos-e-vivamos-a-santidade-no-cotidiano\/","title":{"rendered":"Sejamos santos e vivamos a santidade no cotidiano!"},"content":{"rendered":"<p style=\"text-align: center;\"><strong>Homilia \u2013 Solenidade de Todos os Santos \u2013 Ano C<\/strong><\/p>\n<p style=\"text-align: justify;\"><strong><em>\u201cAlegremo-nos e exultemos, porque grande \u00e9 a nossa recompensa nos c\u00e9us.\u201d<\/em><\/strong><strong> (Mt 5,12)<\/strong><\/p>\n<p style=\"text-align: justify;\">Irm\u00e3os e irm\u00e3s em Cristo, celebramos hoje uma das mais belas e esperadas festas do calend\u00e1rio lit\u00fargico: a Solenidade de Todos os Santos. \u00c9 o dia em que a Igreja nos convida a levantar os olhos para o c\u00e9u e a contemplar a multid\u00e3o imensa de homens e mulheres que j\u00e1 alcan\u00e7aram a meta da vida crist\u00e3, a santidade. N\u00e3o recordamos apenas os santos canonizados, conhecidos e venerados oficialmente, mas tamb\u00e9m os an\u00f4nimos: aqueles que viveram o Evangelho com fidelidade no sil\u00eancio de suas casas, em suas fam\u00edlias, nos trabalhos humildes, nas dores suportadas com f\u00e9, nas ora\u00e7\u00f5es escondidas e nas obras de miseric\u00f3rdia que s\u00f3 Deus viu.<\/p>\n<p style=\"text-align: justify;\">Na primeira leitura, o livro do Apocalipse (Ap 7,2-4.9-14) apresenta a vis\u00e3o grandiosa da multid\u00e3o vestida de branco, de todas as na\u00e7\u00f5es, tribos, povos e l\u00ednguas, diante do trono do Cordeiro. S\u00e3o os que <em>\u201clavaram e alvejaram suas vestes no sangue do Cordeiro\u201d<\/em>. Esses s\u00e3o os redimidos pelo amor de Cristo, que venceram o mal n\u00e3o pela for\u00e7a, mas pela f\u00e9 e pela perseveran\u00e7a. Essa multid\u00e3o mostra que o c\u00e9u n\u00e3o \u00e9 vazio: est\u00e1 repleto de rostos humanos, de pessoas concretas, que viveram neste mundo as mesmas lutas que n\u00f3s. O Apocalipse nos recorda que a santidade n\u00e3o \u00e9 privil\u00e9gio de poucos, mas voca\u00e7\u00e3o de todos os batizados.<\/p>\n<p style=\"text-align: justify;\">Na segunda leitura (1Jo 3,1-3), o ap\u00f3stolo Jo\u00e3o nos recorda uma verdade essencial: <em>\u201cVede que grande presente de amor o Pai nos deu: sermos chamados filhos de Deus, e n\u00f3s o somos!\u201d <\/em>A santidade come\u00e7a exatamente aqui \u2014 no reconhecimento de que somos filhos amados de Deus. A filia\u00e7\u00e3o divina \u00e9 o alicerce de toda vida crist\u00e3. Somos chamados \u00e0 santidade n\u00e3o por nossos m\u00e9ritos, mas por gra\u00e7a, porque participamos da vida do pr\u00f3prio Deus. Contudo, S\u00e3o Jo\u00e3o acrescenta: \u201cO que seremos ainda n\u00e3o se manifestou\u201d. Isso significa que estamos a caminho, e a meta \u00e9 sermos semelhantes a Cristo. A santidade n\u00e3o \u00e9 algo pronto; \u00e9 um processo, uma caminhada de convers\u00e3o, de transforma\u00e7\u00e3o interior, de abertura cont\u00ednua ao amor divino.<\/p>\n<p style=\"text-align: justify;\">No Evangelho (Mt 5,1-12a), Jesus sobe \u00e0 montanha e proclama as Bem-aventuran\u00e7as. Ali est\u00e1 o cora\u00e7\u00e3o da santidade crist\u00e3. Os santos s\u00e3o, por excel\u00eancia, os bem-aventurados:<\/p>\n<ul style=\"text-align: justify;\">\n<li>Os pobres em esp\u00edrito, que confiam mais em Deus do que em si mesmos;<\/li>\n<li>Os que choram, mas que n\u00e3o perdem a esperan\u00e7a;<\/li>\n<li>Os mansos, que n\u00e3o recorrem \u00e0 viol\u00eancia;<\/li>\n<li>Os que t\u00eam fome e sede de justi\u00e7a, que lutam pelo bem e pela verdade;<\/li>\n<li>Os misericordiosos, que sabem perdoar;<\/li>\n<li>Os puros de cora\u00e7\u00e3o, que buscam a Deus com sinceridade;<\/li>\n<li>Os pac\u00edficos, que constroem pontes e n\u00e3o muros;<\/li>\n<li>Os perseguidos por causa da justi\u00e7a, que permanecem firmes na f\u00e9.<\/li>\n<\/ul>\n<p style=\"text-align: justify;\">Essas palavras de Jesus s\u00e3o o manual do santo. A santidade n\u00e3o \u00e9 feita de gestos extraordin\u00e1rios, mas de fidelidade cotidiana ao Evangelho. O santo \u00e9 aquele que faz o bem com alegria, mesmo quando ningu\u00e9m v\u00ea, e que deixa o amor de Cristo moldar suas atitudes.<\/p>\n<p style=\"text-align: justify;\">Celebrar Todos os Santos \u00e9 tamb\u00e9m lembrar que a santidade \u00e9 poss\u00edvel no mundo de hoje. Em tempos de indiferen\u00e7a, viol\u00eancia e superficialidade, Deus continua chamando cada um de n\u00f3s a ser testemunha da esperan\u00e7a. A santidade n\u00e3o \u00e9 uma fuga do mundo, mas uma presen\u00e7a transformadora nele. Os santos n\u00e3o foram pessoas perfeitas; foram pessoas apaixonadas por Deus, que ca\u00edram, mas se levantaram, que sofreram, mas confiaram, que amaram at\u00e9 o fim.<\/p>\n<p style=\"text-align: justify;\">E o bonito \u00e9 que essa voca\u00e7\u00e3o \u00e9 para todos: para o pai e a m\u00e3e de fam\u00edlia, o jovem, o trabalhador, o idoso, o enfermo, o consagrado. Em cada estado de vida \u00e9 poss\u00edvel ser santo, porque a santidade \u00e9 o reflexo de um cora\u00e7\u00e3o unido a Cristo.<\/p>\n<p style=\"text-align: justify;\">Por fim, esta festa nos recorda que a morte n\u00e3o tem a \u00faltima palavra. Os santos est\u00e3o vivos em Deus e intercedem por n\u00f3s. Eles s\u00e3o nossos irm\u00e3os mais velhos na f\u00e9, que j\u00e1 chegaram \u00e0 plenitude da comunh\u00e3o com o Senhor. Eles nos dizem, com a pr\u00f3pria vida: vale a pena amar, vale a pena perdoar, vale a pena seguir Jesus. Hoje, a Igreja militante \u2014 n\u00f3s, peregrinos na terra \u2014 se une \u00e0 Igreja triunfante \u2014 os santos no c\u00e9u \u2014 e, juntos, proclamamos: <em>\u201cA salva\u00e7\u00e3o pertence ao nosso Deus e ao Cordeiro!\u201d<\/em><\/p>\n<p style=\"text-align: justify;\">Irm\u00e3os e irm\u00e3s, nesta Solenidade de Todos os Santos, pe\u00e7amos a Deus que reacenda em n\u00f3s o desejo da santidade. Que cada um de n\u00f3s descubra que ser santo \u00e9 viver o amor de Cristo no cotidiano, nas pequenas coisas, com alegria e generosidade. E que um dia, unidos \u00e0quela multid\u00e3o vestida de branco, possamos tamb\u00e9m cantar eternamente: <em>\u201cAlegremo-nos e exultemos, porque grande \u00e9 a nossa recompensa nos c\u00e9us!\u201d<\/em><\/p>\n","protected":false},"excerpt":{"rendered":"<p>Homilia \u2013 Solenidade de Todos os Santos \u2013 Ano C \u201cAlegremo-nos e exultemos, porque grande \u00e9 a nossa recompensa nos c\u00e9us.\u201d (Mt 5,12) Irm\u00e3os e irm\u00e3s em Cristo, celebramos hoje uma das mais belas e esperadas festas do calend\u00e1rio lit\u00fargico: a Solenidade de Todos os Santos. \u00c9 o dia em que a Igreja nos convida [&hellip;]<\/p>\n","protected":false},"author":53272,"featured_media":92837,"comment_status":"open","ping_status":"closed","sticky":false,"template":"","format":"standard","meta":{"footnotes":""},"categories":[9],"tags":[],"class_list":["post-96255","post","type-post","status-publish","format-standard","has-post-thumbnail","hentry","category-artigos"],"_links":{"self":[{"href":"https:\/\/catolicanet.net\/wp-cnet\/wp-json\/wp\/v2\/posts\/96255","targetHints":{"allow":["GET"]}}],"collection":[{"href":"https:\/\/catolicanet.net\/wp-cnet\/wp-json\/wp\/v2\/posts"}],"about":[{"href":"https:\/\/catolicanet.net\/wp-cnet\/wp-json\/wp\/v2\/types\/post"}],"author":[{"embeddable":true,"href":"https:\/\/catolicanet.net\/wp-cnet\/wp-json\/wp\/v2\/users\/53272"}],"replies":[{"embeddable":true,"href":"https:\/\/catolicanet.net\/wp-cnet\/wp-json\/wp\/v2\/comments?post=96255"}],"version-history":[{"count":1,"href":"https:\/\/catolicanet.net\/wp-cnet\/wp-json\/wp\/v2\/posts\/96255\/revisions"}],"predecessor-version":[{"id":96257,"href":"https:\/\/catolicanet.net\/wp-cnet\/wp-json\/wp\/v2\/posts\/96255\/revisions\/96257"}],"wp:featuredmedia":[{"embeddable":true,"href":"https:\/\/catolicanet.net\/wp-cnet\/wp-json\/wp\/v2\/media\/92837"}],"wp:attachment":[{"href":"https:\/\/catolicanet.net\/wp-cnet\/wp-json\/wp\/v2\/media?parent=96255"}],"wp:term":[{"taxonomy":"category","embeddable":true,"href":"https:\/\/catolicanet.net\/wp-cnet\/wp-json\/wp\/v2\/categories?post=96255"},{"taxonomy":"post_tag","embeddable":true,"href":"https:\/\/catolicanet.net\/wp-cnet\/wp-json\/wp\/v2\/tags?post=96255"}],"curies":[{"name":"wp","href":"https:\/\/api.w.org\/{rel}","templated":true}]}}