{"id":96240,"date":"2025-11-02T09:18:27","date_gmt":"2025-11-02T12:18:27","guid":{"rendered":"https:\/\/catolicanet.net\/wp-cnet\/?p=96240"},"modified":"2025-11-19T12:19:35","modified_gmt":"2025-11-19T15:19:35","slug":"dia-de-finados-6","status":"publish","type":"post","link":"https:\/\/catolicanet.net\/wp-cnet\/dia-de-finados-6\/","title":{"rendered":"Dia de Finados"},"content":{"rendered":"<p style=\"text-align: justify;\">Celebramos neste domingo, dia 2 de novembro, a Comemora\u00e7\u00e3o de Todos os Fi\u00e9is Defuntos, ou simplesmente Dia de Finados. Esse \u00e9 um dia para lembrarmos, com carinho, daqueles que j\u00e1 faleceram. N\u00e3o \u00e9 um dia de tristeza, mas de saudade \u2014 um momento em que recordamos o bem que aqueles que j\u00e1 partiram fizeram enquanto estiveram entre n\u00f3s.<\/p>\n<p style=\"text-align: justify;\">Muitas pessoas aproveitam o Dia de Finados para ir ao cemit\u00e9rio e visitar o t\u00famulo de seus entes queridos, rezando por eles e pedindo a sua intercess\u00e3o, j\u00e1 que est\u00e3o na esternidade. Ao celebrarmos Finados, celebramos a raz\u00e3o da nossa f\u00e9: a certeza da ressurrei\u00e7\u00e3o e da vida eterna. A nossa vida aqui na terra \u00e9 passageira; n\u00e3o levaremos nada daqui. A \u00fanica certeza que temos \u00e9 que ressuscitaremos e que a vida n\u00e3o termina com a morte, mas continua na eternidade. Intercedemos pelos que se encontram no purgat\u00f3rio.<\/p>\n<p style=\"text-align: justify;\">O Dia de Finados \u00e9 feriado nacional no Brasil. Neste ano, em particular, cair\u00e1 no domingo, o que nos d\u00e1 a oportunidade de participar da Santa Missa, rezar por nossos entes queridos e, conforme o hor\u00e1rio, visitar o cemit\u00e9rio logo em seguida \u2014 ou, se preferirmos, ir primeiro ao cemit\u00e9rio e participar da missa \u00e0 tarde. Normalmente, os cemit\u00e9rios, nesse dia, celebram missas de hora em hora, e assim temos tamb\u00e9m a oportunidade de participar da Eucaristia no pr\u00f3prio cemit\u00e9rio. Em todos os 19 cemit\u00e9rios de nossa arquidiocese teremos a presen\u00e7a de mission\u00e1rios, ministros, consagrados e seminaristas para rezarem junto com os familiares.<\/p>\n<p style=\"text-align: justify;\">O pr\u00f3prio Jesus nos garantiu que existe a vida eterna e que nos prepararia um lugar junto de Deus. Ele nos abriu o caminho e, da mesma forma que venceu a morte, n\u00f3s tamb\u00e9m a venceremos. A nossa vida est\u00e1 nas m\u00e3os de Deus: Ele nos deu a vida e somente Ele tem o poder de tir\u00e1-la. Ningu\u00e9m tem o direito de tirar a pr\u00f3pria vida nem a vida do outro. O tempo de Deus \u00e9 diferente do nosso. Nossa vida pode durar sessenta, setenta ou oitenta anos, mas devemos procurar viver retamente, para estarmos preparados para o momento do encontro com o Senhor.<\/p>\n<p style=\"text-align: justify;\">O crist\u00e3o n\u00e3o deve ter medo da morte, por mais que o tema nos assuste um pouco. Desde a catequese, aprendemos que nascemos, crescemos, amadurecemos, envelhecemos e morremos. Enquanto estivermos neste mundo terreno, devemos viver amando a Deus e ao pr\u00f3ximo, com a certeza no cora\u00e7\u00e3o de que um dia nos encontraremos com o Senhor. N\u00e3o sabemos o dia nem a hora do nosso encontro definitivo com Deus. Como dizia Jesus: <em>\u201cV\u00f3s n\u00e3o sabeis qual o dia nem a hora; nem os anjos do c\u00e9u, nem o Filho, mas somente o Pai.\u201d <\/em>O mundo terreno termina para aqueles que morrem, mas, para eles, inicia-se a vida eterna.<\/p>\n<p style=\"text-align: justify;\">O Dia de Finados, neste ano, segue-se ap\u00f3s a celebra\u00e7\u00e3o de Todos os Santos, pois somos convidados a viver a santidade no cotidiano. Pelo nosso batismo, somos chamados a ser sal da terra, luz do mundo e testemunhas de Jesus Cristo. Todos somos chamados a buscar uma vida santa. Como nos ensinava S\u00e3o Paulo, devemos procurar viver segundo o Esp\u00edrito que recebemos no batismo, pois, se vivermos segundo a carne, cairemos no pecado.<\/p>\n<p style=\"text-align: justify;\">No dia da missa de Finados, somos convidados a inscrever na missa comunit\u00e1ria os nomes dos falecidos de nossas fam\u00edlias \u2014 algo que deve ser feito na Secretaria Paroquial \u2014, pois nesse dia rezamos especialmente pelo eterno descanso de nossos entes queridos. As igrejas costumam ficar abertas durante todo o dia, para que os fi\u00e9is possam acender velas, participar das missas e rezar pelos falecidos. Neste ano, as missas dominicais acontecer\u00e3o normalmente, e as par\u00f3quias permanecer\u00e3o abertas para a ora\u00e7\u00e3o e o recolhimento.<\/p>\n<p style=\"text-align: justify;\">Desde os primeiros s\u00e9culos, os cat\u00f3licos t\u00eam o costume de rezar por seus entes queridos, prestar homenagens e enfeitar os t\u00famulos \u2014 a exemplo de Jesus, que morreu, foi sepultado, e cujo corpo foi preparado por Jos\u00e9 de Arimateia para o sepultamento. Depois, \u00e9 claro, Jesus deixou o t\u00famulo vazio e ressuscitou. Ainda hoje se celebram as missas de s\u00e9timo dia, m\u00eas e ano dos falecidos.<\/p>\n<p style=\"text-align: justify;\">Desde o s\u00e9culo XI, os Papas Silvestre II, Jo\u00e3o XVIII e Le\u00e3o IX recomendavam vivamente que os crist\u00e3os dedicassem um dia para rezar por aqueles que j\u00e1 haviam falecido e muitas vezes n\u00e3o eram lembrados. Celebrar a mem\u00f3ria de quem j\u00e1 partiu \u00e9, de certa forma, afirmar que a pessoa permanece conosco. N\u00e3o podemos esquecer aqueles que se foram, pois todos deixaram alguma marca em nossa vida.<\/p>\n<p style=\"text-align: justify;\">A partir do s\u00e9culo XII, o Dia de Finados passou a ser celebrado pela Igreja Cat\u00f3lica em 2 de novembro. Desde o s\u00e9culo IV, foi acrescentada \u00e0 Ora\u00e7\u00e3o Eucar\u00edstica a ora\u00e7\u00e3o por todos os fi\u00e9is defuntos, para que, a cada missa, os crist\u00e3os possam lembrar de quem j\u00e1 partiu.<\/p>\n<p style=\"text-align: justify;\">\u00c9 dif\u00edcil nos separarmos de quem amamos, e a morte \u00e9, de fato, um momento doloroso. Mas celebramos este dia com saudade, e n\u00e3o com tristeza, tendo a certeza de que um dia nos encontraremos no c\u00e9u com aqueles que j\u00e1 se foram e aqui viveram uma vida de convers\u00e3o. Celebremos este dia com esperan\u00e7a e f\u00e9, certos de que a vida n\u00e3o termina aqui, mas continua na eternidade, e que um dia todos n\u00f3s nos reuniremos na casa do Pai. Que as almas dos fi\u00e9is defuntos, pela miseric\u00f3rdia de Deus, descansem em paz! Am\u00e9m!<\/p>\n","protected":false},"excerpt":{"rendered":"<p>Celebramos neste domingo, dia 2 de novembro, a Comemora\u00e7\u00e3o de Todos os Fi\u00e9is Defuntos, ou simplesmente Dia de Finados. Esse \u00e9 um dia para lembrarmos, com carinho, daqueles que j\u00e1 faleceram. N\u00e3o \u00e9 um dia de tristeza, mas de saudade \u2014 um momento em que recordamos o bem que aqueles que j\u00e1 partiram fizeram enquanto [&hellip;]<\/p>\n","protected":false},"author":5,"featured_media":55819,"comment_status":"open","ping_status":"closed","sticky":false,"template":"","format":"standard","meta":{"footnotes":""},"categories":[9],"tags":[],"class_list":["post-96240","post","type-post","status-publish","format-standard","has-post-thumbnail","hentry","category-artigos"],"_links":{"self":[{"href":"https:\/\/catolicanet.net\/wp-cnet\/wp-json\/wp\/v2\/posts\/96240","targetHints":{"allow":["GET"]}}],"collection":[{"href":"https:\/\/catolicanet.net\/wp-cnet\/wp-json\/wp\/v2\/posts"}],"about":[{"href":"https:\/\/catolicanet.net\/wp-cnet\/wp-json\/wp\/v2\/types\/post"}],"author":[{"embeddable":true,"href":"https:\/\/catolicanet.net\/wp-cnet\/wp-json\/wp\/v2\/users\/5"}],"replies":[{"embeddable":true,"href":"https:\/\/catolicanet.net\/wp-cnet\/wp-json\/wp\/v2\/comments?post=96240"}],"version-history":[{"count":1,"href":"https:\/\/catolicanet.net\/wp-cnet\/wp-json\/wp\/v2\/posts\/96240\/revisions"}],"predecessor-version":[{"id":96242,"href":"https:\/\/catolicanet.net\/wp-cnet\/wp-json\/wp\/v2\/posts\/96240\/revisions\/96242"}],"wp:featuredmedia":[{"embeddable":true,"href":"https:\/\/catolicanet.net\/wp-cnet\/wp-json\/wp\/v2\/media\/55819"}],"wp:attachment":[{"href":"https:\/\/catolicanet.net\/wp-cnet\/wp-json\/wp\/v2\/media?parent=96240"}],"wp:term":[{"taxonomy":"category","embeddable":true,"href":"https:\/\/catolicanet.net\/wp-cnet\/wp-json\/wp\/v2\/categories?post=96240"},{"taxonomy":"post_tag","embeddable":true,"href":"https:\/\/catolicanet.net\/wp-cnet\/wp-json\/wp\/v2\/tags?post=96240"}],"curies":[{"name":"wp","href":"https:\/\/api.w.org\/{rel}","templated":true}]}}