{"id":96223,"date":"2025-11-16T09:03:53","date_gmt":"2025-11-16T12:03:53","guid":{"rendered":"https:\/\/catolicanet.net\/wp-cnet\/?p=96223"},"modified":"2025-11-19T12:06:58","modified_gmt":"2025-11-19T15:06:58","slug":"seremos-odiados-por-anunciarmos-ao-cristo","status":"publish","type":"post","link":"https:\/\/catolicanet.net\/wp-cnet\/seremos-odiados-por-anunciarmos-ao-cristo\/","title":{"rendered":"Seremos odiados por anunciarmos ao Cristo!"},"content":{"rendered":"<p class=\"p1\" style=\"text-align: justify; text-indent: 35.4pt;\"><span class=\"s1\"><span style=\"font-size: 14.0pt;\">Queridos irm\u00e3os e irm\u00e3s, chegamos ao pen\u00faltimo domingo do ano lit\u00fargico. A Igreja, de modo s\u00e1bio, nos conduz a meditar sobre as \u00faltimas realidades, aquilo que \u00e9 definitivo, aquilo que permanece quando tudo passa. N\u00e3o se trata de cultivar medo ou ansiedade diante do fim, mas de reacender a esperan\u00e7a que nasce da f\u00e9 e de colocar nossa vida na perspectiva da eternidade. \u00c9 isso que a Liturgia nos oferece hoje: uma palavra que desperta, que sacode, que purifica nossas falsas seguran\u00e7as para que possamos viver com o cora\u00e7\u00e3o voltado para Deus.<\/span><\/span><\/p>\n<p class=\"p1\" style=\"text-align: justify; text-indent: 35.4pt;\"><span class=\"s1\"><span style=\"font-size: 14.0pt;\">A primeira leitura, retirada do profeta Malaquias, apresenta uma linguagem forte: <i>\u201cEis que vir\u00e1 o dia, abrasador como fornalha\u201d<\/i> (Ml 3,19). N\u00e3o \u00e9 uma amea\u00e7a apocal\u00edptica; \u00e9 uma afirma\u00e7\u00e3o de f\u00e9. Quando o profeta fala do \u201cdia do Senhor\u201d, ele se dirige a um povo cansado, desanimado, que experimentava injusti\u00e7as e perguntava onde estava Deus. E Malaquias responde: Deus vir\u00e1. Deus far\u00e1 justi\u00e7a. Deus n\u00e3o \u00e9 indiferente \u00e0 maldade, nem surdo ao clamor dos pobres. Para aqueles que praticam o mal, o dia do Senhor ser\u00e1 como fogo purificador; mas para os que temem o nome do Senhor, para aqueles que procuram viver com retid\u00e3o,<i> \u201cnascer\u00e1 o sol da justi\u00e7a, trazendo salva\u00e7\u00e3o em suas asas\u201d<\/i> (Ml 3,20a). Em outras palavras: n\u00e3o tenhamos medo; Deus \u00e9 fiel, e a \u00faltima palavra sempre ser\u00e1 d\u2019Ele.<\/span><\/span><\/p>\n<p class=\"p1\" style=\"text-align: justify; text-indent: 35.4pt;\"><span class=\"s1\"><span style=\"font-size: 14.0pt;\">Na segunda leitura, S\u00e3o Paulo escreve \u00e0 comunidade de Tessal\u00f4nica, que vivia inquieta por causa de pessoas que anunciavam que o fim do mundo estava muito pr\u00f3ximo. Alguns come\u00e7aram a abandonar seus afazeres, a viver na ociosidade, esperando acontecimentos extraordin\u00e1rios. Paulo, com firmeza, recorda uma verdade fundamental: a f\u00e9 crist\u00e3 n\u00e3o nos aliena do mundo; ao contr\u00e1rio, nos compromete ainda mais. <i>\u201cQuem n\u00e3o quer trabalhar, tamb\u00e9m n\u00e3o deve comer\u201d<\/i> (2Ts 3,10). O trabalho, para o crist\u00e3o, \u00e9 colabora\u00e7\u00e3o com a obra de Deus; \u00e9 participa\u00e7\u00e3o na cria\u00e7\u00e3o; \u00e9 forma concreta de amar a Deus e aos irm\u00e3os. Fugir do trabalho, fugir das responsabilidades, viver dispersos ou \u00e0 toa, \u00e9 renunciar ao pr\u00f3prio chamado de Deus. Esperar o Senhor requer perseveran\u00e7a, fidelidade e compromisso. Nada de acomoda\u00e7\u00e3o, nada de pregui\u00e7a espiritual; quem vive na presen\u00e7a de Deus transforma o mundo com suas m\u00e3os, seu suor, sua dedica\u00e7\u00e3o.<\/span><\/span><\/p>\n<p class=\"p1\" style=\"text-align: justify; text-indent: 35.4pt;\"><span class=\"s1\"><span style=\"font-size: 14.0pt;\">No Evangelho, Jesus contempla o Templo de Jerusal\u00e9m e diz algo que deve ter causado espanto: <i>\u201cN\u00e3o ficar\u00e1 pedra sobre pedra\u201d<\/i> (Lc 21,6). O Templo era o orgulho do povo, s\u00edmbolo de f\u00e9, for\u00e7a e identidade. Jesus, no entanto, recorda que at\u00e9 as estruturas mais s\u00f3lidas se tornam poeira com o tempo. Nada neste mundo \u00e9 definitivo: n\u00e3o s\u00e3o definitivos os nossos bens, nossa sa\u00fade, nossa apar\u00eancia, nossos projetos, nem mesmo as institui\u00e7\u00f5es humanas. S\u00f3 Deus permanece. S\u00f3 Ele \u00e9 rocha firme. Por isso, Jesus nos exorta:<i> \u201cCuidado para n\u00e3o serdes enganados\u201d <\/i>(Lc 21,8). No meio de crises, rumores, medos coletivos, guerras e cat\u00e1strofes, muitos se aproveitam da fragilidade das pessoas e anunciam solu\u00e7\u00f5es f\u00e1ceis, caminhos r\u00e1pidos, interpreta\u00e7\u00f5es sensacionalistas da f\u00e9. Jesus nos chama ao discernimento, \u00e0 lucidez espiritual, \u00e0 firmeza interior.<\/span><\/span><\/p>\n<p class=\"p1\" style=\"text-align: justify; text-indent: 35.4pt;\"><span class=\"s1\"><span style=\"font-size: 14.0pt;\">Ele tamb\u00e9m nos alerta que a f\u00e9 verdadeira n\u00e3o nos isenta do sofrimento. Pelo contr\u00e1rio, ela nos coloca muitas vezes na contram\u00e3o deste mundo, e isso pode trazer rejei\u00e7\u00e3o, incompreens\u00f5es e at\u00e9 persegui\u00e7\u00f5es. O pr\u00f3prio Senhor diz: <i>\u201cSereis odiados por causa do meu nome\u201d<\/i> (Lc 21,17). No entanto, Ele imediatamente acrescenta:<i> \u201c\u00c9 permanecendo firmes que ireis ganhar a vida!\u201d<\/i> (Lc 21,19). Perseverar \u00e9 a grande palavra deste domingo. N\u00e3o basta come\u00e7ar; \u00e9 preciso permanecer. N\u00e3o basta entusiasmo moment\u00e2neo; \u00e9 necess\u00e1rio const\u00e2ncia. A f\u00e9 crist\u00e3 \u00e9 caminhada di\u00e1ria, \u00e9 luta constante para permanecer na verdade quando tudo ao redor insiste em nos seduzir com ilus\u00f5es passageiras.<\/span><\/span><\/p>\n<p class=\"p1\" style=\"text-align: justify; text-indent: 35.4pt;\"><span class=\"s1\"><span style=\"font-size: 14.0pt;\">As leituras de hoje nos colocam diante de uma pergunta essencial: Em que tenho colocado minha seguran\u00e7a? Em bens materiais? Nas pessoas? Nas estruturas humanas? Em minha pr\u00f3pria for\u00e7a? Jesus nos ensina que tudo isso passa. O mundo passa. As certezas humanas passam. Mas a Palavra de Deus n\u00e3o passa. O amor de Deus n\u00e3o passa. Aquilo que fizermos por Cristo, aquilo que vivermos com sinceridade diante d\u2019Ele, isso sim permanece para a vida eterna.<\/span><\/span><\/p>\n<p class=\"p1\" style=\"text-align: justify; text-indent: 35.4pt;\"><span class=\"s1\"><span style=\"font-size: 14.0pt;\">Estamos quase iniciando um novo Advento. A Liturgia nos pede que olhemos para o fim para aprendermos a viver melhor o presente. Quando o crist\u00e3o sabe para onde est\u00e1 indo, ele vive de modo mais livre, mais sereno e mais respons\u00e1vel. Ele sabe que sua vida \u00e9 breve, mas preciosa; sabe que ser\u00e1 chamado a prestar contas diante do Senhor; sabe que cada gesto de amor, cada palavra de perd\u00e3o, cada trabalho honesto, cada ren\u00fancia ao pecado, cada ato de justi\u00e7a tem valor eterno.<\/span><\/span><\/p>\n<p class=\"p1\" style=\"text-align: justify; text-indent: 35.4pt;\"><span class=\"s1\"><span style=\"font-size: 14.0pt;\">Pe\u00e7amos ao Senhor, neste pen\u00faltimo domingo do ano lit\u00fargico, a gra\u00e7a da perseveran\u00e7a. Que o Esp\u00edrito Santo nos fortale\u00e7a para permanecermos firmes na f\u00e9, firmes na caridade, firmes na esperan\u00e7a. Que Ele nos livre das ilus\u00f5es deste mundo e nos d\u00ea um cora\u00e7\u00e3o vigilante e s\u00e1bio. Que possamos viver cada dia como quem caminha ao encontro do Senhor, com responsabilidade, com amor e com confian\u00e7a plena em Sua miseric\u00f3rdia.<\/span><\/span><\/p>\n<p class=\"p1\" style=\"text-align: justify; text-indent: 35.4pt;\"><span class=\"s1\"><span style=\"font-size: 14.0pt;\">E que, permanecendo fi\u00e9is at\u00e9 o fim, possamos um dia ouvir de Cristo a palavra mais desejada por todo crist\u00e3o: <i>\u201cServos bons e fi\u00e9is, entrai na alegria do vosso Senhor.\u201d<\/i> Am\u00e9m.<\/span><\/span><\/p>\n","protected":false},"excerpt":{"rendered":"<p>Queridos irm\u00e3os e irm\u00e3s, chegamos ao pen\u00faltimo domingo do ano lit\u00fargico. A Igreja, de modo s\u00e1bio, nos conduz a meditar sobre as \u00faltimas realidades, aquilo que \u00e9 definitivo, aquilo que permanece quando tudo passa. N\u00e3o se trata de cultivar medo ou ansiedade diante do fim, mas de reacender a esperan\u00e7a que nasce da f\u00e9 e [&hellip;]<\/p>\n","protected":false},"author":53272,"featured_media":92837,"comment_status":"open","ping_status":"closed","sticky":false,"template":"","format":"standard","meta":{"footnotes":""},"categories":[9],"tags":[],"class_list":["post-96223","post","type-post","status-publish","format-standard","has-post-thumbnail","hentry","category-artigos"],"_links":{"self":[{"href":"https:\/\/catolicanet.net\/wp-cnet\/wp-json\/wp\/v2\/posts\/96223","targetHints":{"allow":["GET"]}}],"collection":[{"href":"https:\/\/catolicanet.net\/wp-cnet\/wp-json\/wp\/v2\/posts"}],"about":[{"href":"https:\/\/catolicanet.net\/wp-cnet\/wp-json\/wp\/v2\/types\/post"}],"author":[{"embeddable":true,"href":"https:\/\/catolicanet.net\/wp-cnet\/wp-json\/wp\/v2\/users\/53272"}],"replies":[{"embeddable":true,"href":"https:\/\/catolicanet.net\/wp-cnet\/wp-json\/wp\/v2\/comments?post=96223"}],"version-history":[{"count":1,"href":"https:\/\/catolicanet.net\/wp-cnet\/wp-json\/wp\/v2\/posts\/96223\/revisions"}],"predecessor-version":[{"id":96225,"href":"https:\/\/catolicanet.net\/wp-cnet\/wp-json\/wp\/v2\/posts\/96223\/revisions\/96225"}],"wp:featuredmedia":[{"embeddable":true,"href":"https:\/\/catolicanet.net\/wp-cnet\/wp-json\/wp\/v2\/media\/92837"}],"wp:attachment":[{"href":"https:\/\/catolicanet.net\/wp-cnet\/wp-json\/wp\/v2\/media?parent=96223"}],"wp:term":[{"taxonomy":"category","embeddable":true,"href":"https:\/\/catolicanet.net\/wp-cnet\/wp-json\/wp\/v2\/categories?post=96223"},{"taxonomy":"post_tag","embeddable":true,"href":"https:\/\/catolicanet.net\/wp-cnet\/wp-json\/wp\/v2\/tags?post=96223"}],"curies":[{"name":"wp","href":"https:\/\/api.w.org\/{rel}","templated":true}]}}