{"id":96211,"date":"2025-11-18T09:49:12","date_gmt":"2025-11-18T12:49:12","guid":{"rendered":"https:\/\/catolicanet.net\/wp-cnet\/?p=96211"},"modified":"2025-11-19T11:53:13","modified_gmt":"2025-11-19T14:53:13","slug":"novo-ataque-contra-cristaos-na-nigeria-deixa-mortos-e-sacerdote-sequestrado","status":"publish","type":"post","link":"https:\/\/catolicanet.net\/wp-cnet\/novo-ataque-contra-cristaos-na-nigeria-deixa-mortos-e-sacerdote-sequestrado\/","title":{"rendered":"Novo ataque contra crist\u00e3os na Nig\u00e9ria deixa mortos e sacerdote sequestrado"},"content":{"rendered":"<p style=\"text-align: center;\" align=\"center\"><i><span style=\"font-family: 'Arial','sans-serif';\">ACN alerta para agravamento da persegui\u00e7\u00e3o religiosa no pa\u00eds e mant\u00e9m contato com a Igreja local, refor\u00e7ando apelo global por ora\u00e7\u00e3o e prote\u00e7\u00e3o<\/span><\/i><\/p>\n<p style=\"text-align: justify;\"><span style=\"font-size: 11.0pt; font-family: 'Arial','sans-serif';\">A Ajuda \u00e0 Igreja que Sofre (ACN, na sigla em ingl\u00eas) recebeu uma comunica\u00e7\u00e3o oficial da Arquidiocese de Kaduna, na <a href=\"https:\/\/www.acn.org.br\/nigeria\/\">Nig\u00e9ria<\/a>, relatando o sequestro de um sacerdote ap\u00f3s um ataque violento \u00e0 comunidade de Kushe Gugdu, na \u00c1rea de Governo Local de Kagarko, Estado de Kaduna.<\/span><span style=\"font-size: 11.0pt; font-family: 'Arial','sans-serif';\">\u00a0<\/span><\/p>\n<p style=\"text-align: justify;\"><span style=\"font-size: 11.0pt; font-family: 'Arial','sans-serif';\">Nas primeiras horas da segunda-feira, 17 de novembro, homens armados invadiram a resid\u00eancia do Pe. Bobbo Paschal, p\u00e1roco da Par\u00f3quia de Santo Est\u00eav\u00e3o, e o sequestraram. Segundo informa\u00e7\u00f5es da arquidiocese, o mesmo ataque resultou no assassinato do irm\u00e3o do Pe. Anthony Yero e no sequestro de diversas outras pessoas. At\u00e9 o momento, n\u00e3o h\u00e1 relatos adicionais de v\u00edtimas fatais.<\/span><span style=\"font-size: 11.0pt; font-family: 'Arial','sans-serif';\">\u00a0<\/span><\/p>\n<p style=\"text-align: justify;\"><span style=\"font-size: 11.0pt; font-family: 'Arial','sans-serif';\">As autoridades eclesi\u00e1sticas fazem um apelo urgente a todas as pessoas de boa vontade para que se unam em ora\u00e7\u00e3o pela seguran\u00e7a e liberta\u00e7\u00e3o imediata do Pe. Bobbo Paschal e dos demais sequestrados, bem como pelo descanso eterno das v\u00edtimas.<\/span><span style=\"font-size: 11.0pt; font-family: 'Arial','sans-serif';\">\u00a0<\/span><\/p>\n<p style=\"text-align: justify;\"><span style=\"font-size: 11.0pt; font-family: 'Arial','sans-serif';\">A ACN manifesta profunda preocupa\u00e7\u00e3o com mais este epis\u00f3dio de viol\u00eancia direcionada contra comunidades crist\u00e3s e membros do clero na Nig\u00e9ria. A institui\u00e7\u00e3o permanece em contato permanente com a Igreja local, acompanhando de perto o desenrolar da situa\u00e7\u00e3o.<\/span><span style=\"font-size: 11.0pt; font-family: 'Arial','sans-serif';\">\u00a0<\/span><\/p>\n<p style=\"text-align: justify;\"><span style=\"font-size: 11.0pt; font-family: 'Arial','sans-serif';\">A Nig\u00e9ria enfrenta uma grave crise de inseguran\u00e7a, marcada pela atua\u00e7\u00e3o de grupos criminosos, conflitos intercomunit\u00e1rios, terrorismo organizado e a\u00e7\u00f5es discriminat\u00f3rias dirigidas especialmente contra crist\u00e3os. De acordo com o <a href=\"https:\/\/www.acn.org.br\/relatorio-liberdade-religiosa\/\">Relat\u00f3rio de Liberdade Religiosa<\/a>, publicado pela ACN em outubro, o pa\u00eds foi classificado como \u201csob persegui\u00e7\u00e3o\u201d, o que indica viola\u00e7\u00f5es severas, sistem\u00e1ticas e cont\u00ednuas da liberdade religiosa. Grupos extremistas como Boko Haram e a Prov\u00edncia da \u00c1frica Ocidental do Estado Isl\u00e2mico (ISWAP) continuam ativos no nordeste, enquanto a viol\u00eancia no cintur\u00e3o central se intensifica, com igrejas incendiadas e fi\u00e9is assassinados.<\/span><span style=\"font-size: 11.0pt; font-family: 'Arial','sans-serif';\">\u00a0<\/span><\/p>\n<p style=\"text-align: justify;\"><span style=\"font-size: 11.0pt; font-family: 'Arial','sans-serif';\">Em 31 de outubro de 2025, o governo dos Estados Unidos anunciou a redesigna\u00e7\u00e3o da Nig\u00e9ria como Pa\u00eds de Preocupa\u00e7\u00e3o Particular (CPC), conforme a Lei Internacional de Liberdade Religiosa. A decis\u00e3o reflete relatos crescentes de viol\u00eancia e a persistente incapacidade do governo nigeriano de proteger minorias religiosas \u2014 especialmente comunidades crist\u00e3s \u2014 de ataques e persegui\u00e7\u00f5es direcionadas.<\/span><\/p>\n","protected":false},"excerpt":{"rendered":"<p>ACN alerta para agravamento da persegui\u00e7\u00e3o religiosa no pa\u00eds e mant\u00e9m contato com a Igreja local, refor\u00e7ando apelo global por ora\u00e7\u00e3o e prote\u00e7\u00e3o A Ajuda \u00e0 Igreja que Sofre (ACN, na sigla em ingl\u00eas) recebeu uma comunica\u00e7\u00e3o oficial da Arquidiocese de Kaduna, na Nig\u00e9ria, relatando o sequestro de um sacerdote ap\u00f3s um ataque violento \u00e0 [&hellip;]<\/p>\n","protected":false},"author":1,"featured_media":67995,"comment_status":"open","ping_status":"closed","sticky":false,"template":"","format":"standard","meta":{"footnotes":""},"categories":[4,13],"tags":[],"class_list":["post-96211","post","type-post","status-publish","format-standard","has-post-thumbnail","hentry","category-cotidiano","category-featured"],"_links":{"self":[{"href":"https:\/\/catolicanet.net\/wp-cnet\/wp-json\/wp\/v2\/posts\/96211","targetHints":{"allow":["GET"]}}],"collection":[{"href":"https:\/\/catolicanet.net\/wp-cnet\/wp-json\/wp\/v2\/posts"}],"about":[{"href":"https:\/\/catolicanet.net\/wp-cnet\/wp-json\/wp\/v2\/types\/post"}],"author":[{"embeddable":true,"href":"https:\/\/catolicanet.net\/wp-cnet\/wp-json\/wp\/v2\/users\/1"}],"replies":[{"embeddable":true,"href":"https:\/\/catolicanet.net\/wp-cnet\/wp-json\/wp\/v2\/comments?post=96211"}],"version-history":[{"count":1,"href":"https:\/\/catolicanet.net\/wp-cnet\/wp-json\/wp\/v2\/posts\/96211\/revisions"}],"predecessor-version":[{"id":96213,"href":"https:\/\/catolicanet.net\/wp-cnet\/wp-json\/wp\/v2\/posts\/96211\/revisions\/96213"}],"wp:featuredmedia":[{"embeddable":true,"href":"https:\/\/catolicanet.net\/wp-cnet\/wp-json\/wp\/v2\/media\/67995"}],"wp:attachment":[{"href":"https:\/\/catolicanet.net\/wp-cnet\/wp-json\/wp\/v2\/media?parent=96211"}],"wp:term":[{"taxonomy":"category","embeddable":true,"href":"https:\/\/catolicanet.net\/wp-cnet\/wp-json\/wp\/v2\/categories?post=96211"},{"taxonomy":"post_tag","embeddable":true,"href":"https:\/\/catolicanet.net\/wp-cnet\/wp-json\/wp\/v2\/tags?post=96211"}],"curies":[{"name":"wp","href":"https:\/\/api.w.org\/{rel}","templated":true}]}}