{"id":96204,"date":"2025-11-01T09:18:26","date_gmt":"2025-11-01T12:18:26","guid":{"rendered":"https:\/\/catolicanet.net\/wp-cnet\/?p=96204"},"modified":"2025-11-14T15:19:23","modified_gmt":"2025-11-14T18:19:23","slug":"indulgencia-pelos-fieis-defuntos","status":"publish","type":"post","link":"https:\/\/catolicanet.net\/wp-cnet\/indulgencia-pelos-fieis-defuntos\/","title":{"rendered":"Indulg\u00eancia pelos Fi\u00e9is Defuntos"},"content":{"rendered":"<p style=\"text-align: justify;\">Ao celebrarmos a Comemora\u00e7\u00e3o de Todos os Fi\u00e9is Defuntos, o nosso olhar de f\u00e9 se volta para o mist\u00e9rio da vida eterna e para a comunh\u00e3o dos santos, que une a Igreja peregrina, a Igreja padecente e a Igreja triunfante. Nesse contexto, a Igreja nos convida, de modo especial, a oferecer ora\u00e7\u00f5es, sacrif\u00edcios e indulg\u00eancias pelos falecidos, como express\u00e3o concreta da caridade que ultrapassa a fronteira da morte.<\/p>\n<p style=\"text-align: justify;\">A indulg\u00eancia \u00e9 um dos tesouros espirituais mais antigos e belos da tradi\u00e7\u00e3o cat\u00f3lica. Segundo o <em>Catecismo da Igreja Cat\u00f3lica<\/em> (n. 1471), <em>\u201ca indulg\u00eancia \u00e9 a remiss\u00e3o diante de Deus da pena temporal devida pelos pecados j\u00e1 perdoados quanto \u00e0 culpa, que o fiel, devidamente disposto e sob certas condi\u00e7\u00f5es determinadas, obt\u00e9m pela a\u00e7\u00e3o da Igreja\u201d<\/em>. Em outras palavras, trata-se de uma express\u00e3o da miseric\u00f3rdia divina que, por meio da Igreja, alcan\u00e7a o fiel arrependido, libertando-o das consequ\u00eancias do pecado e aproximando-o mais de Deus.<\/p>\n<p style=\"text-align: justify;\">Durante o tempo em torno do dia 2 de novembro, a Igreja concede indulg\u00eancias especiais aplic\u00e1veis \u00e0s almas do purgat\u00f3rio. Entre os dias 1\u00ba e 8 de novembro, pode-se obter indulg\u00eancia plen\u00e1ria, uma vez por dia, visitando um cemit\u00e9rio e rezando, mesmo que mentalmente, pelos falecidos, cumprindo-se as condi\u00e7\u00f5es habituais: confiss\u00e3o sacramental, comunh\u00e3o eucar\u00edstica, ora\u00e7\u00e3o nas inten\u00e7\u00f5es do Santo Padre e o afastamento de todo apego ao pecado, inclusive o venial.<\/p>\n<p style=\"text-align: justify;\">Essa pr\u00e1tica, mais do que um simples ato devocional, \u00e9 uma profunda express\u00e3o de comunh\u00e3o espiritual. O que fazemos em favor dos defuntos n\u00e3o \u00e9 in\u00fatil nem simb\u00f3lico: \u00e9 eficaz pela gra\u00e7a de Cristo. Como ensina o livro de 2Macabeus 12,43-46, <em>\u201c\u00e9 um santo e piedoso pensamento rezar pelos mortos, para que sejam livres de seus pecados\u201d<\/em>. Desde os primeiros s\u00e9culos, os crist\u00e3os ofereceram ora\u00e7\u00f5es e sacrif\u00edcios pelos falecidos, especialmente durante a celebra\u00e7\u00e3o da Eucaristia, porque creram que o amor \u00e9 mais forte que a morte (cf. Ct 8,6).<\/p>\n<p style=\"text-align: justify;\">A indulg\u00eancia pelos mortos \u00e9, portanto, um gesto de amor que atravessa o tempo e o espa\u00e7o. Na l\u00f3gica do Evangelho, quem ama n\u00e3o esquece, mas intercede, oferece e espera. A ora\u00e7\u00e3o pelos defuntos \u00e9 sinal da nossa f\u00e9 na ressurrei\u00e7\u00e3o e da nossa confian\u00e7a na miseric\u00f3rdia divina. Jesus mesmo declarou: <em>\u201cEu sou a ressurrei\u00e7\u00e3o e a vida. Quem cr\u00ea em mim, ainda que morra, viver\u00e1\u201d<\/em> (Jo 11,25). Essa certeza sustenta a nossa esperan\u00e7a diante da saudade e do luto.<\/p>\n<p style=\"text-align: justify;\">A indulg\u00eancia tamb\u00e9m \u00e9 uma escola de humildade e solidariedade espiritual. Ao oferec\u00ea-la pelos outros, reconhecemos que todos precisamos da miseric\u00f3rdia divina e que ningu\u00e9m se salva sozinho. A comunh\u00e3o dos santos \u00e9 esse grande mist\u00e9rio de amor no qual o bem de um beneficia o outro, como ensina S\u00e3o Paulo: <em>\u201cSe um membro sofre, todos sofrem com ele; se um \u00e9 honrado, todos se alegram com ele\u201d<\/em> (1Cor 12,26).<\/p>\n<p style=\"text-align: justify;\">\u00c9 importante compreender que a indulg\u00eancia n\u00e3o substitui o arrependimento, nem \u00e9 um \u201catalho\u201d para o c\u00e9u, mas um dom que flui da abund\u00e2ncia da gra\u00e7a de Cristo e da intercess\u00e3o da Igreja. Ela \u00e9 um reflexo do amor redentor de Jesus, que \u201cse entregou por todos\u201d (1Tm 2,6) e abriu para n\u00f3s o caminho da salva\u00e7\u00e3o.<\/p>\n<p style=\"text-align: justify;\">No sil\u00eancio dos cemit\u00e9rios e nas preces em nossas casas e igrejas, esse tempo nos recorda que os que partiram continuam presentes em Deus. Rezamos por eles com o cora\u00e7\u00e3o cheio de esperan\u00e7a e, ao mesmo tempo, pedimos que, um dia, possamos nos unir plenamente a eles na gl\u00f3ria do Pai. Como diz o salmista: <em>\u201cO Senhor \u00e9 meu pastor, nada me faltar\u00e1&#8230; Ainda que eu atravesse o vale escuro, nenhum mal temerei, pois est\u00e1s comigo<\/em>\u201d (Sl 23,1.4).<\/p>\n<p style=\"text-align: justify;\">Convido, pois, cada fiel a viver intensamente este tempo de gra\u00e7a, oferecendo ora\u00e7\u00f5es, sacrif\u00edcios e indulg\u00eancias pelos defuntos, com f\u00e9 viva e cora\u00e7\u00e3o agradecido. Que essa pr\u00e1tica nos ajude a aprofundar nossa comunh\u00e3o com Cristo e com todos os irm\u00e3os e irm\u00e3s que nos precederam na f\u00e9.<\/p>\n<p style=\"text-align: justify;\">Que Maria, M\u00e3e da Igreja e Consoladora dos Aflitos, interceda por todos os que dormem no Senhor e fortale\u00e7a em n\u00f3s a esperan\u00e7a da vida eterna. E que o Senhor conceda aos nossos irm\u00e3os falecidos o descanso eterno, e a n\u00f3s, peregrinos, o dom da perseveran\u00e7a final.<\/p>\n<p style=\"text-align: justify;\"><em>\u201cO Senhor enxugar\u00e1 toda l\u00e1grima dos seus olhos, e a morte n\u00e3o existir\u00e1 mais; n\u00e3o haver\u00e1 luto, nem pranto, nem dor, porque as coisas antigas passaram\u201d<\/em> (Ap 21,4).<\/p>\n<p style=\"text-align: justify;\">Am\u00e9m.<\/p>\n","protected":false},"excerpt":{"rendered":"<p>Ao celebrarmos a Comemora\u00e7\u00e3o de Todos os Fi\u00e9is Defuntos, o nosso olhar de f\u00e9 se volta para o mist\u00e9rio da vida eterna e para a comunh\u00e3o dos santos, que une a Igreja peregrina, a Igreja padecente e a Igreja triunfante. Nesse contexto, a Igreja nos convida, de modo especial, a oferecer ora\u00e7\u00f5es, sacrif\u00edcios e indulg\u00eancias [&hellip;]<\/p>\n","protected":false},"author":5,"featured_media":55819,"comment_status":"open","ping_status":"closed","sticky":false,"template":"","format":"standard","meta":{"footnotes":""},"categories":[9],"tags":[],"class_list":["post-96204","post","type-post","status-publish","format-standard","has-post-thumbnail","hentry","category-artigos"],"_links":{"self":[{"href":"https:\/\/catolicanet.net\/wp-cnet\/wp-json\/wp\/v2\/posts\/96204","targetHints":{"allow":["GET"]}}],"collection":[{"href":"https:\/\/catolicanet.net\/wp-cnet\/wp-json\/wp\/v2\/posts"}],"about":[{"href":"https:\/\/catolicanet.net\/wp-cnet\/wp-json\/wp\/v2\/types\/post"}],"author":[{"embeddable":true,"href":"https:\/\/catolicanet.net\/wp-cnet\/wp-json\/wp\/v2\/users\/5"}],"replies":[{"embeddable":true,"href":"https:\/\/catolicanet.net\/wp-cnet\/wp-json\/wp\/v2\/comments?post=96204"}],"version-history":[{"count":1,"href":"https:\/\/catolicanet.net\/wp-cnet\/wp-json\/wp\/v2\/posts\/96204\/revisions"}],"predecessor-version":[{"id":96206,"href":"https:\/\/catolicanet.net\/wp-cnet\/wp-json\/wp\/v2\/posts\/96204\/revisions\/96206"}],"wp:featuredmedia":[{"embeddable":true,"href":"https:\/\/catolicanet.net\/wp-cnet\/wp-json\/wp\/v2\/media\/55819"}],"wp:attachment":[{"href":"https:\/\/catolicanet.net\/wp-cnet\/wp-json\/wp\/v2\/media?parent=96204"}],"wp:term":[{"taxonomy":"category","embeddable":true,"href":"https:\/\/catolicanet.net\/wp-cnet\/wp-json\/wp\/v2\/categories?post=96204"},{"taxonomy":"post_tag","embeddable":true,"href":"https:\/\/catolicanet.net\/wp-cnet\/wp-json\/wp\/v2\/tags?post=96204"}],"curies":[{"name":"wp","href":"https:\/\/api.w.org\/{rel}","templated":true}]}}