{"id":96188,"date":"2025-11-14T11:09:40","date_gmt":"2025-11-14T14:09:40","guid":{"rendered":"https:\/\/catolicanet.net\/wp-cnet\/?p=96188"},"modified":"2025-11-14T15:10:20","modified_gmt":"2025-11-14T18:10:20","slug":"por-que-voce-precisa-de-mais-um-sinal","status":"publish","type":"post","link":"https:\/\/catolicanet.net\/wp-cnet\/por-que-voce-precisa-de-mais-um-sinal\/","title":{"rendered":"Por que voc\u00ea precisa de mais um sinal?"},"content":{"rendered":"<p style=\"text-align: justify;\"><span class=\"SubHeading_subheading__NJ_eJ\" aria-label=\"post subtitle\">Se a f\u00e9 depende de sinais, ela terminar\u00e1 quando os sinais tamb\u00e9m terminarem<\/span><\/p>\n<div style=\"text-align: justify;\"><\/div>\n<div class=\"  \" style=\"text-align: justify;\">\n<p>H\u00e1 uma estranha rela\u00e7\u00e3o entre sinais e f\u00e9. Muitos est\u00e3o convencidos de que a f\u00e9 vem dos\u00a0<a href=\"https:\/\/pt.aleteia.org\/2022\/12\/25\/grandes-e-discretos-sinais-do-deus-que-vem-a-nos\/\" target=\"_blank\" rel=\"noreferrer noopener\">sinais<\/a>. Esse tipo de cren\u00e7a \u00e9 perigoso. Se a f\u00e9 depende de sinais, ent\u00e3o ela terminar\u00e1 quando os sinais tamb\u00e9m terminarem.<\/p>\n<\/div>\n<div class=\"  \" style=\"text-align: justify;\">\n<p>Na verdade, buscar sinais significa que algu\u00e9m est\u00e1 tentando a Deus. Se voc\u00ea est\u00e1 convencido de que Deus \u00e9 seu Pai, que Ele ama voc\u00ea e que Jesus deu a vida por voc\u00ea, de que adianta pedir mais sinais? Pedir sinais significa que, no fundo, voc\u00ea realmente n\u00e3o acredita.<\/p>\n<\/div>\n<div class=\"  \" style=\"text-align: justify;\">\n<p>Esse tipo de incredulidade muitas vezes vem da nossa dor, das nossas feridas. O diabo se baseia nisso para nos convencer de que Deus n\u00e3o existe \u2013 ou que, se existe, n\u00e3o nos ama de verdade. Esta \u00e9 a raz\u00e3o pela qual Jesus se recusa a agradar aos fariseus.<\/p>\n<\/div>\n<blockquote class=\"Quote_container__XMwM_\">\n<div class=\"  \">\n<p>Os fariseus se aproximaram e come\u00e7aram a discutir com ele, pedindo-lhe um sinal do c\u00e9u, para o tentarem. Ele suspirou profundamente em seu esp\u00edrito e disse: \u201cPor que esta gera\u00e7\u00e3o pede um sinal? Em verdade vos digo que nenhum sinal ser\u00e1 dado a esta gera\u00e7\u00e3o\u201d. Ele ent\u00e3o os deixou e, entrando novamente no barco, passou para o outro lado.<\/p>\n<\/div>\n<\/blockquote>\n<div style=\"text-align: justify;\"><\/div>\n<div class=\"  \">\n<p style=\"text-align: justify;\">Ora, \u00e9 preciso dizer que o Senhor nos d\u00e1 provas do seu amor. Ele nos d\u00e1 sinais claros de seu amor e cuidado. Mas esses sinais nos s\u00e3o dados gratuitamente: n\u00e3o s\u00e3o um direito nosso a ser reivindicado. Ele os concede exatamente quando precisamos deles. E quem conhece as nossas reais necessidades melhor do que Ele? Deixemos que Ele fa\u00e7a o que Ele quer.<\/p>\n<\/div>\n","protected":false},"excerpt":{"rendered":"<p>Se a f\u00e9 depende de sinais, ela terminar\u00e1 quando os sinais tamb\u00e9m terminarem H\u00e1 uma estranha rela\u00e7\u00e3o entre sinais e f\u00e9. Muitos est\u00e3o convencidos de que a f\u00e9 vem dos\u00a0sinais. Esse tipo de cren\u00e7a \u00e9 perigoso. Se a f\u00e9 depende de sinais, ent\u00e3o ela terminar\u00e1 quando os sinais tamb\u00e9m terminarem. Na verdade, buscar sinais significa [&hellip;]<\/p>\n","protected":false},"author":1,"featured_media":96189,"comment_status":"open","ping_status":"closed","sticky":false,"template":"","format":"standard","meta":{"footnotes":""},"categories":[4],"tags":[],"class_list":["post-96188","post","type-post","status-publish","format-standard","has-post-thumbnail","hentry","category-cotidiano"],"_links":{"self":[{"href":"https:\/\/catolicanet.net\/wp-cnet\/wp-json\/wp\/v2\/posts\/96188","targetHints":{"allow":["GET"]}}],"collection":[{"href":"https:\/\/catolicanet.net\/wp-cnet\/wp-json\/wp\/v2\/posts"}],"about":[{"href":"https:\/\/catolicanet.net\/wp-cnet\/wp-json\/wp\/v2\/types\/post"}],"author":[{"embeddable":true,"href":"https:\/\/catolicanet.net\/wp-cnet\/wp-json\/wp\/v2\/users\/1"}],"replies":[{"embeddable":true,"href":"https:\/\/catolicanet.net\/wp-cnet\/wp-json\/wp\/v2\/comments?post=96188"}],"version-history":[{"count":1,"href":"https:\/\/catolicanet.net\/wp-cnet\/wp-json\/wp\/v2\/posts\/96188\/revisions"}],"predecessor-version":[{"id":96191,"href":"https:\/\/catolicanet.net\/wp-cnet\/wp-json\/wp\/v2\/posts\/96188\/revisions\/96191"}],"wp:featuredmedia":[{"embeddable":true,"href":"https:\/\/catolicanet.net\/wp-cnet\/wp-json\/wp\/v2\/media\/96189"}],"wp:attachment":[{"href":"https:\/\/catolicanet.net\/wp-cnet\/wp-json\/wp\/v2\/media?parent=96188"}],"wp:term":[{"taxonomy":"category","embeddable":true,"href":"https:\/\/catolicanet.net\/wp-cnet\/wp-json\/wp\/v2\/categories?post=96188"},{"taxonomy":"post_tag","embeddable":true,"href":"https:\/\/catolicanet.net\/wp-cnet\/wp-json\/wp\/v2\/tags?post=96188"}],"curies":[{"name":"wp","href":"https:\/\/api.w.org\/{rel}","templated":true}]}}