{"id":96164,"date":"2025-11-14T10:57:11","date_gmt":"2025-11-14T13:57:11","guid":{"rendered":"https:\/\/catolicanet.net\/wp-cnet\/?p=96164"},"modified":"2025-11-14T14:58:13","modified_gmt":"2025-11-14T17:58:13","slug":"cardeais-do-sul-global-apresentam-na-cop30-o-documento-com-propostas-da-igreja-catolica-sobre-as-mudancas-climaticas","status":"publish","type":"post","link":"https:\/\/catolicanet.net\/wp-cnet\/cardeais-do-sul-global-apresentam-na-cop30-o-documento-com-propostas-da-igreja-catolica-sobre-as-mudancas-climaticas\/","title":{"rendered":"Cardeais do Sul Global apresentam na COP30 o documento com propostas da Igreja Cat\u00f3lica sobre as Mudan\u00e7as Clim\u00e1ticas"},"content":{"rendered":"<p style=\"text-align: justify;\">A Igreja Cat\u00f3lica, representada por cardeais do Sul Global (Am\u00e9rica Latina, \u00c1sia, \u00c1frica e Oceania), apresentou hoje \u00e0 Confer\u00eancia do Clima, no Pavilh\u00e3o da ONU, na Zona Azul, o<a href=\"https:\/\/www.cnbb.org.br\/wp-content\/uploads\/test-for-pdf\/PT_As-Igrejas-do-Sul-Global-por-ocasiao-da-COP30-4_compressed-1.pdf\">\u00a0documento \u201cUm chamado por justi\u00e7a clim\u00e1tica e a casa comum: convers\u00e3o ecol\u00f3gica, transforma\u00e7\u00e3o e resist\u00eancia \u00e0s falsas solu\u00e7\u00f5es\u201d.<\/a><\/p>\n<p style=\"text-align: justify;\">O documento, apresentado na Mesa de Debate: \u201cCuidado da Casa Comum\u201d \u2013 Di\u00e1logos sobre o Documento das Igrejas do Sul Global, rejeita solu\u00e7\u00f5es como o \u201ccapitalismo verde\u201d, exige que na\u00e7\u00f5es ricas paguem sua d\u00edvida ecol\u00f3gica e pede a\u00e7\u00f5es concretas para limitar o aquecimento global a\u00a01.5\u2218C.<\/p>\n<p style=\"text-align: justify;\"><strong>Acesse a \u00edntegra do documento<\/strong>\u00a0(<a href=\"https:\/\/www.cnbb.org.br\/wp-content\/uploads\/test-for-pdf\/PT_As-Igrejas-do-Sul-Global-por-ocasiao-da-COP30-4_compressed-1.pdf\">aqui<\/a>)<\/p>\n<p style=\"text-align: justify;\"><img loading=\"lazy\" decoding=\"async\" class=\"aligncenter wp-image-991438 size-large\" src=\"https:\/\/www.cnbb.org.br\/wp-content\/uploads\/2025\/11\/Sul-Global-plenario-1024x683.jpg\" sizes=\"auto, (max-width: 1024px) 100vw, 1024px\" srcset=\"https:\/\/www.cnbb.org.br\/wp-content\/uploads\/2025\/11\/Sul-Global-plenario-1024x683.jpg 1024w, https:\/\/www.cnbb.org.br\/wp-content\/uploads\/2025\/11\/Sul-Global-plenario-300x200.jpg 300w, https:\/\/www.cnbb.org.br\/wp-content\/uploads\/2025\/11\/Sul-Global-plenario-768x512.jpg 768w, https:\/\/www.cnbb.org.br\/wp-content\/uploads\/2025\/11\/Sul-Global-plenario-1536x1024.jpg 1536w, https:\/\/www.cnbb.org.br\/wp-content\/uploads\/2025\/11\/Sul-Global-plenario-2048x1365.jpg 2048w, https:\/\/www.cnbb.org.br\/wp-content\/uploads\/2025\/11\/Sul-Global-plenario-500x333.jpg 500w\" alt=\"\" width=\"1024\" height=\"683\" \/><\/p>\n<p style=\"text-align: justify;\">\n<p style=\"text-align: justify;\">\n<h3 style=\"text-align: justify;\">\u201cA Terra n\u00e3o \u00e9 um mero recurso a ser explorado\u201d<\/h3>\n<p style=\"text-align: justify;\">O arcebispo de Porto Alegre (RS), presidente da Confer\u00eancia Nacional dos Bispos do Brasil (CNBB) e do Conselho Episcopal e Caribenho (Celam), cardeal Jaime Spengler, pontuou que ap\u00f3s a celebra\u00e7\u00e3o do Acordo de Paris e o anivers\u00e1rio dos 10 anos da Enc\u00edclica Laudato Si\u2019 a bondade, a generosidade e a hospitalidade do planeta terra est\u00e1 em perigo. \u201cA terra n\u00e3o \u00e9 um mero recurso a ser explorado mas um organismo vivo que precisa ser escutado\u201d, disse.<\/p>\n<p style=\"text-align: justify;\"><img loading=\"lazy\" decoding=\"async\" class=\"size-medium wp-image-991433 alignleft\" src=\"https:\/\/www.cnbb.org.br\/wp-content\/uploads\/2025\/11\/Sul-Global-fala-dom-Jaime-1-300x200.jpg\" sizes=\"auto, (max-width: 300px) 100vw, 300px\" srcset=\"https:\/\/www.cnbb.org.br\/wp-content\/uploads\/2025\/11\/Sul-Global-fala-dom-Jaime-1-300x200.jpg 300w, https:\/\/www.cnbb.org.br\/wp-content\/uploads\/2025\/11\/Sul-Global-fala-dom-Jaime-1-1024x683.jpg 1024w, https:\/\/www.cnbb.org.br\/wp-content\/uploads\/2025\/11\/Sul-Global-fala-dom-Jaime-1-768x512.jpg 768w, https:\/\/www.cnbb.org.br\/wp-content\/uploads\/2025\/11\/Sul-Global-fala-dom-Jaime-1-1536x1024.jpg 1536w, https:\/\/www.cnbb.org.br\/wp-content\/uploads\/2025\/11\/Sul-Global-fala-dom-Jaime-1-2048x1365.jpg 2048w, https:\/\/www.cnbb.org.br\/wp-content\/uploads\/2025\/11\/Sul-Global-fala-dom-Jaime-1-500x333.jpg 500w\" alt=\"\" width=\"300\" height=\"200\" \/>Dom Jaime disse que os povos da \u00c1frica, \u00c1sia, Oceania e Am\u00e9rica Latina, querem ser ouvidos, desejam participar dos espa\u00e7os de di\u00e1logos e colaborar na constru\u00e7\u00e3o para fazer frente aos desafios das mudan\u00e7as clim\u00e1ticas.<\/p>\n<p style=\"text-align: justify;\">O cardeal afirmou que a humanidade est\u00e1 vivendo uma crise multifacetada e uma de suas manifesta\u00e7\u00f5es \u00e9 a aproxima\u00e7\u00e3o r\u00e1pida de um colapso clim\u00e1tico. \u201cN\u00e3o faltam vozes autorizadas a nos alertar sobre a aproxima\u00e7\u00e3o do ponto de n\u00e3o retorno\u201d, pontuou.<\/p>\n<blockquote><p>Como alternativa, o arcebispo de Porto Alegre apontou a urg\u00eancia de criar, promover e apoiar redes de solidariedade e desenvolvimento marcadas por princ\u00edpios \u00e9ticos. \u201cA Igreja empenha em cooperar, a partir daquilo que lhe \u00e9 caracter\u00edstico, na recomposi\u00e7\u00e3o de tecidos sociais rompidos. \u201cN\u00e3o teremos paz e um progresso aut\u00eantico se n\u00e3o resgatarmos a confian\u00e7a uns nos outros e se n\u00e3o assumirmos as responsabilidades comuns\u201d, disse.<\/p><\/blockquote>\n<h3 style=\"text-align: justify;\">Crise clim\u00e1tica precisa de solu\u00e7\u00e3o integral<\/h3>\n<p style=\"text-align: justify;\"><img loading=\"lazy\" decoding=\"async\" class=\"size-medium wp-image-991434 alignright\" src=\"https:\/\/www.cnbb.org.br\/wp-content\/uploads\/2025\/11\/Sul-Global-Congo-300x200.jpg\" sizes=\"auto, (max-width: 300px) 100vw, 300px\" srcset=\"https:\/\/www.cnbb.org.br\/wp-content\/uploads\/2025\/11\/Sul-Global-Congo-300x200.jpg 300w, https:\/\/www.cnbb.org.br\/wp-content\/uploads\/2025\/11\/Sul-Global-Congo-1024x683.jpg 1024w, https:\/\/www.cnbb.org.br\/wp-content\/uploads\/2025\/11\/Sul-Global-Congo-768x512.jpg 768w, https:\/\/www.cnbb.org.br\/wp-content\/uploads\/2025\/11\/Sul-Global-Congo-1536x1024.jpg 1536w, https:\/\/www.cnbb.org.br\/wp-content\/uploads\/2025\/11\/Sul-Global-Congo-2048x1365.jpg 2048w, https:\/\/www.cnbb.org.br\/wp-content\/uploads\/2025\/11\/Sul-Global-Congo-500x333.jpg 500w\" alt=\"\" width=\"300\" height=\"200\" \/>O presidente do Simp\u00f3sio das Confer\u00eancias Episcopais da \u00c1frica e Madagascar (Secam), o cardeal Fridolin Ambongo, de Quinxassa, da Rep\u00fablica Democr\u00e1tica do Congo, afirmou que o\u00a0documento cita uma proposta de solu\u00e7\u00e3o n\u00e3o s\u00f3 sustent\u00e1vel, mas integral e que a solu\u00e7\u00e3o para a crise clim\u00e1tica n\u00e3o pode ser uma abordagem fragmentada.<\/p>\n<blockquote><p>Ele apontou a necessidade de que as negocia\u00e7\u00f5es na COP30 sejam pautadas pela \u00e9tica e tamb\u00e9m que os povos ind\u00edgenas e tradicionais sejam considerados nas propostas de prote\u00e7\u00e3o florestal. \u201cOs financiamentos ambientais n\u00e3o podem ser baseados em d\u00e9bitos ambientais, uma vez que foi\u00a0 causado por um desequil\u00edbrio entre o Norte e o Sul global\u201d, pontuou.<\/p><\/blockquote>\n<p style=\"text-align: justify;\">O cardeal falou da necessidade de uma revis\u00e3o dessa d\u00edvida com maior responsabiliza\u00e7\u00e3o dos pa\u00edses que mais provocaram a crise clim\u00e1tica. \u201cN\u00e3o podemos continuar a agir como se f\u00f4ssemos os \u00faltimos seres humanos a agir. Fa\u00e7o um apelo para que todos trabalhem juntos, lado a lado, porque a humanidade depende da Terra. As gera\u00e7\u00f5es futuras tamb\u00e9m t\u00eam o direito de viver em um planeta habit\u00e1vel\u201d, ressaltou.<\/p>\n<h3 style=\"text-align: justify;\">Fundo de financiamento a pa\u00edses pobres<\/h3>\n<p style=\"text-align: justify;\"><img loading=\"lazy\" decoding=\"async\" class=\"size-medium wp-image-991435 alignleft\" src=\"https:\/\/www.cnbb.org.br\/wp-content\/uploads\/2025\/11\/Sul-Global-Filipe-Neri-300x200.jpg\" sizes=\"auto, (max-width: 300px) 100vw, 300px\" srcset=\"https:\/\/www.cnbb.org.br\/wp-content\/uploads\/2025\/11\/Sul-Global-Filipe-Neri-300x200.jpg 300w, https:\/\/www.cnbb.org.br\/wp-content\/uploads\/2025\/11\/Sul-Global-Filipe-Neri-1024x683.jpg 1024w, https:\/\/www.cnbb.org.br\/wp-content\/uploads\/2025\/11\/Sul-Global-Filipe-Neri-768x512.jpg 768w, https:\/\/www.cnbb.org.br\/wp-content\/uploads\/2025\/11\/Sul-Global-Filipe-Neri-1536x1024.jpg 1536w, https:\/\/www.cnbb.org.br\/wp-content\/uploads\/2025\/11\/Sul-Global-Filipe-Neri-2048x1365.jpg 2048w, https:\/\/www.cnbb.org.br\/wp-content\/uploads\/2025\/11\/Sul-Global-Filipe-Neri-500x333.jpg 500w\" alt=\"\" width=\"300\" height=\"200\" \/>O presidente das confer\u00eancias Episcopais da \u00c1sia, o arcebispo de Goa e Dam\u00e3o, cardeal Felipi Neri Ferr\u00e3o, apontou a exist\u00eancia, em seu continente, a de uma diversidade cultural e ambiental. \u201cEstamos nos juntando a esse apelo global\u201d, disse.<\/p>\n<p style=\"text-align: justify;\">O cardeal apresentou estimativas da d\u00edvida global do Norte com o Sul Global que passa de 1 trilh\u00e3o de d\u00f3lares, com a defesa de que \u00e9 necess\u00e1rio criar um financiamento que seja justo com os pa\u00edses mais pobres e prejudicados. \u201cN\u00f3s apelamos que a COP 30 n\u00e3o seja mais s\u00f3 um evento, que ela gere uma virada\u201d, afirmou.<\/p>\n<h3 style=\"text-align: justify;\">Entrega do documento \u00e0 ONU<\/h3>\n<p style=\"text-align: justify;\">No final da Mesa de Debate, o membro do gabinete executivo da ONU (UNFCCC), Gustavo Ma\u00f1ez, enalteceu a participa\u00e7\u00e3o da Igreja e da articula\u00e7\u00e3o da Igreja Cat\u00f3lica na COP30. O cardeais entregaram a ele uma c\u00f3pia do documento e tamb\u00e9m um texto-base da Campanha da Fraternidade 2025 que tratou do tema: \u201cFraternidade e Ecologia Integral\u201d.<\/p>\n<p style=\"text-align: justify;\"><img loading=\"lazy\" decoding=\"async\" class=\"aligncenter wp-image-991450 size-large\" src=\"https:\/\/www.cnbb.org.br\/wp-content\/uploads\/2025\/11\/Sul-Global-entrega-documento-1024x576.jpg\" sizes=\"auto, (max-width: 1024px) 100vw, 1024px\" srcset=\"https:\/\/www.cnbb.org.br\/wp-content\/uploads\/2025\/11\/Sul-Global-entrega-documento-1024x576.jpg 1024w, https:\/\/www.cnbb.org.br\/wp-content\/uploads\/2025\/11\/Sul-Global-entrega-documento-300x169.jpg 300w, https:\/\/www.cnbb.org.br\/wp-content\/uploads\/2025\/11\/Sul-Global-entrega-documento-768x432.jpg 768w, https:\/\/www.cnbb.org.br\/wp-content\/uploads\/2025\/11\/Sul-Global-entrega-documento-500x281.jpg 500w, https:\/\/www.cnbb.org.br\/wp-content\/uploads\/2025\/11\/Sul-Global-entrega-documento.jpg 1280w\" alt=\"\" width=\"1024\" height=\"576\" \/><\/p>\n<pre>Por Willian Bonfim com fotos de Paulo Augusto Cruz<\/pre>\n","protected":false},"excerpt":{"rendered":"<p>A Igreja Cat\u00f3lica, representada por cardeais do Sul Global (Am\u00e9rica Latina, \u00c1sia, \u00c1frica e Oceania), apresentou hoje \u00e0 Confer\u00eancia do Clima, no Pavilh\u00e3o da ONU, na Zona Azul, o\u00a0documento \u201cUm chamado por justi\u00e7a clim\u00e1tica e a casa comum: convers\u00e3o ecol\u00f3gica, transforma\u00e7\u00e3o e resist\u00eancia \u00e0s falsas solu\u00e7\u00f5es\u201d. O documento, apresentado na Mesa de Debate: \u201cCuidado da [&hellip;]<\/p>\n","protected":false},"author":1,"featured_media":96165,"comment_status":"open","ping_status":"closed","sticky":false,"template":"","format":"standard","meta":{"footnotes":""},"categories":[7,13],"tags":[],"class_list":["post-96164","post","type-post","status-publish","format-standard","has-post-thumbnail","hentry","category-cnbb","category-featured"],"_links":{"self":[{"href":"https:\/\/catolicanet.net\/wp-cnet\/wp-json\/wp\/v2\/posts\/96164","targetHints":{"allow":["GET"]}}],"collection":[{"href":"https:\/\/catolicanet.net\/wp-cnet\/wp-json\/wp\/v2\/posts"}],"about":[{"href":"https:\/\/catolicanet.net\/wp-cnet\/wp-json\/wp\/v2\/types\/post"}],"author":[{"embeddable":true,"href":"https:\/\/catolicanet.net\/wp-cnet\/wp-json\/wp\/v2\/users\/1"}],"replies":[{"embeddable":true,"href":"https:\/\/catolicanet.net\/wp-cnet\/wp-json\/wp\/v2\/comments?post=96164"}],"version-history":[{"count":1,"href":"https:\/\/catolicanet.net\/wp-cnet\/wp-json\/wp\/v2\/posts\/96164\/revisions"}],"predecessor-version":[{"id":96167,"href":"https:\/\/catolicanet.net\/wp-cnet\/wp-json\/wp\/v2\/posts\/96164\/revisions\/96167"}],"wp:featuredmedia":[{"embeddable":true,"href":"https:\/\/catolicanet.net\/wp-cnet\/wp-json\/wp\/v2\/media\/96165"}],"wp:attachment":[{"href":"https:\/\/catolicanet.net\/wp-cnet\/wp-json\/wp\/v2\/media?parent=96164"}],"wp:term":[{"taxonomy":"category","embeddable":true,"href":"https:\/\/catolicanet.net\/wp-cnet\/wp-json\/wp\/v2\/categories?post=96164"},{"taxonomy":"post_tag","embeddable":true,"href":"https:\/\/catolicanet.net\/wp-cnet\/wp-json\/wp\/v2\/tags?post=96164"}],"curies":[{"name":"wp","href":"https:\/\/api.w.org\/{rel}","templated":true}]}}