{"id":96160,"date":"2025-11-14T10:47:35","date_gmt":"2025-11-14T13:47:35","guid":{"rendered":"https:\/\/catolicanet.net\/wp-cnet\/?p=96160"},"modified":"2025-11-14T14:50:13","modified_gmt":"2025-11-14T17:50:13","slug":"leao-xiv-redescobrir-a-caridade-cotidiana-livre-da-escravidao-das-aparencias","status":"publish","type":"post","link":"https:\/\/catolicanet.net\/wp-cnet\/leao-xiv-redescobrir-a-caridade-cotidiana-livre-da-escravidao-das-aparencias\/","title":{"rendered":"Le\u00e3o XIV: redescobrir a caridade cotidiana, livre da escravid\u00e3o das apar\u00eancias"},"content":{"rendered":"<div class=\"article__subTitle\" style=\"text-align: justify;\">O Papa recebeu em audi\u00eancia as monjas da Federa\u00e7\u00e3o dos Mosteiros Agostinianos da It\u00e1lia, &#8220;M\u00e3e do Bom Conselho&#8221;, e se concentrou em tr\u00eas aspectos de sua &#8220;miss\u00e3o de serem contemplativas na Igreja hoje&#8221;: &#8220;Viver e testemunhar a alegria da uni\u00e3o com Deus&#8221; e &#8220;o testemunho da caridade&#8221;. &#8220;Que o exemplo de amor silencioso e oculto de voc\u00eas seja de ajuda&#8221; para o mundo de hoje, disse o Pont\u00edfice.<\/div>\n<div class=\"title__separator\" style=\"text-align: justify;\"><\/div>\n<div class=\"article__text\">\n<p style=\"text-align: justify;\"><b>Tiziana Campisi \u2013 Vatican News<\/b><\/p>\n<div style=\"text-align: justify;\">\n<div class=\"article__embed article__embed--border embed_style\">\n<blockquote><p>\u201cN\u00e3o sei se \u00e9 Provid\u00eancia ou mera coincid\u00eancia estarmos aqui no dia 13 de novembro, festa de todos os santos da Ordem. Que presente maravilhoso para todos!\u201d<\/p><\/blockquote>\n<\/div>\n<\/div>\n<p style=\"text-align: justify;\">Le\u00e3o XIV, religioso agostiniano, n\u00e3o escondeu sua alegria ao chegar \u00e0 Sala do Consist\u00f3rio na Resid\u00eancia Apost\u00f3lica Vaticana. A Ordem \u00e0 qual ele pertence celebra, nesta quinta-feira, 13 de novembro, o anivers\u00e1rio do nascimento de Santo Agostinho e de todos aqueles que na Igreja seguiram seus passos. A audi\u00eancia \u00e0s monjas da Federa\u00e7\u00e3o dos Mosteiros Agostinianos da It\u00e1lia, &#8220;M\u00e3e do Bom Conselho&#8221;, reunidas em Roma desde a \u00faltima segunda-feira para sua assembleia ordin\u00e1ria, tamb\u00e9m \u00e9 um momento de alegria. Para selar o momento, ao final do encontro, as religiosas presentearam o Papa com uma reprodu\u00e7\u00e3o em cer\u00e2mica do bras\u00e3o agostiniano, que simboliza a convers\u00e3o do grande Padre da Igreja, um cora\u00e7\u00e3o transpassado pela Palavra que arde de amor, produzida pela oficina do Mosteiro de Santo Agostinho em Rossano.<\/p>\n<div style=\"text-align: justify;\">\n<div class=\"article__embed article__embed--unwrap article__embed--dark\">\n<div class=\"article__innerTitle\">Ou\u00e7a e compartilhe<\/div>\n<div>\n<!--[if lt IE 9]><script>document.createElement('audio');<\/script><![endif]-->\n<audio class=\"wp-audio-shortcode\" id=\"audio-96160-1\" preload=\"none\" style=\"width: 100%;\" controls=\"controls\"><source type=\"audio\/mpeg\" src=\"https:\/\/media.vaticannews.va\/media2\/audio\/s1\/2025\/11\/13\/18\/138881761_F138881761.mp3?_=1\" \/><a href=\"https:\/\/media.vaticannews.va\/media2\/audio\/s1\/2025\/11\/13\/18\/138881761_F138881761.mp3\">https:\/\/media.vaticannews.va\/media2\/audio\/s1\/2025\/11\/13\/18\/138881761_F138881761.mp3<\/a><\/audio>\n<\/div>\n<\/div>\n<\/div>\n<h2 style=\"text-align: justify;\">Caminhar juntos<\/h2>\n<p style=\"text-align: justify;\">O Papa saudou a rec\u00e9m-eleita presidente, irm\u00e3 Mariarosa Guerrini, do mosteiro de Santa Clara da Cruz em Montefalco, agradeceu &#8220;quem a precedeu pelo trabalho realizado&#8221; e enfatizou que a Federa\u00e7\u00e3o &#8220;M\u00e3e do Bom Conselho&#8221; &#8220;une diversas realidades mon\u00e1sticas, unidas pelo mesmo carisma&#8221;, um aspecto particularmente significativo &#8220;num momento em que toda a Igreja est\u00e1 comprometida em aprofundar e promover a sua dimens\u00e3o sinodal&#8221;. A este respeito, o Pont\u00edfice destacou a import\u00e2ncia de &#8220;caminhar juntos&#8221; na &#8220;sequela Christi&#8221;, enfatizada pelo Papa Francisco na abertura do S\u00ednodo sobre a Sinodalidade em 10 de outubro de 2021, encorajando a &#8220;escutar unidos a voz do Esp\u00edrito&#8221;, a voltar-se para o outro e a deixar-se &#8220;tocar pelas perguntas dos nossos irm\u00e3os e irm\u00e3s, [&#8230;] para que a diversidade [&#8230;] nos enrique\u00e7a&#8221;. Na pr\u00e1tica, este \u00e9 &#8220;um testemunho prof\u00e9tico de caridade particularmente \u00fatil hoje&#8221; no mundo atual, &#8220;cada vez menos dispon\u00edvel ao di\u00e1logo e \u00e0 partilha&#8221;.<\/p>\n<div style=\"text-align: justify;\">\n<div class=\"article__embed article__embed--unwrap article__embed--photo\">\n<figure><picture><img decoding=\"async\" class=\"loaded\" title=\"Um momento da audi\u00eancia\" src=\"https:\/\/www.vaticannews.va\/content\/dam\/vaticannews\/agenzie\/images\/srv\/2025\/11\/13\/2025-11-13-partecipanti-all-incontro-della-federazione-monasteri\/1763030822895.JPG\/_jcr_content\/renditions\/cq5dam.thumbnail.cropped.750.422.jpeg\" alt=\"Um momento da audi\u00eancia\" data-original=\"\/content\/dam\/vaticannews\/agenzie\/images\/srv\/2025\/11\/13\/2025-11-13-partecipanti-all-incontro-della-federazione-monasteri\/1763030822895.JPG\/_jcr_content\/renditions\/cq5dam.thumbnail.cropped.750.422.jpeg\" data-was-processed=\"true\" \/><\/picture><\/figure>\n<div class=\"photo_embed--Title\">Um momento da audi\u00eancia \u00a0 (@VATICAN MEDIA)<\/div>\n<\/div>\n<\/div>\n<h2 style=\"text-align: justify;\">Tr\u00eas aspectos para reflex\u00e3o<\/h2>\n<p style=\"text-align: justify;\">O Papa Le\u00e3o proferiu um discurso intenso \u00e0s monjas, de inspira\u00e7\u00e3o agostiniana, detendo-se na sua &#8220;miss\u00e3o de serem contemplativas na Igreja hoje&#8221; e propondo tr\u00eas aspectos sobre os quais refletir: &#8220;Viver e testemunhar a alegria da uni\u00e3o com Deus&#8221;, &#8220;o testemunho da caridade&#8221; e a realidade da Federa\u00e7\u00e3o.<\/p>\n<h2 style=\"text-align: justify;\">Viver e testemunhar a alegria da uni\u00e3o com Deus<\/h2>\n<p style=\"text-align: justify;\">Sobre o primeiro aspecto, &#8220;viver e testemunhar a alegria da uni\u00e3o com Deus&#8221;, o Papa lembrou que Santo Agostinho escreveu v\u00e1rias vezes sobre o assunto e citou as Confiss\u00f5es, onde ele \u201cfala de uma alegria concedida \u00e0queles que servem ao Senhor por puro amor\u201d e diz que \u201ca felicidade\u201d \u00e9 \u201cdesfrutar\u201d por Deus, de Deus, por causa de Deus, \u201cfora isso, n\u00e3o h\u00e1 outra\u201d.<\/p>\n<div style=\"text-align: justify;\">\n<div class=\"article__embed article__embed--border embed_style\">\n<blockquote><p>\u201cA plena alegria do ser humano, especialmente dos crist\u00e3os, reside na comunh\u00e3o com o Senhor, nessa intimidade com o Esposo celeste a quem voc\u00eas, por voca\u00e7\u00e3o, dedicam toda a sua vida.\u201d<\/p><\/blockquote>\n<\/div>\n<\/div>\n<p style=\"text-align: justify;\">Este era um &#8220;grande desejo&#8221; do Bispo de Hipona, &#8220;um sonho que ele teve de abandonar devido aos compromissos do seu minist\u00e9rio&#8221;, explicou o Pont\u00edfice, que pediu \u00e0s monjas um compromisso concreto.<\/p>\n<div style=\"text-align: justify;\">\n<div class=\"article__embed article__embed--border embed_style\">\n<blockquote><p>\u201cMeu primeiro convite a voc\u00eas, portanto, \u00e9 que se dediquem com amor incondicional a este chamado, abra\u00e7ando com paix\u00e3o a vida claustral: a liturgia, a ora\u00e7\u00e3o comum e pessoal, a adora\u00e7\u00e3o, a medita\u00e7\u00e3o na Palavra de Deus e a ajuda rec\u00edproca na vida comunit\u00e1ria. Isso lhes dar\u00e1 paz e consolo, e a quem bate \u00e0s portas de seus mosteiros, uma mensagem de esperan\u00e7a mais eloquente do que mil palavras.\u201d<\/p><\/blockquote>\n<\/div>\n<\/div>\n<div style=\"text-align: justify;\">\n<div class=\"article__embed article__embed--unwrap article__embed--photo\">\n<figure><picture><img decoding=\"async\" class=\"loaded\" title=\"O Papa e a nova presidente da Federa\u00e7\u00e3o dos Mosteiros Agostinianos da It\u00e1lia, Irm\u00e3 Maria Rosa Guerrini\" src=\"https:\/\/www.vaticannews.va\/content\/dam\/vaticannews\/agenzie\/images\/srv\/2025\/11\/13\/2025-11-13-partecipanti-all-incontro-della-federazione-monasteri\/1763030842296.JPG\/_jcr_content\/renditions\/cq5dam.thumbnail.cropped.750.422.jpeg\" alt=\"O Papa e a nova presidente da Federa\u00e7\u00e3o dos Mosteiros Agostinianos da It\u00e1lia, Irm\u00e3 Maria Rosa Guerrini\" data-original=\"\/content\/dam\/vaticannews\/agenzie\/images\/srv\/2025\/11\/13\/2025-11-13-partecipanti-all-incontro-della-federazione-monasteri\/1763030842296.JPG\/_jcr_content\/renditions\/cq5dam.thumbnail.cropped.750.422.jpeg\" data-was-processed=\"true\" \/><\/picture><\/figure>\n<div class=\"photo_embed--Title\">O Papa e a nova presidente da Federa\u00e7\u00e3o dos Mosteiros Agostinianos da It\u00e1lia, Irm\u00e3 Maria Rosa Guerrini \u00a0 (@VATICAN MEDIA)<\/div>\n<\/div>\n<\/div>\n<h2 style=\"text-align: justify;\">O testemunho da caridade<\/h2>\n<p style=\"text-align: justify;\">A respeito do &#8220;testemunho da caridade&#8221;, Le\u00e3o XVI recordou a recomenda\u00e7\u00e3o de &#8220;imitar em comunh\u00e3o fraterna a vida da primeira comunidade crist\u00e3&#8221; contida na Regra de Santo Agostinho. O Doutor da Gra\u00e7a desejava que as normas que escreveu fossem observadas &#8220;com amor&#8221;, &#8220;como apaixonados da beleza espiritual que exalam o bom perfume de Cristo de sua santa conviv\u00eancia&#8221;. O Papa exortou as religiosas de clausura a &#8220;espalharem o bom perfume de Deus no mundo&#8221;, amando-se reciprocamente &#8220;com afeto sincero, como irm\u00e3s&#8221;, e levando &#8220;em seus cora\u00e7\u00f5es, em segredo, todo homem e mulher deste mundo, para apresent\u00e1-los ao Pai&#8221; em ora\u00e7\u00e3o. Ele as exortou a &#8220;prestarem aten\u00e7\u00e3o e a cuidarem umas das outras&#8221; e a serem &#8220;um modelo de cuidado para todos, onde quer que a necessidade o exija e as circunst\u00e2ncias o permitam&#8221;, tudo isso &#8220;sem alarde&#8221;.<\/p>\n<div style=\"text-align: justify;\">\n<div class=\"article__embed article__embed--border embed_style\">\n<blockquote><p>\u201cNuma sociedade t\u00e3o focada na exterioridade, onde, para ganhar destaque e aplausos, por vezes n\u00e3o se hesita em violar o respeito pelas pessoas e seus sentimentos, que o seu exemplo de amor silencioso e discreto ajude a redescobrir o valor da caridade quotidiana e discreta, centrada na ess\u00eancia do querer bem e livre da escravid\u00e3o das apar\u00eancias.\u201d<\/p><\/blockquote>\n<\/div>\n<\/div>\n<div style=\"text-align: justify;\">\n<div class=\"article__embed article__embed--unwrap article__embed--photo\">\n<figure><picture><img decoding=\"async\" class=\"loaded\" title=\"As monjas na Sala do Consist\u00f3rio com o Papa Le\u00e3o\" src=\"https:\/\/www.vaticannews.va\/content\/dam\/vaticannews\/agenzie\/images\/srv\/2025\/11\/13\/2025-11-13-partecipanti-all-incontro-della-federazione-monasteri\/1763030821455.JPG\/_jcr_content\/renditions\/cq5dam.thumbnail.cropped.750.422.jpeg\" alt=\"As monjas na Sala do Consist\u00f3rio com o Papa Le\u00e3o\" data-original=\"\/content\/dam\/vaticannews\/agenzie\/images\/srv\/2025\/11\/13\/2025-11-13-partecipanti-all-incontro-della-federazione-monasteri\/1763030821455.JPG\/_jcr_content\/renditions\/cq5dam.thumbnail.cropped.750.422.jpeg\" data-was-processed=\"true\" \/><\/picture><\/figure>\n<div class=\"photo_embed--Title\">As monjas na Sala do Consist\u00f3rio com o Papa Le\u00e3o \u00a0 (@VATICAN MEDIA)<\/div>\n<\/div>\n<\/div>\n<h2 style=\"text-align: justify;\">A Federa\u00e7\u00e3o<\/h2>\n<p style=\"text-align: justify;\">Por fim, Leone reiterou o convite \u00e0 &#8220;forma associativa&#8221; na vida mon\u00e1stica, defendida por Pio XII na Constitui\u00e7\u00e3o Apost\u00f3lica Sponsa Christi, para &#8220;uma distribui\u00e7\u00e3o mais f\u00e1cil e conveniente dos of\u00edcios, uma transfer\u00eancia tempor\u00e1ria \u00fatil e muitas vezes necess\u00e1ria, por v\u00e1rios motivos, de religiosas de um mosteiro para outro, ajuda financeira rec\u00edproca, coordena\u00e7\u00e3o de trabalho, defesa da observ\u00e2ncia comum e outras raz\u00f5es&#8221;. Da parte do Papa Francisco na Vultum Dei quaerere, &#8220;seguiram-se diretrizes de implementa\u00e7\u00e3o precisas na Instru\u00e7\u00e3o Cor orans&#8221;, para que &#8220;os mosteiros que compartilham o mesmo carisma n\u00e3o permane\u00e7am isolados, mas o preservem na fidelidade e, oferecendo-se mutuamente apoio fraterno, vivam o valor indispens\u00e1vel da comunh\u00e3o&#8221;. Essas medidas destacam &#8220;o quanto a Igreja valoriza as formas de colabora\u00e7\u00e3o&#8221;, disse o Papa, que tamb\u00e9m v\u00ea com bons olhos &#8220;as iniciativas propostas, inclusive no \u00e2mbito nacional, e se abre, quando necess\u00e1rio, a oportunidades especiais de apoio, como a filia\u00e7\u00e3o&#8221;. &#8220;Um desafio exigente&#8221;, mas que deve ser enfrentado &#8220;mesmo ao custo de escolhas e sacrif\u00edcios dif\u00edceis&#8221; e &#8220;superando&#8221; a tenta\u00e7\u00e3o da &#8220;autorreferencialidade&#8221;, que Le\u00e3o sugere enfrentar levando a s\u00e9rio o que Santo Agostinho escreve em Contra Fausto: &#8220;O que voc\u00ea deseja \u00e9 belo e supremamente digno de ser amado [&#8230;]. Que este ardor o ajude n\u00e3o a rejeitar a ordem, mas sim a aceit\u00e1-la, pois sem ela n\u00e3o se pode alcan\u00e7ar aquilo que se ama t\u00e3o ardentemente.&#8221;<\/p>\n<div>\n<div class=\"article__embed article__embed--unwrap article__embed--photo\">\n<figure><picture><img decoding=\"async\" class=\"loaded\" title=\"As monjas na Sala do Consist\u00f3rio com o Papa Le\u00e3o\" src=\"https:\/\/www.vaticannews.va\/content\/dam\/vaticannews\/agenzie\/images\/srv\/2025\/11\/13\/2025-11-13-partecipanti-all-incontro-della-federazione-monasteri\/1763030825527.JPG\/_jcr_content\/renditions\/cq5dam.thumbnail.cropped.750.422.jpeg\" alt=\"As monjas na Sala do Consist\u00f3rio com o Papa Le\u00e3o\" data-original=\"\/content\/dam\/vaticannews\/agenzie\/images\/srv\/2025\/11\/13\/2025-11-13-partecipanti-all-incontro-della-federazione-monasteri\/1763030825527.JPG\/_jcr_content\/renditions\/cq5dam.thumbnail.cropped.750.422.jpeg\" data-was-processed=\"true\" \/><\/picture><\/figure>\n<div class=\"photo_embed--Title\">As monjas na Sala do Consist\u00f3rio com o Papa Le\u00e3o \u00a0 (@VATICAN MEDIA)<\/div>\n<\/div>\n<\/div>\n<\/div>\n","protected":false},"excerpt":{"rendered":"<p>O Papa recebeu em audi\u00eancia as monjas da Federa\u00e7\u00e3o dos Mosteiros Agostinianos da It\u00e1lia, &#8220;M\u00e3e do Bom Conselho&#8221;, e se concentrou em tr\u00eas aspectos de sua &#8220;miss\u00e3o de serem contemplativas na Igreja hoje&#8221;: &#8220;Viver e testemunhar a alegria da uni\u00e3o com Deus&#8221; e &#8220;o testemunho da caridade&#8221;. &#8220;Que o exemplo de amor silencioso e oculto [&hellip;]<\/p>\n","protected":false},"author":1,"featured_media":96161,"comment_status":"open","ping_status":"closed","sticky":false,"template":"","format":"standard","meta":{"footnotes":""},"categories":[3],"tags":[],"class_list":["post-96160","post","type-post","status-publish","format-standard","has-post-thumbnail","hentry","category-vaticano"],"_links":{"self":[{"href":"https:\/\/catolicanet.net\/wp-cnet\/wp-json\/wp\/v2\/posts\/96160","targetHints":{"allow":["GET"]}}],"collection":[{"href":"https:\/\/catolicanet.net\/wp-cnet\/wp-json\/wp\/v2\/posts"}],"about":[{"href":"https:\/\/catolicanet.net\/wp-cnet\/wp-json\/wp\/v2\/types\/post"}],"author":[{"embeddable":true,"href":"https:\/\/catolicanet.net\/wp-cnet\/wp-json\/wp\/v2\/users\/1"}],"replies":[{"embeddable":true,"href":"https:\/\/catolicanet.net\/wp-cnet\/wp-json\/wp\/v2\/comments?post=96160"}],"version-history":[{"count":1,"href":"https:\/\/catolicanet.net\/wp-cnet\/wp-json\/wp\/v2\/posts\/96160\/revisions"}],"predecessor-version":[{"id":96163,"href":"https:\/\/catolicanet.net\/wp-cnet\/wp-json\/wp\/v2\/posts\/96160\/revisions\/96163"}],"wp:featuredmedia":[{"embeddable":true,"href":"https:\/\/catolicanet.net\/wp-cnet\/wp-json\/wp\/v2\/media\/96161"}],"wp:attachment":[{"href":"https:\/\/catolicanet.net\/wp-cnet\/wp-json\/wp\/v2\/media?parent=96160"}],"wp:term":[{"taxonomy":"category","embeddable":true,"href":"https:\/\/catolicanet.net\/wp-cnet\/wp-json\/wp\/v2\/categories?post=96160"},{"taxonomy":"post_tag","embeddable":true,"href":"https:\/\/catolicanet.net\/wp-cnet\/wp-json\/wp\/v2\/tags?post=96160"}],"curies":[{"name":"wp","href":"https:\/\/api.w.org\/{rel}","templated":true}]}}