{"id":96119,"date":"2025-11-12T09:49:32","date_gmt":"2025-11-12T12:49:32","guid":{"rendered":"https:\/\/catolicanet.net\/wp-cnet\/?p=96119"},"modified":"2025-11-12T11:51:08","modified_gmt":"2025-11-12T14:51:08","slug":"papa-se-encontrara-com-artistas-do-cinema-de-atores-a-diretores","status":"publish","type":"post","link":"https:\/\/catolicanet.net\/wp-cnet\/papa-se-encontrara-com-artistas-do-cinema-de-atores-a-diretores\/","title":{"rendered":"Papa se encontrar\u00e1 com artistas do cinema, de atores a diretores"},"content":{"rendered":"<div class=\"article__subTitle\" style=\"text-align: justify;\">A audi\u00eancia est\u00e1 prevista para s\u00e1bado, 15 de novembro, \u00e0s 11h locais, no Pal\u00e1cio Apost\u00f3lico. Em uma videomensagem, Le\u00e3o XIV falar\u00e1 sobre os filmes que mais marcaram sua vida, de A Felicidade N\u00e3o se Compra (It\u2019s a Wonderful Life) de Capra a A Vida \u00e9 Bela de Benigni. H\u00e1 poucos dias o Papa recebeu Robert De Niro no Vaticano.<\/div>\n<div class=\"title__separator\" style=\"text-align: justify;\"><\/div>\n<div class=\"article__text\">\n<p style=\"text-align: justify;\"><b>Vatican News<\/b><\/p>\n<p style=\"text-align: justify;\">Amigos de longa data em sua Chicago natal contam que Robert Francis Prevost sempre amou ver filmes. No Ano do Jubileu, o Papa Le\u00e3o XIV deseja aprofundar o di\u00e1logo com o mundo do cinema \u2014 especialmente com atores e diretores \u2014 explorando as possibilidades que a criatividade art\u00edstica oferece \u00e0 miss\u00e3o da Igreja e \u00e0 promo\u00e7\u00e3o dos valores humanos. Assim, o Papa receber\u00e1 uma representa\u00e7\u00e3o da \u201cs\u00e9tima arte\u201d no s\u00e1bado, 15 de novembro, \u00e0s 11h locais, no Pal\u00e1cio Apost\u00f3lico, no Vaticano.<\/p>\n<p style=\"text-align: justify;\">Em vista do encontro, destaca um comunicado do Dicast\u00e9rio para a Cultura e a Educa\u00e7\u00e3o, Le\u00e3o XIV compartilhar\u00e1 em uma videomensagem alguns t\u00edtulos particularmente significativos para ele:\u00a0<i>A Felicidade N\u00e3o se Compra<\/i>\u00a0(1946), de Frank Capra;\u00a0<i>A Novi\u00e7a Rebelde<\/i>\u00a0(1965), de Robert Wise;\u00a0<i>Gente Como a Gente<\/i>\u00a0(1980), de Robert Redford;\u00a0<i>A Vida \u00e9 Bela<\/i>\u00a0(1997), de Roberto Benigni.<\/p>\n<h2 style=\"text-align: justify;\">Os encontros de Francisco com artistas e humoristas<\/h2>\n<p style=\"text-align: justify;\">O encontro \u00e9 promovido pelo Dicast\u00e9rio para a Cultura e a Educa\u00e7\u00e3o em colabora\u00e7\u00e3o com o Dicast\u00e9rio para a Comunica\u00e7\u00e3o e com os Museus Vaticanos, na esteira dos encontros do Papa Francisco com representantes das artes visuais (em junho de 2023) e do humor (em junho de 2024), e em continuidade com o recente Jubileu dos Artistas e do Mundo da Cultura, celebrado em fevereiro passado.<\/p>\n<h2 style=\"text-align: justify;\">De Amelio a Gus Van Sant, alguns dos diretores e atores presentes<\/h2>\n<p style=\"text-align: justify;\">O mundo do cinema ser\u00e1 representado por muitos protagonistas internacionais. Entre aqueles que j\u00e1 confirmaram presen\u00e7a est\u00e3o: Gianni Amelio, Roberto And\u00f2, Judd Apatow, Francesca Archibugi, Marco Bellocchio, Monica Bellucci, Wang Bing, Catherine (Cate) \u00c9lise Blanchett, St\u00e9phane Briz\u00e9, Sergio Castellitto, Liliana Cavani, Maria Grazia Cucinotta, Abel Ferrara, Dante Ferretti e Francesca Lo Schiavo, Matteo Garrone, Dag Johan Haugerund, Emir Nemanja Kusturica, Spike Lee, George Miller, Gaspar No\u00e9, Ferzan \u00d6zpetek, Pawe\u0142 Aleksander Pawlikowski, Giacomo Poretti, Stefania Sandrelli, Albert Serra, Giuseppe Tornatore e Gus Van Sant.<\/p>\n<p style=\"text-align: justify;\">Na sexta-feira, 7 de novembro, tamb\u00e9m no Pal\u00e1cio Apost\u00f3lico, Le\u00e3o XIV havia recebido em audi\u00eancia Robert De Niro, o ator norte-americano de 82 anos, de origens italianas, vencedor de dois pr\u00eamios Oscar.<\/p>\n<\/div>\n","protected":false},"excerpt":{"rendered":"<p>A audi\u00eancia est\u00e1 prevista para s\u00e1bado, 15 de novembro, \u00e0s 11h locais, no Pal\u00e1cio Apost\u00f3lico. Em uma videomensagem, Le\u00e3o XIV falar\u00e1 sobre os filmes que mais marcaram sua vida, de A Felicidade N\u00e3o se Compra (It\u2019s a Wonderful Life) de Capra a A Vida \u00e9 Bela de Benigni. H\u00e1 poucos dias o Papa recebeu Robert [&hellip;]<\/p>\n","protected":false},"author":1,"featured_media":96120,"comment_status":"open","ping_status":"closed","sticky":false,"template":"","format":"standard","meta":{"footnotes":""},"categories":[3],"tags":[],"class_list":["post-96119","post","type-post","status-publish","format-standard","has-post-thumbnail","hentry","category-vaticano"],"_links":{"self":[{"href":"https:\/\/catolicanet.net\/wp-cnet\/wp-json\/wp\/v2\/posts\/96119","targetHints":{"allow":["GET"]}}],"collection":[{"href":"https:\/\/catolicanet.net\/wp-cnet\/wp-json\/wp\/v2\/posts"}],"about":[{"href":"https:\/\/catolicanet.net\/wp-cnet\/wp-json\/wp\/v2\/types\/post"}],"author":[{"embeddable":true,"href":"https:\/\/catolicanet.net\/wp-cnet\/wp-json\/wp\/v2\/users\/1"}],"replies":[{"embeddable":true,"href":"https:\/\/catolicanet.net\/wp-cnet\/wp-json\/wp\/v2\/comments?post=96119"}],"version-history":[{"count":1,"href":"https:\/\/catolicanet.net\/wp-cnet\/wp-json\/wp\/v2\/posts\/96119\/revisions"}],"predecessor-version":[{"id":96122,"href":"https:\/\/catolicanet.net\/wp-cnet\/wp-json\/wp\/v2\/posts\/96119\/revisions\/96122"}],"wp:featuredmedia":[{"embeddable":true,"href":"https:\/\/catolicanet.net\/wp-cnet\/wp-json\/wp\/v2\/media\/96120"}],"wp:attachment":[{"href":"https:\/\/catolicanet.net\/wp-cnet\/wp-json\/wp\/v2\/media?parent=96119"}],"wp:term":[{"taxonomy":"category","embeddable":true,"href":"https:\/\/catolicanet.net\/wp-cnet\/wp-json\/wp\/v2\/categories?post=96119"},{"taxonomy":"post_tag","embeddable":true,"href":"https:\/\/catolicanet.net\/wp-cnet\/wp-json\/wp\/v2\/tags?post=96119"}],"curies":[{"name":"wp","href":"https:\/\/api.w.org\/{rel}","templated":true}]}}