{"id":96087,"date":"2025-11-16T09:00:43","date_gmt":"2025-11-16T12:00:43","guid":{"rendered":"https:\/\/catolicanet.net\/wp-cnet\/?p=96087"},"modified":"2025-11-10T15:25:47","modified_gmt":"2025-11-10T18:25:47","slug":"ix-dia-mundial-dos-pobres","status":"publish","type":"post","link":"https:\/\/catolicanet.net\/wp-cnet\/ix-dia-mundial-dos-pobres\/","title":{"rendered":"IX Dia Mundial dos Pobres"},"content":{"rendered":"<p style=\"text-align: center;\"><em>\u201cTu es a minha esperan\u00e7a\u201d (Sl 71,5)<\/em><\/p>\n<p style=\"text-align: justify;\"><em>\u00a0<\/em>No domingo, 33\u00ba do tempo comum, neste ano, dia 16 de novembro a Igreja celebra o IX Dia Mundial dos Pobres, institu\u00eddo pelo saudoso Papa Francisco em 2017. Mais do que uma celebra\u00e7\u00e3o, este \u00e9 um dia de reflex\u00e3o e ora\u00e7\u00e3o, em que somos convidados a pensar em a\u00e7\u00f5es e medidas concretas para minimizar a quest\u00e3o da pobreza junto aos \u00f3rg\u00e3os p\u00fablicos que tem a primeira responsabilidade de cuidar do povo. Aqui em nossa arquidiocese iniciamos no domingo anterior a Semana do Pobre com muitas iniciativas e reflex\u00f5es. Nesse dia mundial tamb\u00e9m acontecem diversas iniciativas em nossas par\u00f3quias: somos convidados a levar algum tipo de alimento para compor as cestas b\u00e1sicas destinadas \u00e0s fam\u00edlias carentes, coisa que fazemos sempre, tendo sido transformados em um grande trabalho social nacional.<\/p>\n<p style=\"text-align: justify;\">O pouco que fazemos \u00e9 muito para quem precisa. \u00c9 claro que aquilo que doamos n\u00e3o resolver\u00e1 totalmente o problema, mas amenizar\u00e1 o sofrimento de algu\u00e9m. A C\u00e1ritas Arquidiocesana, o Banco da Provid\u00eancia e a Pastoral Social, a a\u00e7\u00e3o social do Cristo Redentor, realizam um excelente trabalho em nossas par\u00f3quias e arquidiocese, arrecadando o alimento que cada paroquiano leva e distribuindo as cestas \u00e0s fam\u00edlias necessitadas. Infelizmente, de uns tempos para c\u00e1 \u2014 sobretudo ap\u00f3s a pandemia da Covid-19 \u2014, tem aumentado o n\u00famero de desempregados e, consequentemente, a necessidade das fam\u00edlias. Aumentou o n\u00famero de fam\u00edlias que a par\u00f3quia precisa assistir. Por isso, tamb\u00e9m deve aumentar a nossa generosidade: sejamos solid\u00e1rios e ajudemos quem precisa.<\/p>\n<p style=\"text-align: justify;\">O que fizermos aqui, com certeza, ser\u00e1 recompensado na vida eterna. Estendamos a m\u00e3o a quem precisa e ajudemos em suas necessidades mais b\u00e1sicas. Pode ser que hoje sejamos n\u00f3s os que doam, mas, no futuro, poderemos ser n\u00f3s os que precisam de ajuda. Como nos diz Jesus, no Evangelho de Mateus, cap\u00edtulo cinco, na conhecida passagem das Bem-aventuran\u00e7as: <em>\u201cFelizes os pobres de esp\u00edrito\u201d<\/em>. Ou seja, devemos ser pobres de esp\u00edrito, dispon\u00edveis para ajudar quem necessita.<\/p>\n<p style=\"text-align: justify;\">Jesus, enquanto esteve entre n\u00f3s, escolheu estar com os pobres e pecadores, ou seja, com os mais vulner\u00e1veis do Reino. Ele sempre andou na contram\u00e3o da sociedade de seu tempo, que pregava a exclus\u00e3o dos pobres, pecadores e doentes. Jesus, ao contr\u00e1rio, procurava incluir a todos, pois a salva\u00e7\u00e3o de Deus \u00e9 universal. Ele n\u00e3o condenava a riqueza em si, mas sim aqueles que muito t\u00eam e n\u00e3o partilham com quem pouco ou nada possui.<\/p>\n<p style=\"text-align: justify;\">Em outra passagem da vida p\u00fablica de Jesus, no Evangelho de Mateus, um jovem rico pergunta ao Senhor o que deve fazer para alcan\u00e7ar a vida eterna. Primeiro, Jesus recomenda que ele obede\u00e7a aos mandamentos. O jovem responde que j\u00e1 os observa desde a juventude. Ent\u00e3o Jesus acrescenta: <em>\u201cSe queres ser perfeito, vai, vende tudo o que tens, d\u00e1 aos pobres, e ter\u00e1s um tesouro no c\u00e9u. Depois, vem e segue-me\u201d<\/em> (Mt 19,21). Jesus diz isso porque percebeu que o jovem era muito apegado \u00e0s riquezas. Como dissemos, Jesus n\u00e3o condena a riqueza, mas condena o apego e a falta de partilha. Por isso, sejamos pobres de esp\u00edrito.<\/p>\n<p style=\"text-align: justify;\">O tema escolhido pelo Papa Le\u00e3o XIV para este IX Dia Mundial dos Pobres \u00e9: <em>\u201cTu \u00e9s a minha esperan\u00e7a\u201d<\/em> (Sl 71,5). Este vers\u00edculo ressalta que a esperan\u00e7a dos pobres est\u00e1 em Deus, que n\u00e3o desampara ningu\u00e9m e concede for\u00e7a para superar as prova\u00e7\u00f5es. Os pobres, conforme dissemos, s\u00e3o os preferidos do Senhor, e n\u00f3s devemos ser, sobretudo, pobres de cora\u00e7\u00e3o e de esp\u00edrito: colocar Deus em primeiro lugar e deixar os bens materiais em segundo plano.<\/p>\n<p style=\"text-align: justify;\">Voltando ao contexto e \u00e0 hist\u00f3ria do Dia Mundial dos Pobres, o saudoso Papa Francisco, desde o in\u00edcio de seu pontificado, demonstrou grande preocupa\u00e7\u00e3o e carinho pelos pobres \u2014 e assim deve ser tamb\u00e9m conosco. Como forma de chamar a aten\u00e7\u00e3o de toda a Igreja, ele instituiu, em 2017, o Dia Mundial dos Pobres, celebrado sempre no pen\u00faltimo domingo do Tempo Comum e do ano lit\u00fargico, em geral, entre o segundo e o terceiro domingo de novembro.<\/p>\n<p style=\"text-align: justify;\">O Papa Francisco sempre nos exortava a rezar pelos pobres e a estar com os pobres, e o Papa Le\u00e3o XIV continua nessa mesma linha, pedindo que nos aproximemos deles com compaix\u00e3o e presen\u00e7a concreta. Recordemos sua Exorta\u00e7\u00e3o Apost\u00f3lica Dilexi te. Os pobres est\u00e3o em nossas comunidades e em nossas cidades. Tenhamos por eles os mesmos sentimentos de Jesus: amemos como Ele amou, sem medo de acolh\u00ea-los em nosso meio e de praticar a caridade. Sejamos crist\u00e3os aut\u00eanticos, n\u00e3o apenas de palavras, mas de gestos. Que a nossa f\u00e9 se transforme em obras! Estendamos a m\u00e3o ao pobre que bate \u00e0 nossa porta ou \u00e0 porta de nossas igrejas, pois, ao estendermos a m\u00e3o ao pobre, \u00e9 ao pr\u00f3prio Cristo que estendemos a m\u00e3o.<\/p>\n<p style=\"text-align: justify;\">Que este IX Dia Mundial dos Pobres seja para n\u00f3s um dia de reflex\u00e3o e de a\u00e7\u00e3o: rezar pelos pobres e praticar a caridade, doando roupas, alimentos ou cal\u00e7ados a quem precisa, mas principalmente, cobrando das autoridades o trabalho por uma sociedade mais justa e humana. A caridade \u00e9 uma virtude essencial e deve caminhar junto com a f\u00e9 e a esperan\u00e7a. Como nos ensina S\u00e3o Paulo, entre as tr\u00eas virtudes \u2014 f\u00e9, esperan\u00e7a e caridade \u2014, a maior delas \u00e9 a caridade. Socorramos sempre os mais pobres com generosidade evang\u00e9lica. Sejamos caridosos uns com os outros, para sermos crist\u00e3os aut\u00eanticos.<\/p>\n","protected":false},"excerpt":{"rendered":"<p>\u201cTu es a minha esperan\u00e7a\u201d (Sl 71,5) \u00a0No domingo, 33\u00ba do tempo comum, neste ano, dia 16 de novembro a Igreja celebra o IX Dia Mundial dos Pobres, institu\u00eddo pelo saudoso Papa Francisco em 2017. Mais do que uma celebra\u00e7\u00e3o, este \u00e9 um dia de reflex\u00e3o e ora\u00e7\u00e3o, em que somos convidados a pensar em [&hellip;]<\/p>\n","protected":false},"author":5,"featured_media":55819,"comment_status":"open","ping_status":"closed","sticky":false,"template":"","format":"standard","meta":{"footnotes":""},"categories":[9],"tags":[],"class_list":["post-96087","post","type-post","status-publish","format-standard","has-post-thumbnail","hentry","category-artigos"],"_links":{"self":[{"href":"https:\/\/catolicanet.net\/wp-cnet\/wp-json\/wp\/v2\/posts\/96087","targetHints":{"allow":["GET"]}}],"collection":[{"href":"https:\/\/catolicanet.net\/wp-cnet\/wp-json\/wp\/v2\/posts"}],"about":[{"href":"https:\/\/catolicanet.net\/wp-cnet\/wp-json\/wp\/v2\/types\/post"}],"author":[{"embeddable":true,"href":"https:\/\/catolicanet.net\/wp-cnet\/wp-json\/wp\/v2\/users\/5"}],"replies":[{"embeddable":true,"href":"https:\/\/catolicanet.net\/wp-cnet\/wp-json\/wp\/v2\/comments?post=96087"}],"version-history":[{"count":1,"href":"https:\/\/catolicanet.net\/wp-cnet\/wp-json\/wp\/v2\/posts\/96087\/revisions"}],"predecessor-version":[{"id":96088,"href":"https:\/\/catolicanet.net\/wp-cnet\/wp-json\/wp\/v2\/posts\/96087\/revisions\/96088"}],"wp:featuredmedia":[{"embeddable":true,"href":"https:\/\/catolicanet.net\/wp-cnet\/wp-json\/wp\/v2\/media\/55819"}],"wp:attachment":[{"href":"https:\/\/catolicanet.net\/wp-cnet\/wp-json\/wp\/v2\/media?parent=96087"}],"wp:term":[{"taxonomy":"category","embeddable":true,"href":"https:\/\/catolicanet.net\/wp-cnet\/wp-json\/wp\/v2\/categories?post=96087"},{"taxonomy":"post_tag","embeddable":true,"href":"https:\/\/catolicanet.net\/wp-cnet\/wp-json\/wp\/v2\/tags?post=96087"}],"curies":[{"name":"wp","href":"https:\/\/api.w.org\/{rel}","templated":true}]}}