{"id":96085,"date":"2025-11-16T08:00:21","date_gmt":"2025-11-16T11:00:21","guid":{"rendered":"https:\/\/catolicanet.net\/wp-cnet\/?p=96085"},"modified":"2025-11-10T15:24:25","modified_gmt":"2025-11-10T18:24:25","slug":"mensagem-do-papa-leao-para-o-ix-dia-mundial-dos-pobres","status":"publish","type":"post","link":"https:\/\/catolicanet.net\/wp-cnet\/mensagem-do-papa-leao-para-o-ix-dia-mundial-dos-pobres\/","title":{"rendered":"Mensagem do Papa Le\u00e3o para o IX dia Mundial dos Pobres"},"content":{"rendered":"<p style=\"text-align: center;\"><em>\u201cTu es a minha esperan\u00e7a\u201d (Sl 71,5)<\/em><\/p>\n<p style=\"text-align: justify;\"><em>\u00a0<\/em>No dia 16 de novembro, a Igreja celebra o Dia Mundial dos Pobres. Mais do que uma celebra\u00e7\u00e3o, \u00e9 um dia de reflex\u00e3o, em que somos convidados a voltar o nosso olhar para aqueles que mais precisam e a tomar consci\u00eancia sobre a import\u00e2ncia de partilhar aquilo que temos. Deus ama os pobres e tem prefer\u00eancia pelos pequeninos do Reino. Jesus, quando esteve entre n\u00f3s, acolhia os pobres, fazia refei\u00e7\u00e3o com eles e dizia que eram os preferidos do Senhor. Aqui em nossa arquidiocese, por antiga tradi\u00e7\u00e3o, esse dia \u00e9 precedido pela Semana dos Pobres quando reflex\u00f5es, a\u00e7\u00f5es e presen\u00e7a se sucedem por todo o territ\u00f3rio arquidiocesano e tamb\u00e9m pelas m\u00eddias virtuais com suas \u201clives\u201d.<\/p>\n<p style=\"text-align: justify;\">Jesus n\u00e3o condena a riqueza, nem aqueles que, com o suor de seu trabalho, conquistaram seus bens. Mas Deus condena os que possuem bens e n\u00e3o partilham com aqueles que menos t\u00eam. Por isso, todos n\u00f3s somos convidados a voltar o olhar para os que menos t\u00eam, partilhando aquilo que temos a mais.<\/p>\n<p style=\"text-align: justify;\">Infelizmente, tem aumentado o n\u00famero de moradores em situa\u00e7\u00e3o de rua nas grandes cidades, pessoas desempregadas e com dificuldades de levar sustento para a fam\u00edlia. Tamb\u00e9m cresce o n\u00famero de pessoas que procuram as par\u00f3quias pedindo cestas de alimento. Nesse sentido, as Pastorais Sociais, o Movimento Social e a C\u00e1ritas Arquidiocesana, com o Banco da Provid\u00eancia, a a\u00e7\u00e3o social do Cristo Redentor e outros grupos das novas comunidades e de consagrados e consagradas precisam muito de nossa ajuda e contribui\u00e7\u00e3o, partilhando o que temos com aqueles que pouco ou nada possuem \u2014 n\u00e3o somente por ocasi\u00e3o do Dia Mundial dos Pobres, mas ao longo de todo o ano.<\/p>\n<p style=\"text-align: justify;\">O Dia Mundial dos Pobres foi institu\u00eddo pelo saudoso Papa Francisco h\u00e1 9 anos. Desde que assumiu o Pontificado como Sucessor de Pedro e Vig\u00e1rio de Cristo, chamou a aten\u00e7\u00e3o do mundo inteiro para que voltasse o olhar aos pobres, demonstrando grande preocupa\u00e7\u00e3o com a situa\u00e7\u00e3o da fome no mundo. A inten\u00e7\u00e3o do Santo Padre n\u00e3o \u00e9 apenas \u201ccomemorar\u201d o Dia Mundial dos Pobres, mas levar todos a refletirem sobre como podem melhorar a situa\u00e7\u00e3o da pobreza e da fome no mundo, tomando consci\u00eancia sobre a import\u00e2ncia de partilhar.<\/p>\n<p style=\"text-align: justify;\">Seguindo os princ\u00edpios evang\u00e9licos ensinados por Jesus, devemos acolher a todos e ajudar os que mais precisam em suas necessidades. Jesus nos ensina a acolher e a n\u00e3o excluir ningu\u00e9m, pois, no banquete eterno do C\u00e9u, ningu\u00e9m ser\u00e1 exclu\u00eddo.<\/p>\n<p style=\"text-align: justify;\">O Papa Francisco assumiu o Pontificado em 2013 e, desde ent\u00e3o, trazia em seu cora\u00e7\u00e3o o desejo de chamar a aten\u00e7\u00e3o da sociedade para a quest\u00e3o da pobreza. Assim, a partir de 2017, instituiu o Dia Mundial dos Pobres no 33\u00ba Domingo do Tempo Comum, ou seja, no pen\u00faltimo domingo do ano lit\u00fargico. Portanto, este \u00e9 o nono Dia Mundial dos Pobres, e o Papa Le\u00e3o XIV continua o legado deixado por seu antecessor, pois a situa\u00e7\u00e3o da pobreza e da fome no mundo, conforme dissemos, continua cada vez mais preocupante.<\/p>\n<p style=\"text-align: justify;\">A cada ano, o Santo Padre elabora uma mensagem com um tema espec\u00edfico para melhor vivermos essa data, como acontece nas demais celebra\u00e7\u00f5es. Esta \u00e9 a primeira mensagem escrita pelo Papa Le\u00e3o XIV, que assumiu o Pontificado neste ano. Do mesmo modo que Jesus n\u00e3o excluiu ningu\u00e9m, n\u00f3s tamb\u00e9m n\u00e3o devemos excluir. Ele mesmo disse que somente quem tem o cora\u00e7\u00e3o de pobre pode herdar o Reino dos C\u00e9us. Jesus n\u00e3o condena a riqueza, mas condena aqueles que t\u00eam tudo e n\u00e3o ajudam os mais necessitados.<\/p>\n<p style=\"text-align: justify;\">O tema da mensagem escolhida pelo Papa Le\u00e3o XIV para este ano \u00e9:<em> \u201cTu \u00e9s a minha esperan\u00e7a\u201d<\/em> (Sl 71,5). Como n\u00e3o poderia ser diferente, o tema est\u00e1 intimamente ligado ao Jubileu da Esperan\u00e7a, que a Igreja vive neste ano at\u00e9 o dia 28 de dezembro nas Dioceses e at\u00e9 o dia 6 de janeiro pr\u00f3ximo em Roma. \u00c9 claro que todos n\u00f3s devemos ter esperan\u00e7a no Senhor, mas, em especial, os pobres \u2014 que muitas vezes se encontram perdidos e sem sa\u00edda, e s\u00f3 encontram esperan\u00e7a em Deus.<\/p>\n<p style=\"text-align: justify;\">Conforme dissemos, o Senhor tem prefer\u00eancia pelos pobres: s\u00e3o os preferidos do Reino. Quando Jesus esteve entre n\u00f3s, estava sempre com os pobres, pois Ele mesmo, que tinha tudo para ser rico, se fez pobre. Jesus sempre andou na contram\u00e3o do pensamento dominante da sociedade de seu tempo, que exclu\u00eda pobres, pecadores e doentes \u2014 e Ele inclu\u00eda a todos. Ensinava-nos a partilhar o que temos com os que nada t\u00eam e condenava aqueles que eram ricos, mas pobres de esp\u00edrito. Ou seja, a pessoa pode ser rica, desde que partilhe com quem tem pouco ou nada.<\/p>\n<p style=\"text-align: justify;\">Segundo o Papa Le\u00e3o XIV, em sua mensagem, o pobre confia inteiramente em Deus, porque o Senhor n\u00e3o decepciona ningu\u00e9m que reza com confian\u00e7a. Em meio \u00e0s prova\u00e7\u00f5es da vida e a tudo o que enfrentamos no dia a dia, a nossa esperan\u00e7a \u00e9 sustentada pela firme e encorajadora certeza do amor de Deus. O amor de Deus \u00e9 derramado em nossos cora\u00e7\u00f5es por meio do Esp\u00edrito Santo. \u00c9 o Esp\u00edrito Santo que nos anima e d\u00e1 coragem para seguir em frente, mesmo quando desanimamos, pois Deus nunca nos decepciona.<\/p>\n<p style=\"text-align: justify;\">Diante das riquezas e dos bens deste mundo, que s\u00e3o passageiros, percebemos que Deus \u00e9 a nossa maior riqueza, pois tudo na vida passa, mas Deus permanece. Em sua mensagem, o Santo Padre recorda as palavras de Jesus aos disc\u00edpulos:<\/p>\n<p style=\"text-align: justify;\"><em>\u201cN\u00e3o acumuleis tesouros na terra, onde a tra\u00e7a e a ferrugem os corroem e os ladr\u00f5es arrombam os muros a fim de os roubar. Acumulai tesouros no C\u00e9u, onde a tra\u00e7a e a ferrugem n\u00e3o corroem e onde os ladr\u00f5es n\u00e3o arrombam nem furtam\u201d<\/em> (Mt 6,19-20).<\/p>\n<p style=\"text-align: justify;\">No Dia Mundial dos Pobres, o Santo Padre costuma celebrar a Eucaristia na Bas\u00edlica de S\u00e3o Pedro e, em seguida, partilhar o almo\u00e7o com alguns pobres na Sala Paulo VI, em evento organizado, como nos outros anos, pelo Dicast\u00e9rio para o Servi\u00e7o da Caridade. Ao mesmo tempo, o Dicast\u00e9rio para a Evangeliza\u00e7\u00e3o realiza diversas iniciativas de ajuda aos mais necessitados.<\/p>\n<p style=\"text-align: justify;\">Em todo o mundo, as par\u00f3quias e dioceses promovem a\u00e7\u00f5es para vivenciar o Dia Mundial dos Pobres, arrecadando alimentos e roupas para fam\u00edlias carentes e pessoas em situa\u00e7\u00e3o de rua. A Pastoral Social acolhe essas doa\u00e7\u00f5es e as encaminha a institui\u00e7\u00f5es ou fam\u00edlias necessitadas.<\/p>\n<p style=\"text-align: justify;\">O Papa Le\u00e3o XIV conclui sua mensagem desejando que a celebra\u00e7\u00e3o do Ano Jubilar desperte em toda a Igreja o desenvolvimento de pol\u00edticas de combate \u00e0s antigas e novas formas de pobreza, al\u00e9m de novas iniciativas de apoio e ajuda aos mais pobres entre os pobres. Ele lembra que a melhor forma de combater a viol\u00eancia e as armas \u00e9 atrav\u00e9s do trabalho, da educa\u00e7\u00e3o, da habita\u00e7\u00e3o e da sa\u00fade, que os governos devem promover e garantir a todos.<\/p>\n<p style=\"text-align: justify;\">O Sumo Pont\u00edfice encerra pedindo que nos confiemos \u00e0 Virgem Maria, M\u00e3e dos aflitos, e com Ela entoemos um c\u00e2ntico de esperan\u00e7a, fazendo nossas as palavras do Te Deum:<\/p>\n<p style=\"text-align: justify;\"><em>\u201cIn Te, Domine, speravi, non confundar in aeternum\u201d<\/em> \u2014 Em V\u00f3s espero, meu Deus, n\u00e3o serei confundido eternamente.<\/p>\n<p style=\"text-align: justify;\">Convido a todos a lerem a mensagem do Papa Le\u00e3o XIV para o nono Dia Mundial dos Pobres e, a partir dela, darmos maior aten\u00e7\u00e3o aos mais pobres e vulner\u00e1veis, que precisam de algu\u00e9m e de Deus como sinal concreto de escuta e proximidade.<\/p>\n<p style=\"text-align: justify;\">Celebremos este Dia Mundial dos Pobres, mas, mais do que celebrar, que ele seja um dia de reflex\u00e3o e de a\u00e7\u00e3o concreta na vida daqueles que mais precisam.<\/p>\n","protected":false},"excerpt":{"rendered":"<p>\u201cTu es a minha esperan\u00e7a\u201d (Sl 71,5) \u00a0No dia 16 de novembro, a Igreja celebra o Dia Mundial dos Pobres. Mais do que uma celebra\u00e7\u00e3o, \u00e9 um dia de reflex\u00e3o, em que somos convidados a voltar o nosso olhar para aqueles que mais precisam e a tomar consci\u00eancia sobre a import\u00e2ncia de partilhar aquilo que [&hellip;]<\/p>\n","protected":false},"author":5,"featured_media":55819,"comment_status":"open","ping_status":"closed","sticky":false,"template":"","format":"standard","meta":{"footnotes":""},"categories":[9],"tags":[],"class_list":["post-96085","post","type-post","status-publish","format-standard","has-post-thumbnail","hentry","category-artigos"],"_links":{"self":[{"href":"https:\/\/catolicanet.net\/wp-cnet\/wp-json\/wp\/v2\/posts\/96085","targetHints":{"allow":["GET"]}}],"collection":[{"href":"https:\/\/catolicanet.net\/wp-cnet\/wp-json\/wp\/v2\/posts"}],"about":[{"href":"https:\/\/catolicanet.net\/wp-cnet\/wp-json\/wp\/v2\/types\/post"}],"author":[{"embeddable":true,"href":"https:\/\/catolicanet.net\/wp-cnet\/wp-json\/wp\/v2\/users\/5"}],"replies":[{"embeddable":true,"href":"https:\/\/catolicanet.net\/wp-cnet\/wp-json\/wp\/v2\/comments?post=96085"}],"version-history":[{"count":1,"href":"https:\/\/catolicanet.net\/wp-cnet\/wp-json\/wp\/v2\/posts\/96085\/revisions"}],"predecessor-version":[{"id":96086,"href":"https:\/\/catolicanet.net\/wp-cnet\/wp-json\/wp\/v2\/posts\/96085\/revisions\/96086"}],"wp:featuredmedia":[{"embeddable":true,"href":"https:\/\/catolicanet.net\/wp-cnet\/wp-json\/wp\/v2\/media\/55819"}],"wp:attachment":[{"href":"https:\/\/catolicanet.net\/wp-cnet\/wp-json\/wp\/v2\/media?parent=96085"}],"wp:term":[{"taxonomy":"category","embeddable":true,"href":"https:\/\/catolicanet.net\/wp-cnet\/wp-json\/wp\/v2\/categories?post=96085"},{"taxonomy":"post_tag","embeddable":true,"href":"https:\/\/catolicanet.net\/wp-cnet\/wp-json\/wp\/v2\/tags?post=96085"}],"curies":[{"name":"wp","href":"https:\/\/api.w.org\/{rel}","templated":true}]}}