{"id":96082,"date":"2025-11-09T09:21:44","date_gmt":"2025-11-09T12:21:44","guid":{"rendered":"https:\/\/catolicanet.net\/wp-cnet\/?p=96082"},"modified":"2025-11-10T15:22:58","modified_gmt":"2025-11-10T18:22:58","slug":"dedicacao-da-basilica-de-sao-joao-de-latrao","status":"publish","type":"post","link":"https:\/\/catolicanet.net\/wp-cnet\/dedicacao-da-basilica-de-sao-joao-de-latrao\/","title":{"rendered":"Dedica\u00e7\u00e3o da Bas\u00edlica de S\u00e3o Jo\u00e3o de Latr\u00e3o"},"content":{"rendered":"<p style=\"text-align: justify;\">A Igreja celebra neste domingo a festa da Dedica\u00e7\u00e3o da Bas\u00edlica de Latr\u00e3o, a Catedral do Papa, Bispo de Roma, chamada \u201ca primeira entre todas as Igrejas\u201d, ou seja, a Igreja-m\u00e3e de Roma. Surgida no s\u00e9culo IV e dedicada ao Divino Salvador, foi erguida em Roma pelo imperador Constantino. Esta festa \u00e9 celebrada em toda a Igreja como sinal de unidade com o Papa. Ap\u00f3s a paz constantiniana, a Bas\u00edlica do Latr\u00e3o tornou-se a resid\u00eancia dos Papas, e nela se realizaram numerosos e importantes Conc\u00edlios Ecum\u00eanicos. A dedica\u00e7\u00e3o daquela bas\u00edlica marcou a passagem e a sa\u00edda da assembleia crist\u00e3 do interior das catacumbas para o esplendor das bas\u00edlicas.<\/p>\n<p style=\"text-align: justify;\">Nossa aten\u00e7\u00e3o, por\u00e9m, n\u00e3o se det\u00e9m apenas na evoca\u00e7\u00e3o hist\u00f3rica do fato. Na dedica\u00e7\u00e3o da Bas\u00edlica Lateranense, cada comunidade crist\u00e3 da Igreja Latina recorda e celebra a dedica\u00e7\u00e3o da pr\u00f3pria igreja \u2014 pequena ou grande que seja. Mais ainda: temos hoje a ocasi\u00e3o para refletir sobre o significado da Igreja enquanto edif\u00edcio sagrado, onde nos reunimos a cada domingo. Consideremos, enfim,<em> \u201co mist\u00e9rio do templo\u201d<\/em>.<\/p>\n<p style=\"text-align: justify;\">O que representa, para a liturgia e para a espiritualidade crist\u00e3, a dedica\u00e7\u00e3o de uma igreja e a pr\u00f3pria exist\u00eancia do templo enquanto lugar de culto? Desde o Antigo Testamento, o templo foi considerado pelos judeus como o lugar da presen\u00e7a especial de Deus. No deserto, Deus manifestava-se na Tenda do Encontro, onde Mois\u00e9s falava com o Senhor como quem fala com um amigo. Nesses momentos, a coluna de nuvem \u2014 sinal da presen\u00e7a divina \u2014 descia e permanecia \u00e0 entrada da Tenda (Ex 33,7-11). Era o lugar onde estaria presente o Nome de Deus \u2014 o Ser infinito e inef\u00e1vel \u2014 para escutar e atender aos seus fi\u00e9is.<\/p>\n<p style=\"text-align: justify;\">Quando Salom\u00e3o construiu o Templo de Jerusal\u00e9m, pronunciou estas palavras na festa de sua dedica\u00e7\u00e3o:<\/p>\n<p style=\"text-align: justify;\"><em>\u201c\u00c9 poss\u00edvel que Deus habite verdadeiramente sobre a terra? Se o c\u00e9u e os c\u00e9us dos c\u00e9us n\u00e3o Te podem conter, quanto menos esta casa que edifiquei! Mas atende, Senhor meu Deus, \u00e0 ora\u00e7\u00e3o do Teu servo e \u00e0s suas s\u00faplicas; ouve o hino e a prece que o Teu servo faz hoje na Tua presen\u00e7a, para que os Teus olhos estejam abertos noite e dia sobre esta casa, da qual disseste: \u2018O meu nome estar\u00e1 nela\u2019. Ouve as s\u00faplicas do Teu servo e de Israel, Teu povo, quando orarem neste lugar; ouve do alto da Tua morada, no c\u00e9u, e atende\u201d<\/em> (1Rs 8,27-30).<\/p>\n<p style=\"text-align: justify;\">O templo \u2014 ensina S\u00e3o Jo\u00e3o Paulo II \u2014<em> \u201c\u00e9 casa de Deus e vossa. Apreciai-o, pois, como lugar de encontro com o Pai comum\u201d<\/em> (Homilia em Madri, 3\/11\/1982). A igreja-edif\u00edcio representa e significa a Igreja-assembleia, formada pelas pedras vivas, que s\u00e3o os crist\u00e3os, consagrados a Deus pelo Batismo.<\/p>\n<p style=\"text-align: justify;\">As igrejas s\u00e3o o lugar de reuni\u00e3o dos membros do novo Povo de Deus, que se congregam para rezar juntos. Mas s\u00e3o, sobretudo, o lugar onde encontramos Jesus, real e substancialmente presente na Sagrada Eucaristia \u2014 presente com sua Divindade e sua Sant\u00edssima Humanidade, com seu Corpo, Sangue, Alma e Divindade. \u201cAli nos v\u00ea e nos ouve, e nos socorre como socorria aqueles que chegavam necessitados de todas as cidades e aldeias\u201d (cf. Mc 6,32).<\/p>\n<p style=\"text-align: justify;\">Devemos, pois, ir \u00e0 igreja com rever\u00eancia, pois n\u00e3o h\u00e1 nada mais sagrado do que a Casa do Senhor. Que respeito devem inspirar-nos as nossas igrejas, onde se oferece o sacrif\u00edcio do C\u00e9u e da terra \u2014 o Sangue de um Deus feito homem!<\/p>\n<p style=\"text-align: justify;\">A Bas\u00edlica do Latr\u00e3o \u00e9 a Catedral da Igreja de Roma, a Catedral do Papa. \u00c0 sua entrada, h\u00e1 uma inscri\u00e7\u00e3o que diz: <em>\u201cM\u00e3e de todas as Igrejas da Cidade e do mundo.\u201d<\/em> Compreendamos bem: a Igreja de Roma \u2014 isto \u00e9, a Arquidiocese de Roma \u2014 \u00e9 a Igreja de Pedro e de Paulo, aquela que preside a todas as outras dioceses do mundo, a mais vener\u00e1vel de todas as Igrejas da terra.<\/p>\n<p style=\"text-align: justify;\">Santo In\u00e1cio de Antioquia, por volta do ano 97, referia-se a ela com indiz\u00edvel venera\u00e7\u00e3o. Numa carta dirigida aos crist\u00e3os romanos, o santo bispo escrevia:<\/p>\n<p style=\"text-align: justify;\"><em>\u201c\u00c0 Igreja objeto de miseric\u00f3rdia na magnific\u00eancia do Pai Alt\u00edssimo e de Jesus Cristo, seu \u00fanico Filho; amada e iluminada na vontade daquele que conduz \u00e0 perfei\u00e7\u00e3o todas as coisas que existem, segundo a f\u00e9 e o amor de Jesus Cristo, nosso Deus; \u00e0quela que preside na regi\u00e3o dos romanos, digna de Deus, digna de honra, de bem-aventuran\u00e7a, de louvor e pureza; colocada acima das demais na caridade; que possui a lei de Cristo e o nome do Pai.\u201d<\/em><\/p>\n<p style=\"text-align: justify;\">O Papa, como Bispo de Roma, \u00e9 cabe\u00e7a do Col\u00e9gio dos Bispos e sinal vis\u00edvel da unidade da Igreja na f\u00e9 e na caridade. Por isso, hoje nos unimos \u00e0 Igreja de Roma na festa da dedica\u00e7\u00e3o \u2014 da consagra\u00e7\u00e3o \u2014 de sua Catedral, a Bas\u00edlica do Latr\u00e3o.<\/p>\n<p style=\"text-align: justify;\">A Catedral de cada diocese \u00e9 a Igreja do Bispo, sucessor dos Ap\u00f3stolos. Quanto mais significativa, portanto, \u00e9 a Catedral do Bispo de Roma, sucessor de Pedro. Por isso, ela \u00e9 considerada a <em>\u201cM\u00e3e de todas as Igrejas da Cidade e do mundo.\u201d<\/em><\/p>\n<p style=\"text-align: justify;\">Assim sendo, a festa de hoje nos convida tamb\u00e9m a rezar pela Igreja de Deus que est\u00e1 em Roma e pelo seu Bispo, o Papa Le\u00e3o XIV. Convida-nos a estreitar nossos la\u00e7os com Roma e com o Papa, retomando a consci\u00eancia do papel que ele exerce como Vig\u00e1rio de Cristo, a quem o pr\u00f3prio Senhor confiou sua Igreja, por meio de Pedro e de seus leg\u00edtimos sucessores.<\/p>\n<p style=\"text-align: justify;\">Num mundo t\u00e3o complexo, com tantas ideias, opini\u00f5es e modas; num cristianismo que v\u00ea surgir in\u00fameras seitas sem fundamento teol\u00f3gico, sem seriedade e sem enraizamento na Tradi\u00e7\u00e3o Apost\u00f3lica \u2014 difundindo-se pela for\u00e7a do dinheiro e pela coniv\u00eancia de meios de comunica\u00e7\u00e3o \u00e1vidos de lucro, causando terr\u00edvel dano \u00e0 f\u00e9 dos simples e desavisados \u2014, reafirmemos nossa comunh\u00e3o firme, profunda e convicta com a Igreja de Roma e com seu Bispo, a quem Cristo entregou, de modo particular, as chaves do Reino e a miss\u00e3o de confirmar na f\u00e9 os irm\u00e3os.<\/p>\n<p style=\"text-align: justify;\">A comunh\u00e3o com Roma \u00e9 garantia de permanecer na comunh\u00e3o sonhada por Cristo para a sua Igreja; \u00e9 garantia de permanecer na f\u00e9 apost\u00f3lica, transmitida uma vez por todas aos santos; \u00e9, enfim, a seguran\u00e7a de n\u00e3o cair em um cristianismo alheio ao que o Senhor Jesus pensou e instituiu.<\/p>\n","protected":false},"excerpt":{"rendered":"<p>A Igreja celebra neste domingo a festa da Dedica\u00e7\u00e3o da Bas\u00edlica de Latr\u00e3o, a Catedral do Papa, Bispo de Roma, chamada \u201ca primeira entre todas as Igrejas\u201d, ou seja, a Igreja-m\u00e3e de Roma. Surgida no s\u00e9culo IV e dedicada ao Divino Salvador, foi erguida em Roma pelo imperador Constantino. Esta festa \u00e9 celebrada em toda [&hellip;]<\/p>\n","protected":false},"author":5,"featured_media":55819,"comment_status":"open","ping_status":"closed","sticky":false,"template":"","format":"standard","meta":{"footnotes":""},"categories":[9],"tags":[],"class_list":["post-96082","post","type-post","status-publish","format-standard","has-post-thumbnail","hentry","category-artigos"],"_links":{"self":[{"href":"https:\/\/catolicanet.net\/wp-cnet\/wp-json\/wp\/v2\/posts\/96082","targetHints":{"allow":["GET"]}}],"collection":[{"href":"https:\/\/catolicanet.net\/wp-cnet\/wp-json\/wp\/v2\/posts"}],"about":[{"href":"https:\/\/catolicanet.net\/wp-cnet\/wp-json\/wp\/v2\/types\/post"}],"author":[{"embeddable":true,"href":"https:\/\/catolicanet.net\/wp-cnet\/wp-json\/wp\/v2\/users\/5"}],"replies":[{"embeddable":true,"href":"https:\/\/catolicanet.net\/wp-cnet\/wp-json\/wp\/v2\/comments?post=96082"}],"version-history":[{"count":1,"href":"https:\/\/catolicanet.net\/wp-cnet\/wp-json\/wp\/v2\/posts\/96082\/revisions"}],"predecessor-version":[{"id":96084,"href":"https:\/\/catolicanet.net\/wp-cnet\/wp-json\/wp\/v2\/posts\/96082\/revisions\/96084"}],"wp:featuredmedia":[{"embeddable":true,"href":"https:\/\/catolicanet.net\/wp-cnet\/wp-json\/wp\/v2\/media\/55819"}],"wp:attachment":[{"href":"https:\/\/catolicanet.net\/wp-cnet\/wp-json\/wp\/v2\/media?parent=96082"}],"wp:term":[{"taxonomy":"category","embeddable":true,"href":"https:\/\/catolicanet.net\/wp-cnet\/wp-json\/wp\/v2\/categories?post=96082"},{"taxonomy":"post_tag","embeddable":true,"href":"https:\/\/catolicanet.net\/wp-cnet\/wp-json\/wp\/v2\/tags?post=96082"}],"curies":[{"name":"wp","href":"https:\/\/api.w.org\/{rel}","templated":true}]}}