{"id":96042,"date":"2025-11-10T09:20:46","date_gmt":"2025-11-10T12:20:46","guid":{"rendered":"https:\/\/catolicanet.net\/wp-cnet\/?p=96042"},"modified":"2025-11-10T14:21:46","modified_gmt":"2025-11-10T17:21:46","slug":"turquia-bizzeti-papa-impulsionara-o-dialogo-ecumenico-e-inter-religioso","status":"publish","type":"post","link":"https:\/\/catolicanet.net\/wp-cnet\/turquia-bizzeti-papa-impulsionara-o-dialogo-ecumenico-e-inter-religioso\/","title":{"rendered":"Turquia, Bizzeti: Papa impulsionar\u00e1 o di\u00e1logo ecum\u00eanico e inter-religioso"},"content":{"rendered":"<figure class=\"article__image\" style=\"text-align: justify;\"><span class=\"didascalia_img\">Uma das igrejas na Turquia afetadas pelo terremoto de 2023\u00a0<\/span><\/figure>\n<div class=\"article__meta \" data-mediatype=\"\">\n<div class=\"article__subTitle\" style=\"text-align: justify;\">O ex-presidente da C\u00e1ritas e vig\u00e1rio apost\u00f3lico em\u00e9rito de Anat\u00f3lia falou \u00e0 m\u00eddia vaticana sobre a pr\u00f3xima visita apost\u00f3lica do Papa a um pa\u00eds &#8220;fascinante e generoso&#8221;, um mosaico de muitas comunidades religiosas: &#8220;A visita do Papa \u00e9 uma grande oportunidade ecum\u00eanica, e o anivers\u00e1rio de Niceia servir\u00e1 para reviver o esp\u00edrito que inspirou os Padres Conciliares: expressar a f\u00e9 em novos termos e categorias, buscando o que une.&#8221;<\/div>\n<div class=\"title__separator\" style=\"text-align: justify;\"><\/div>\n<div class=\"article__text\">\n<p style=\"text-align: justify;\"><b>Daniele Piccini \u2013 Vatican News<\/b><\/p>\n<p style=\"text-align: justify;\">\u201cNos meses que se seguiram ao terr\u00edvel terremoto na Turquia, h\u00e1 dois anos, a C\u00e1ritas teve que expandir rapidamente suas opera\u00e7\u00f5es, e todos n\u00f3s trabalhamos juntos, cat\u00f3licos e mu\u00e7ulmanos, derrubando as tradicionais barreiras de separa\u00e7\u00e3o e demonstrando como o di\u00e1logo inter-religioso mais profundo, como disse o Papa Francisco, \u00e9 o da vida, especialmente na ajuda aos pobres.\u201d Monsenhor Paolo Bizzeti, presidente da C\u00e1ritas Turquia de 2019 at\u00e9 alguns dias atr\u00e1s, ainda recorda com carinho a colabora\u00e7\u00e3o inter-religiosa entre cat\u00f3licos e mu\u00e7ulmanos em prol das pessoas afetadas pelo terremoto como uma das experi\u00eancias mais preciosas de seu longo per\u00edodo no pa\u00eds. O prelado, que serviu como Vig\u00e1rio Apost\u00f3lico de Anat\u00f3lia de 2015 a 2024, conhece profundamente a regi\u00e3o. Ele compartilhou seus pensamentos e impress\u00f5es com a m\u00eddia vaticana sobre a pr\u00f3xima viagem apost\u00f3lica do Papa Le\u00e3o XIV \u00e0 Turquia, que levar\u00e1 o Pont\u00edfice em peregrina\u00e7\u00e3o a Ancara, Istambul e \u0130znik, a antiga Niceia, para o anivers\u00e1rio de 1.700 anos do Primeiro Conc\u00edlio Ecum\u00eanico.<\/p>\n<p style=\"text-align: justify;\"><b>De 27 a 30 de novembro, o Papa Le\u00e3o XIV far\u00e1 sua primeira viagem apost\u00f3lica \u00e0 Turquia, onde os crist\u00e3os s\u00e3o uma pequena minoria. Em sua opini\u00e3o, qual o significado desta visita para eles?<\/b><\/p>\n<p style=\"text-align: justify;\">Visitar pessoalmente o rebanho e levar a proximidade do Bom Pastor \u00e9 o prop\u00f3sito destas viagens papais. A Turquia \u00e9 um pa\u00eds important\u00edssimo n\u00e3o s\u00f3 pela sua hist\u00f3ria \u2014 o cristianismo como o conhecemos nasceu em Antioquia do Orontes, outrora capital da prov\u00edncia romana da S\u00edria, hoje na Turquia \u2014 mas tamb\u00e9m pela relev\u00e2ncia contempor\u00e2nea da vida crist\u00e3. A Turquia \u00e9 um laborat\u00f3rio no qual a Igreja Latina tamb\u00e9m deve estar ativa e humildemente presente.<\/p>\n<div style=\"text-align: justify;\">\n<div class=\"article__embed article__embed--unwrap article__embed--photo\">\n<figure><picture><img decoding=\"async\" class=\"loaded\" title=\"De 2019 a 2025, monsenhor Paolo Bizzeti foi presidente da Caritas Turquia\" src=\"https:\/\/www.vaticannews.va\/content\/dam\/vaticannews\/multimedia\/2023\/02\/17\/WhatsApp-Image-2023-02-17-at-12.43.08--rsz.jpeg\/_jcr_content\/renditions\/cq5dam.thumbnail.cropped.750.422.jpeg\" alt=\"De 2019 a 2025, monsenhor Paolo Bizzeti foi presidente da Caritas Turquia\" data-original=\"\/content\/dam\/vaticannews\/multimedia\/2023\/02\/17\/WhatsApp-Image-2023-02-17-at-12.43.08--rsz.jpeg\/_jcr_content\/renditions\/cq5dam.thumbnail.cropped.750.422.jpeg\" data-was-processed=\"true\" \/><\/picture><\/figure>\n<div class=\"photo_embed--Title\">De 2019 a 2025, monsenhor Paolo Bizzeti foi presidente da Caritas Turquia<\/div>\n<\/div>\n<\/div>\n<p style=\"text-align: justify;\"><b>E depois h\u00e1 o anivers\u00e1rio do Conc\u00edlio de Niceia&#8230;<\/b><\/p>\n<p style=\"text-align: justify;\">De fato, a visita do Papa \u00e9 tamb\u00e9m uma grande ocasi\u00e3o ecum\u00eanica, e o anivers\u00e1rio de Niceia servir\u00e1 para reavivar o esp\u00edrito que inspirou os Padres Conciliares: expressar sua f\u00e9 em novos termos e categorias, buscando o que une, como disse S\u00e3o Jo\u00e3o XXIII. Esta \u00e9 uma tarefa que deve ser sempre renovada.<\/p>\n<p style=\"text-align: justify;\"><b>Poderia descrever, em linhas gerais, o panorama religioso que Le\u00e3o XIV encontrar\u00e1 ao chegar \u00e0 Turquia?<\/b><\/p>\n<p style=\"text-align: justify;\">Religiosamente, a Turquia \u00e9 um mosaico no qual convivem o Isl\u00e3 pol\u00edtico, aquele religioso tradicional, a escola espiritual dos sufistas, a escola alau\u00edta, o agnosticismo ou te\u00edsmo de muitos, e significativas minorias crist\u00e3s. Mas a pastoral cat\u00f3lica \u00e9 muito limitada por leis ou pr\u00e1ticas que impedem a constru\u00e7\u00e3o de capelas, centros para jovens e centros culturais. Tudo acontece em algumas poucas par\u00f3quias, estabelecidas segundo o Tratado de Lausanne, de um s\u00e9culo atr\u00e1s.<\/p>\n<div style=\"text-align: justify;\">\n<div class=\"article__embed article__embed--unwrap article__embed--photo\">\n<figure><picture><img decoding=\"async\" class=\"loaded\" title=\"Em 6 de fevereiro, um forte terremoto de magnitude 7,8 atingiu ao amanhecer as regi\u00f5es na fronteira entre a Turquia e a S\u00edria\" src=\"https:\/\/www.vaticannews.va\/content\/dam\/vaticannews\/agenzie\/images\/ansa\/2023\/02\/11\/10\/1676107411296.jpg\/_jcr_content\/renditions\/cq5dam.thumbnail.cropped.750.422.jpeg\" alt=\"Em 6 de fevereiro, um forte terremoto de magnitude 7,8 atingiu ao amanhecer as regi\u00f5es na fronteira entre a Turquia e a S\u00edria\" data-original=\"\/content\/dam\/vaticannews\/agenzie\/images\/ansa\/2023\/02\/11\/10\/1676107411296.jpg\/_jcr_content\/renditions\/cq5dam.thumbnail.cropped.750.422.jpeg\" data-was-processed=\"true\" \/><\/picture><\/figure>\n<div class=\"photo_embed--Title\">Em 6 de fevereiro, um forte terremoto de magnitude 7,8 atingiu ao amanhecer as regi\u00f5es na fronteira entre a Turquia e a S\u00edria \u00a0 (ANSA)<\/div>\n<\/div>\n<\/div>\n<p style=\"text-align: justify;\"><b>Em 6 de fevereiro de 2023, um terremoto de magnitude 7,8 atingiu as \u00e1reas fronteiri\u00e7as entre a S\u00edria e a Turquia, matando mais de 50 mil pessoas, segundo relatos. A resposta da Caritas Turquia, apesar das in\u00fameras dificuldades, foi massiva, comprometida e eficaz. Como foi essa experi\u00eancia para toda a Caritas?<\/b><\/p>\n<p style=\"text-align: justify;\">O n\u00famero real de v\u00edtimas \u00e9 estimado como muito maior, e o n\u00famero de deslocados chegou \u00e0s centenas de milhares. Uma trag\u00e9dia tremenda, portanto, diante da qual todos n\u00f3s descobrimos nossa fragilidade, e cujas consequ\u00eancias ainda pesam muito sobre as comunidades locais mais pobres. Para n\u00f3s, da Caritas, foi um desafio que nos obrigou a crescer rapidamente, n\u00e3o sem dificuldades e erros. Mas ficamos muito felizes por termos dado nossa contribui\u00e7\u00e3o, por termos colaborado com organiza\u00e7\u00f5es de ajuda humanit\u00e1ria locais e nacionais, e por termos sido convidados e agradecidos oficialmente em Ancara. Fomos reconhecidos, algo in\u00e9dito, como uma organiza\u00e7\u00e3o que ajuda as pessoas de forma altru\u00edsta, sem distin\u00e7\u00e3o. Como cat\u00f3licos, temos orgulho de termos dado nossa pequena contribui\u00e7\u00e3o, fazendo frutificar ao m\u00e1ximo a ajuda que generosamente chegou dos quatro cantos do mundo.<\/p>\n<p style=\"text-align: justify;\"><b>Ent\u00e3o, pode-se dizer que o trabalho da Caritas Turquia, focado sem discrimina\u00e7\u00e3o em mu\u00e7ulmanos e crist\u00e3os, tamb\u00e9m teve efeitos positivos nas rela\u00e7\u00f5es entre os dois grupos religiosos?<\/b><\/p>\n<p style=\"text-align: justify;\">Nos meses que se seguiram ao terremoto, trabalhamos juntos, derrubando as barreiras tradicionais de separa\u00e7\u00e3o e demonstrando como o di\u00e1logo inter-religioso mais profundo, como disse o Papa Francisco, \u00e9 o da vida, especialmente na ajuda aos pobres.<\/p>\n<p style=\"text-align: justify;\"><b>Que impacto o senhor acha que a visita apost\u00f3lica do Papa ter\u00e1 sobre os colaboradores da Caritas Turquia e no ambiente em que a organiza\u00e7\u00e3o caritativa trabalha?<\/b><\/p>\n<p style=\"text-align: justify;\">Certamente ser\u00e1 uma oportunidade maravilhosa para todos os colaboradores se sentirem parte do Povo de Deus, unidos no servi\u00e7o e no cuidado aos mais vulner\u00e1veis, uma caracter\u00edstica do cristianismo, seguindo os passos de Jesus, servo de todos.<\/p>\n<\/div>\n<\/div>\n","protected":false},"excerpt":{"rendered":"<p>Uma das igrejas na Turquia afetadas pelo terremoto de 2023\u00a0 O ex-presidente da C\u00e1ritas e vig\u00e1rio apost\u00f3lico em\u00e9rito de Anat\u00f3lia falou \u00e0 m\u00eddia vaticana sobre a pr\u00f3xima visita apost\u00f3lica do Papa a um pa\u00eds &#8220;fascinante e generoso&#8221;, um mosaico de muitas comunidades religiosas: &#8220;A visita do Papa \u00e9 uma grande oportunidade ecum\u00eanica, e o anivers\u00e1rio [&hellip;]<\/p>\n","protected":false},"author":1,"featured_media":96043,"comment_status":"open","ping_status":"closed","sticky":false,"template":"","format":"standard","meta":{"footnotes":""},"categories":[3],"tags":[],"class_list":["post-96042","post","type-post","status-publish","format-standard","has-post-thumbnail","hentry","category-vaticano"],"_links":{"self":[{"href":"https:\/\/catolicanet.net\/wp-cnet\/wp-json\/wp\/v2\/posts\/96042","targetHints":{"allow":["GET"]}}],"collection":[{"href":"https:\/\/catolicanet.net\/wp-cnet\/wp-json\/wp\/v2\/posts"}],"about":[{"href":"https:\/\/catolicanet.net\/wp-cnet\/wp-json\/wp\/v2\/types\/post"}],"author":[{"embeddable":true,"href":"https:\/\/catolicanet.net\/wp-cnet\/wp-json\/wp\/v2\/users\/1"}],"replies":[{"embeddable":true,"href":"https:\/\/catolicanet.net\/wp-cnet\/wp-json\/wp\/v2\/comments?post=96042"}],"version-history":[{"count":1,"href":"https:\/\/catolicanet.net\/wp-cnet\/wp-json\/wp\/v2\/posts\/96042\/revisions"}],"predecessor-version":[{"id":96045,"href":"https:\/\/catolicanet.net\/wp-cnet\/wp-json\/wp\/v2\/posts\/96042\/revisions\/96045"}],"wp:featuredmedia":[{"embeddable":true,"href":"https:\/\/catolicanet.net\/wp-cnet\/wp-json\/wp\/v2\/media\/96043"}],"wp:attachment":[{"href":"https:\/\/catolicanet.net\/wp-cnet\/wp-json\/wp\/v2\/media?parent=96042"}],"wp:term":[{"taxonomy":"category","embeddable":true,"href":"https:\/\/catolicanet.net\/wp-cnet\/wp-json\/wp\/v2\/categories?post=96042"},{"taxonomy":"post_tag","embeddable":true,"href":"https:\/\/catolicanet.net\/wp-cnet\/wp-json\/wp\/v2\/tags?post=96042"}],"curies":[{"name":"wp","href":"https:\/\/api.w.org\/{rel}","templated":true}]}}