{"id":95989,"date":"2025-10-10T08:00:00","date_gmt":"2025-10-10T11:00:00","guid":{"rendered":"https:\/\/catolicanet.net\/wp-cnet\/?p=95989"},"modified":"2025-10-09T17:50:52","modified_gmt":"2025-10-09T20:50:52","slug":"maria-testemunha-da-esperanca","status":"publish","type":"post","link":"https:\/\/catolicanet.net\/wp-cnet\/maria-testemunha-da-esperanca\/","title":{"rendered":"Maria, testemunha da Esperan\u00e7a!"},"content":{"rendered":"<p style=\"text-align: justify;\">\u00a0\u00a0\u00a0\u00a0\u00a0\u00a0\u00a0\u00a0\u00a0\u00a0\u00a0 A Arquidiocese de Passo Fundo, no dia 12 de outubro, celebra a 44\u00aa Romaria em honra a Nossa Senhora Aparecida. Ela est\u00e1 em sintonia com o <em>Ano Jubilar 2025<\/em> que tem por lema <em>Peregrinos de Esperan\u00e7a<\/em>. Na proclama\u00e7\u00e3o do Jubileu o Papa Francisco ressaltou que a esperan\u00e7a necessita de testemunhas convincentes. Sem d\u00favida, Maria \u00e9 a primeira. Escreve Francisco: \u201cA esperan\u00e7a encontra, na M\u00e3e de Deus, a sua testemunha mais elevada. Nela vemos como a esperan\u00e7a n\u00e3o \u00e9 um ef\u00eamero otimismo, mas dom de gra\u00e7a no realismo da vida\u201d. Por isso, o lema da 44\u00aa Romaria \u00e9 <em>Maria, testemunha da Esperan\u00e7a<\/em>.<\/p>\n<p style=\"text-align: justify;\">\u00a0\u00a0\u00a0\u00a0\u00a0\u00a0\u00a0\u00a0\u00a0\u00a0\u00a0 A vida humana \u00e9 um caminho. Rumo a qual meta? Como encontramos o itiner\u00e1rio a seguir? No caminho tem escurid\u00e3o, n\u00e9voas, tempestades e por isso procuramos indica\u00e7\u00f5es seguras. As verdadeiras estrelas da nossa vida s\u00e3o as pessoas que souberam viver com retid\u00e3o, n\u00e3o se iludiram com falsos caminhos e nem se acomodaram na estrada. Estas pessoas s\u00e3o testemunhas que podem ser seguidas. Na peregrina\u00e7\u00e3o da vida crist\u00e3 Maria \u00e9 luz e testemunha da esperan\u00e7a. Recordemos algumas atitudes e fatos narrados pelos evangelistas onde atua e est\u00e1 presente Maria.<\/p>\n<p style=\"text-align: justify;\">\u00a0\u00a0\u00a0\u00a0\u00a0\u00a0\u00a0\u00a0\u00a0\u00a0\u00a0 Maria pertencia ao povo de Deus que esperava a realiza\u00e7\u00e3o da promessa do Salvador. Quando recebe a visita do anjo Gabriel e lhe \u00e9 pedido a sua colabora\u00e7\u00e3o, ela diz \u201csim\u201d. \u201cEis a serva do Senhor! Fa\u00e7a-se em mim segundo a tua palavra\u201d. Assim a esperan\u00e7a de mil\u00eanios se tornou realidade e o Salvador veio habitar entre n\u00f3s. Logo a seguir, Maria foi ao encontro de Isabel levando a boa not\u00edcia. Colocou-se a servi\u00e7o de Isabel que esperava o nascimento de Jo\u00e3o Batista. As duas compartilham as alegrias das a\u00e7\u00f5es de Deus na hist\u00f3ria.<\/p>\n<p style=\"text-align: justify;\">\u00a0\u00a0\u00a0\u00a0\u00a0\u00a0\u00a0\u00a0\u00a0\u00a0\u00a0 Em Bel\u00e9m, quando nasce Jesus, brilhou o esplendor dos anjos trazendo a boa not\u00edcia aos pastores. Hoje nasceu o Salvador, paz na terra aos homens por Deus amados. Magos, vindos do oriente, buscavam respostas para sua vida. Eles encontram, presenteiam e adoram o menino. Maria recebe estes visitantes e apresenta o menino Jesus. Depois, Jos\u00e9 e Maria levam Jesus ao Tempo e l\u00e1 se encontram com Sime\u00e3o e Ana. Estes glorificam a Deus dizendo que Jesus \u00e9 \u201cluz para iluminar as na\u00e7\u00f5es\u201d e \u201csalva\u00e7\u00e3o para os povos\u201d.<\/p>\n<p style=\"text-align: justify;\">\u00a0\u00a0\u00a0\u00a0\u00a0\u00a0\u00a0\u00a0\u00a0\u00a0\u00a0 Maria acompanha Jesus na prega\u00e7\u00e3o. Est\u00e1 presente nas Bodas de Can\u00e1 e atenta ao bem-estar dos rec\u00e9m-casados. Pede para Jesus ajudar na solu\u00e7\u00e3o do problema que estava por aparecer. Nas primeiras prega\u00e7\u00f5es na Sinagoga de Nazar\u00e9 as pessoas ficam admiradas e encantadas por Jesus, mas tamb\u00e9m apareceram rapidamente os que o rejeitam. Maria acompanhou o crescente poder da hostilidade e da rejei\u00e7\u00e3o que se ia progressivamente afirmando em volta de Jesus at\u00e9 a hora da cruz, onde se fez presente, ficando de p\u00e9.<\/p>\n<p style=\"text-align: justify;\">\u00a0\u00a0\u00a0\u00a0\u00a0\u00a0\u00a0\u00a0\u00a0\u00a0\u00a0 Escreve Francisco na Bula Jubilar: \u201cE, aos p\u00e9s da cruz, enquanto via Jesus inocente sofrer e morrer, embora atravessada por terr\u00edvel ang\u00fastia, repetia o seu \u201csim\u201d, sem perder a esperan\u00e7a e a confian\u00e7a no Senhor\u201d.\u00a0\u00a0\u00a0\u00a0\u00a0\u00a0\u00a0\u00a0\u00a0\u00a0\u00a0 Da cruz, Jesus d\u00e1 uma nova miss\u00e3o para Maria. \u201cMulher, eis a\u00ed o teu filho\u201d. A partir da cruz Maria ficou m\u00e3e de maneira nova: m\u00e3e de todos aqueles que querem acreditar em Jesus Cristo e segui-lo.<\/p>\n<p style=\"text-align: justify;\">\u00a0\u00a0\u00a0\u00a0\u00a0\u00a0\u00a0\u00a0\u00a0\u00a0\u00a0 Maria que acompanhara Jesus no caminho escutou o an\u00fancio da ressurrei\u00e7\u00e3o. Ela esperou na certeza, com os disc\u00edpulos, mesmo na escurid\u00e3o do s\u00e1bado santo, a manh\u00e3 da P\u00e1scoa. A alegria da ressurrei\u00e7\u00e3o tocou seu cora\u00e7\u00e3o e unindo-se de um modo novo aos disc\u00edpulos formou com eles a Igreja. Permaneceu rezando com os disc\u00edpulos e no dia de Pentecostes recebeu com eles o dom do Esp\u00edrito Santo.<\/p>\n<p style=\"text-align: justify;\">\u00a0\u00a0\u00a0\u00a0\u00a0\u00a0\u00a0\u00a0\u00a0\u00a0\u00a0 Desde aquele dia Maria caminha com a Igreja. \u201cA piedade popular continua a invocar a Virgem Santa como <em>Stella Maris<\/em> (estrela do mar), um t\u00edtulo que expressa a esperan\u00e7a segura de que, nas tempestuosas vicissitudes da vida, a M\u00e3e de Deus vem em nosso aux\u00edlio, apoia-nos e convida-nos a ter f\u00e9 e a continuar a esperar\u201d, escreve Francisco na Bula Jubilar. Maria \u00e9 a peregrina da esperan\u00e7a que ilumina a 44\u00aa Romaria e a peregrina\u00e7\u00e3o de cada dia.<\/p>\n","protected":false},"excerpt":{"rendered":"<p>\u00a0\u00a0\u00a0\u00a0\u00a0\u00a0\u00a0\u00a0\u00a0\u00a0\u00a0 A Arquidiocese de Passo Fundo, no dia 12 de outubro, celebra a 44\u00aa Romaria em honra a Nossa Senhora Aparecida. Ela est\u00e1 em sintonia com o Ano Jubilar 2025 que tem por lema Peregrinos de Esperan\u00e7a. Na proclama\u00e7\u00e3o do Jubileu o Papa Francisco ressaltou que a esperan\u00e7a necessita de testemunhas convincentes. Sem d\u00favida, Maria [&hellip;]<\/p>\n","protected":false},"author":18,"featured_media":55821,"comment_status":"open","ping_status":"closed","sticky":false,"template":"","format":"standard","meta":{"footnotes":""},"categories":[9],"tags":[],"class_list":["post-95989","post","type-post","status-publish","format-standard","has-post-thumbnail","hentry","category-artigos"],"_links":{"self":[{"href":"https:\/\/catolicanet.net\/wp-cnet\/wp-json\/wp\/v2\/posts\/95989","targetHints":{"allow":["GET"]}}],"collection":[{"href":"https:\/\/catolicanet.net\/wp-cnet\/wp-json\/wp\/v2\/posts"}],"about":[{"href":"https:\/\/catolicanet.net\/wp-cnet\/wp-json\/wp\/v2\/types\/post"}],"author":[{"embeddable":true,"href":"https:\/\/catolicanet.net\/wp-cnet\/wp-json\/wp\/v2\/users\/18"}],"replies":[{"embeddable":true,"href":"https:\/\/catolicanet.net\/wp-cnet\/wp-json\/wp\/v2\/comments?post=95989"}],"version-history":[{"count":1,"href":"https:\/\/catolicanet.net\/wp-cnet\/wp-json\/wp\/v2\/posts\/95989\/revisions"}],"predecessor-version":[{"id":95990,"href":"https:\/\/catolicanet.net\/wp-cnet\/wp-json\/wp\/v2\/posts\/95989\/revisions\/95990"}],"wp:featuredmedia":[{"embeddable":true,"href":"https:\/\/catolicanet.net\/wp-cnet\/wp-json\/wp\/v2\/media\/55821"}],"wp:attachment":[{"href":"https:\/\/catolicanet.net\/wp-cnet\/wp-json\/wp\/v2\/media?parent=95989"}],"wp:term":[{"taxonomy":"category","embeddable":true,"href":"https:\/\/catolicanet.net\/wp-cnet\/wp-json\/wp\/v2\/categories?post=95989"},{"taxonomy":"post_tag","embeddable":true,"href":"https:\/\/catolicanet.net\/wp-cnet\/wp-json\/wp\/v2\/tags?post=95989"}],"curies":[{"name":"wp","href":"https:\/\/api.w.org\/{rel}","templated":true}]}}