{"id":95980,"date":"2025-10-09T11:46:30","date_gmt":"2025-10-09T14:46:30","guid":{"rendered":"https:\/\/catolicanet.net\/wp-cnet\/?p=95980"},"modified":"2025-10-09T17:47:15","modified_gmt":"2025-10-09T20:47:15","slug":"a-fe-que-se-traduz-em-obras-reflexoes-sobre-dilexi-te","status":"publish","type":"post","link":"https:\/\/catolicanet.net\/wp-cnet\/a-fe-que-se-traduz-em-obras-reflexoes-sobre-dilexi-te\/","title":{"rendered":"A F\u00e9 que se Traduz em Obras: Reflex\u00f5es sobre Dilexi te"},"content":{"rendered":"<p style=\"text-align: justify;\">Recebemos com aten\u00e7\u00e3o a nova Exorta\u00e7\u00e3o Apost\u00f3lica de Sua Santidade, o Papa Le\u00e3o XIV, intitulada <em>Dilexi te<\/em> (\u201cEu te amei\u201d). Trata-se de um documento que nos convida a voltar ao centro de nossa f\u00e9, recordando a todos os batizados a liga\u00e7\u00e3o insepar\u00e1vel que existe entre o amor a Deus e o amor ao pr\u00f3ximo, especialmente aos mais pobres e necessitados. O Santo Padre, com palavras claras, nos mostra que a caridade n\u00e3o \u00e9 um ap\u00eandice ou uma atividade opcional para o crist\u00e3o, mas a pr\u00f3pria manifesta\u00e7\u00e3o de uma f\u00e9 verdadeira.<\/p>\n<p style=\"text-align: justify;\">O Papa Le\u00e3o XIV fundamenta sua reflex\u00e3o na Palavra de Deus, lembrando que o pr\u00f3prio Jesus se identificou com os mais pequeninos. A passagem do Evangelho de S\u00e3o Mateus sobre o Ju\u00edzo Final \u00e9 o ponto central de todo o documento: \u201ctudo o que fizestes a um destes meus irm\u00e3os mais pequeninos, a mim mesmo o fizestes\u201d (Mt 25, 40). Esta n\u00e3o \u00e9 uma bela met\u00e1fora, mas uma verdade profunda: encontrar o pobre \u00e9 encontrar o pr\u00f3prio Cristo. O Papa nos recorda que Jesus viveu uma vida simples, nasceu em condi\u00e7\u00f5es humildes e esteve sempre ao lado dos doentes, dos marginalizados e dos pecadores. Ser crist\u00e3o, portanto, \u00e9 seguir este mesmo caminho.<\/p>\n<p style=\"text-align: justify;\">A Exorta\u00e7\u00e3o Apost\u00f3lica nos faz um forte apelo contra a indiferen\u00e7a. Em nosso mundo, \u00e9 f\u00e1cil nos fecharmos em nossos pr\u00f3prios problemas e \u201cpassar ao largo\u201d diante do sofrimento alheio, como fizeram o sacerdote e o levita na par\u00e1bola do bom samaritano. O Papa Le\u00e3o XIV nos questiona diretamente sobre qual personagem escolhemos ser. A f\u00e9 n\u00e3o pode conviver com a omiss\u00e3o. Somos chamados a ter um cora\u00e7\u00e3o compassivo, que se comove com a dor do outro e se mobiliza para ajudar de forma concreta.<\/p>\n<p style=\"text-align: justify;\">Este documento nos ensina que os pobres t\u00eam muito a nos oferecer. Em sua simplicidade e, muitas vezes, em sua grande f\u00e9, eles nos evangelizam. Lembram-nos do que \u00e9 verdadeiramente essencial na vida, ajudando-nos a nos desapegarmos do sup\u00e9rfluo e a confiarmos mais na Provid\u00eancia de Deus. A aproxima\u00e7\u00e3o com os necessitados \u00e9 um caminho de convers\u00e3o tamb\u00e9m para n\u00f3s.<\/p>\n<p style=\"text-align: justify;\">Portanto, a Exorta\u00e7\u00e3o Apost\u00f3lica <em>Dilexi te<\/em> \u00e9 um chamado pr\u00e1tico para todas as nossas par\u00f3quias, comunidades e fam\u00edlias. Ela nos convida a examinar nossa consci\u00eancia e a nos perguntarmos como estamos vivendo o mandamento do amor. Que a leitura deste documento nos impulsione a gestos concretos de solidariedade, a uma maior aten\u00e7\u00e3o para com aqueles que sofrem ao nosso lado e a uma f\u00e9 que se traduza, verdadeiramente, em obras de miseric\u00f3rdia.<\/p>\n","protected":false},"excerpt":{"rendered":"<p>Recebemos com aten\u00e7\u00e3o a nova Exorta\u00e7\u00e3o Apost\u00f3lica de Sua Santidade, o Papa Le\u00e3o XIV, intitulada Dilexi te (\u201cEu te amei\u201d). Trata-se de um documento que nos convida a voltar ao centro de nossa f\u00e9, recordando a todos os batizados a liga\u00e7\u00e3o insepar\u00e1vel que existe entre o amor a Deus e o amor ao pr\u00f3ximo, especialmente [&hellip;]<\/p>\n","protected":false},"author":53272,"featured_media":92837,"comment_status":"open","ping_status":"closed","sticky":false,"template":"","format":"standard","meta":{"footnotes":""},"categories":[9],"tags":[],"class_list":["post-95980","post","type-post","status-publish","format-standard","has-post-thumbnail","hentry","category-artigos"],"_links":{"self":[{"href":"https:\/\/catolicanet.net\/wp-cnet\/wp-json\/wp\/v2\/posts\/95980","targetHints":{"allow":["GET"]}}],"collection":[{"href":"https:\/\/catolicanet.net\/wp-cnet\/wp-json\/wp\/v2\/posts"}],"about":[{"href":"https:\/\/catolicanet.net\/wp-cnet\/wp-json\/wp\/v2\/types\/post"}],"author":[{"embeddable":true,"href":"https:\/\/catolicanet.net\/wp-cnet\/wp-json\/wp\/v2\/users\/53272"}],"replies":[{"embeddable":true,"href":"https:\/\/catolicanet.net\/wp-cnet\/wp-json\/wp\/v2\/comments?post=95980"}],"version-history":[{"count":1,"href":"https:\/\/catolicanet.net\/wp-cnet\/wp-json\/wp\/v2\/posts\/95980\/revisions"}],"predecessor-version":[{"id":95982,"href":"https:\/\/catolicanet.net\/wp-cnet\/wp-json\/wp\/v2\/posts\/95980\/revisions\/95982"}],"wp:featuredmedia":[{"embeddable":true,"href":"https:\/\/catolicanet.net\/wp-cnet\/wp-json\/wp\/v2\/media\/92837"}],"wp:attachment":[{"href":"https:\/\/catolicanet.net\/wp-cnet\/wp-json\/wp\/v2\/media?parent=95980"}],"wp:term":[{"taxonomy":"category","embeddable":true,"href":"https:\/\/catolicanet.net\/wp-cnet\/wp-json\/wp\/v2\/categories?post=95980"},{"taxonomy":"post_tag","embeddable":true,"href":"https:\/\/catolicanet.net\/wp-cnet\/wp-json\/wp\/v2\/tags?post=95980"}],"curies":[{"name":"wp","href":"https:\/\/api.w.org\/{rel}","templated":true}]}}