{"id":95935,"date":"2025-10-03T09:05:04","date_gmt":"2025-10-03T12:05:04","guid":{"rendered":"https:\/\/catolicanet.net\/wp-cnet\/?p=95935"},"modified":"2025-10-06T13:06:12","modified_gmt":"2025-10-06T16:06:12","slug":"semana-da-vida-e-dia-do-nascituro-2025","status":"publish","type":"post","link":"https:\/\/catolicanet.net\/wp-cnet\/semana-da-vida-e-dia-do-nascituro-2025\/","title":{"rendered":"Semana da vida e dia do Nascituro 2025"},"content":{"rendered":"<p style=\"text-align: center;\"><em>\u201cCuidar de si, do pr\u00f3ximo e da casa comum\u201d<\/em><\/p>\n<p style=\"text-align: justify;\"><em>\u00a0<\/em>Entre os dias 1\u00ba e 8 de outubro a Igreja celebra a <em>Semana Nacional da Vida<\/em> e, no dia 8, comemora o <em>Dia do Nascituro<\/em>. Essa iniciativa tem como objetivo levar toda a sociedade a tomar consci\u00eancia da import\u00e2ncia de cuidar da vida desde a concep\u00e7\u00e3o at\u00e9 a velhice. Deus nos colocou no mundo, em primeiro lugar, para que f\u00f4ssemos felizes; em segundo lugar, para que cuid\u00e1ssemos de n\u00f3s mesmos, do pr\u00f3ximo e de tudo o que existe; e, em terceiro lugar, para que defendamos a vida desde a concep\u00e7\u00e3o at\u00e9 a morte natural. Ou seja, ningu\u00e9m tem o direito de tirar a vida do outro, apenas Deus. Por isso mesmo, devemos ser contra o aborto, defendendo sempre a vida em primeiro lugar.<\/p>\n<p style=\"text-align: justify;\">Ningu\u00e9m tem o direito de tirar a pr\u00f3pria vida nem de tirar a vida do pr\u00f3ximo. Deus nos deu a vida e somente Ele tem o poder de tir\u00e1-la e de nos chamar de volta quando quiser. Dessa forma, conforme j\u00e1 dissemos, a Igreja \u00e9 totalmente contra o aborto e motiva todos os fi\u00e9is a tamb\u00e9m o serem. N\u00e3o podemos tirar a vida de um ser humano que ainda n\u00e3o pode se defender.<\/p>\n<p style=\"text-align: justify;\">A Igreja incentiva os casais que se unem em matrim\u00f4nio a gerarem filhos, pois o fim \u00faltimo do matrim\u00f4nio \u00e9 justamente a gera\u00e7\u00e3o da vida, fruto do amor m\u00fatuo do casal. Todos devem estar abertos \u00e0 vida, sobretudo os casais que se unem pelo matrim\u00f4nio.<\/p>\n<p style=\"text-align: justify;\">A <em>Semana Nacional da Vida<\/em> \u00e9 organizada pela Comiss\u00e3o Episcopal para a Vida e Fam\u00edlia da Confer\u00eancia Nacional dos Bispos do Brasil (CNBB) e acontece todos os anos, de 1\u00ba a 7 de outubro. Neste ano de 2025, o tema escolhido \u00e9: <em>\u201cCuidar de si, do pr\u00f3ximo e da casa comum\u201d<\/em>. Esse tema est\u00e1 profundamente ligado \u00e0 nossa miss\u00e3o: cuidar, em primeiro lugar, de n\u00f3s mesmos, preservando nossa vida de todo o mal, cuidando do nosso corpo \u2014 templo do Esp\u00edrito Santo \u2014; em segundo lugar, cuidar do pr\u00f3ximo, respeitando sua vida e dignidade; e, em terceiro lugar, cuidar da casa comum, ou seja, do ambiente em que vivemos, para que seja saud\u00e1vel e agrad\u00e1vel a todos. Precisamos pensar no pr\u00f3ximo, sobretudo no que diz respeito ao cuidado com a natureza e com o meio ambiente.<\/p>\n<p style=\"text-align: justify;\">A CNBB, com a <em>Semana Nacional da Vida<\/em>, prop\u00f5e uma reflex\u00e3o sobre os cuidados necess\u00e1rios \u00e0 vida, desde a sua concep\u00e7\u00e3o at\u00e9 o seu fim natural. Al\u00e9m disso, convida todos os fi\u00e9is a se unirem em ora\u00e7\u00e3o por meio do subs\u00eddio <em>Hora da Vida<\/em>, rezando tanto pelos que est\u00e3o chegando quanto pelos que j\u00e1 cumpriram a sua miss\u00e3o.<\/p>\n<p style=\"text-align: justify;\">Dom Bruno Elizeu Versari, Bispo de Ponta Grossa (PR) e Presidente da Comiss\u00e3o Episcopal para a Vida e Fam\u00edlia da CNBB, afirmou sobre a Semana Nacional da Vida:<em>\u201cPropomos uma reflex\u00e3o sobre a cultura do encontro, para promover mais intera\u00e7\u00e3o e vida entre as pessoas e o meio ambiente. Uma reflex\u00e3o importante na educa\u00e7\u00e3o dos filhos, em tempos de profundos desafios na forma\u00e7\u00e3o, para valorizar a vida e o cuidado com a sa\u00fade.\u201d<\/em><\/p>\n<p style=\"text-align: justify;\">Tempos atr\u00e1s os casais que se uniam em matrim\u00f4nio costumavam ter quatro, cinco ou at\u00e9 mais filhos. Hoje, muitos optam por ter apenas um, quando muito. \u00c9 claro que os tempos mudaram e o padr\u00e3o de vida tamb\u00e9m, mas ainda assim o casal deve pensar, em primeiro lugar, na miss\u00e3o de gerar vidas. Deus nos ama e deseja que nos amemos uns aos outros. O amor que o casal sente um pelo outro deve se traduzir tamb\u00e9m no dom da vida transmitido aos filhos.<\/p>\n<p style=\"text-align: justify;\">No <em>Dia do Nascituro<\/em>, na quarta-feira, 8 de outubro, acontecem nas igrejas celebra\u00e7\u00f5es e manifesta\u00e7\u00f5es em favor da vida. Nesse dia, os fi\u00e9is tamb\u00e9m pedem a Deus que os direitos de todas as crian\u00e7as sejam garantidos e que sua dignidade seja respeitada. Nessa celebra\u00e7\u00e3o, ergue-se um grande apelo em favor da vida e contra o aborto. As reflex\u00f5es da Semana da Vida culminam no dia 8, com esse gesto de ora\u00e7\u00e3o e compromisso, mas, naturalmente, somos convidados a refletir sobre a defesa da vida durante todo o ano.<\/p>\n<p style=\"text-align: justify;\">Seguem abaixo os oito encontros propostos para reflex\u00e3o ao longo da Semana Nacional da Vida, que culminam no <em>Dia do Nascituro<\/em>:<\/p>\n<ol style=\"text-align: justify;\">\n<li>N\u00e3o nos descuidemos de nossa pr\u00f3pria sa\u00fade integral: do corpo, da alma, da mente e das nossas rela\u00e7\u00f5es.<\/li>\n<li>Fam\u00edlias que protegem e n\u00e3o desprezam os anci\u00e3os.<\/li>\n<li>Princ\u00edpio da vida, dom de Deus: Maria sa\u00fada Isabel.<\/li>\n<li>Cuidado com a educa\u00e7\u00e3o dos filhos: miss\u00e3o dos pais e dom de Deus.<\/li>\n<li>Cuidado formal: gratid\u00e3o aos profissionais da sa\u00fade.<\/li>\n<li>Cuidar do pr\u00f3ximo: verdadeiro ato de amor.<\/li>\n<li>Aspectos b\u00edblicos dos cuidados com a casa comum.<\/li>\n<li>Celebra\u00e7\u00e3o da vida \u2013 para o Dia do Nascituro, em 8 de outubro.<\/li>\n<\/ol>\n<p style=\"text-align: justify;\">Celebremos com alegria, mas sobretudo com consci\u00eancia, esta <em>Semana Nacional da Vida<\/em>. Que, acima de tudo, defendamos a vida em todas as suas etapas. O mundo precisa que as novas gera\u00e7\u00f5es venham para transformar a mentalidade desta gera\u00e7\u00e3o atual.<\/p>\n","protected":false},"excerpt":{"rendered":"<p>\u201cCuidar de si, do pr\u00f3ximo e da casa comum\u201d \u00a0Entre os dias 1\u00ba e 8 de outubro a Igreja celebra a Semana Nacional da Vida e, no dia 8, comemora o Dia do Nascituro. Essa iniciativa tem como objetivo levar toda a sociedade a tomar consci\u00eancia da import\u00e2ncia de cuidar da vida desde a concep\u00e7\u00e3o [&hellip;]<\/p>\n","protected":false},"author":5,"featured_media":55819,"comment_status":"open","ping_status":"closed","sticky":false,"template":"","format":"standard","meta":{"footnotes":""},"categories":[9],"tags":[],"class_list":["post-95935","post","type-post","status-publish","format-standard","has-post-thumbnail","hentry","category-artigos"],"_links":{"self":[{"href":"https:\/\/catolicanet.net\/wp-cnet\/wp-json\/wp\/v2\/posts\/95935","targetHints":{"allow":["GET"]}}],"collection":[{"href":"https:\/\/catolicanet.net\/wp-cnet\/wp-json\/wp\/v2\/posts"}],"about":[{"href":"https:\/\/catolicanet.net\/wp-cnet\/wp-json\/wp\/v2\/types\/post"}],"author":[{"embeddable":true,"href":"https:\/\/catolicanet.net\/wp-cnet\/wp-json\/wp\/v2\/users\/5"}],"replies":[{"embeddable":true,"href":"https:\/\/catolicanet.net\/wp-cnet\/wp-json\/wp\/v2\/comments?post=95935"}],"version-history":[{"count":1,"href":"https:\/\/catolicanet.net\/wp-cnet\/wp-json\/wp\/v2\/posts\/95935\/revisions"}],"predecessor-version":[{"id":95937,"href":"https:\/\/catolicanet.net\/wp-cnet\/wp-json\/wp\/v2\/posts\/95935\/revisions\/95937"}],"wp:featuredmedia":[{"embeddable":true,"href":"https:\/\/catolicanet.net\/wp-cnet\/wp-json\/wp\/v2\/media\/55819"}],"wp:attachment":[{"href":"https:\/\/catolicanet.net\/wp-cnet\/wp-json\/wp\/v2\/media?parent=95935"}],"wp:term":[{"taxonomy":"category","embeddable":true,"href":"https:\/\/catolicanet.net\/wp-cnet\/wp-json\/wp\/v2\/categories?post=95935"},{"taxonomy":"post_tag","embeddable":true,"href":"https:\/\/catolicanet.net\/wp-cnet\/wp-json\/wp\/v2\/tags?post=95935"}],"curies":[{"name":"wp","href":"https:\/\/api.w.org\/{rel}","templated":true}]}}