{"id":95928,"date":"2025-10-05T09:00:27","date_gmt":"2025-10-05T12:00:27","guid":{"rendered":"https:\/\/catolicanet.net\/wp-cnet\/?p=95928"},"modified":"2025-10-06T13:01:45","modified_gmt":"2025-10-06T16:01:45","slug":"xxvii-domingo-do-tempo-comum-2","status":"publish","type":"post","link":"https:\/\/catolicanet.net\/wp-cnet\/xxvii-domingo-do-tempo-comum-2\/","title":{"rendered":"XXVII Domingo do Tempo Comum"},"content":{"rendered":"<p style=\"text-align: justify;\">Estamos celebrando o XXVII Domingo do Tempo Comum. A liturgia deste domingo nos apresenta a realidade da f\u00e9. Surge a s\u00faplica dos Ap\u00f3stolos: <em>\u201cSenhor, aumenta a nossa f\u00e9!\u201d<\/em> E Jesus lhes disse: <em>\u201cSe v\u00f3s tiv\u00e9sseis f\u00e9, mesmo pequena como um gr\u00e3o de mostarda, poder\u00edeis dizer a esta amoreira: \u2018Arranca-te daqui e planta-te no mar\u2019, e ela vos obedeceria\u201d<\/em> (Lc 17,6). \u00c9 uma linguagem figurada que exprime a onipot\u00eancia da f\u00e9.<\/p>\n<p style=\"text-align: justify;\">Jesus n\u00e3o pede muito; pede apenas um pouquinho de f\u00e9, como o min\u00fasculo gr\u00e3o de mostarda, bem menor que a cabe\u00e7a de um alfinete. Mas, se for sincera, viva e convicta, a f\u00e9 ser\u00e1 capaz de coisas muito maiores, inconceb\u00edveis \u00e0 compreens\u00e3o humana. O Senhor quer educar seus disc\u00edpulos numa f\u00e9 sem incertezas nem vacila\u00e7\u00f5es; numa f\u00e9 que, apoiada na for\u00e7a de Deus, tudo cr\u00ea, tudo espera, a tudo se atreve e persevera invenc\u00edvel, mesmo diante das dificuldades mais \u00e1rduas.<\/p>\n<p style=\"text-align: justify;\">Na primeira leitura (Hab 1,2-3; 2,2-4), at\u00e9 o profeta Habacuc experimenta impaci\u00eancia diante das demoras de Deus. O Senhor parece n\u00e3o ter pressa em castigar os injustos\u2026 mas Ele deseja a salva\u00e7\u00e3o de todos os homens. Sua justi\u00e7a pode demorar, mas n\u00e3o falha: <em>\u201cEsta profecia tende para um desfecho e n\u00e3o falhar\u00e1; se demorar, espera, pois ela vir\u00e1 com certeza. Quem n\u00e3o \u00e9 correto vai morrer, mas o justo viver\u00e1 por sua f\u00e9!\u201d<\/em> (Hb 2,3-4).<\/p>\n<p style=\"text-align: justify;\">Na segunda leitura (2Tm 1,6-8.13-14), o Ap\u00f3stolo Paulo procura reavivar a f\u00e9 em seu disc\u00edpulo Tim\u00f3teo, na Palavra de Deus recebida pela imposi\u00e7\u00e3o de suas m\u00e3os apost\u00f3licas: <em>\u201cGuarda o precioso dep\u00f3sito, com a ajuda do Esp\u00edrito Santo, que habita em n\u00f3s!\u201d<\/em> (2Tm 1,14).<\/p>\n<p style=\"text-align: justify;\">No Evangelho (Lc 17,5-10), aprendemos que, sem f\u00e9, nada de bom permanece na Igreja de Cristo. A f\u00e9 \u00e9 dom de Deus: \u00e9 crer no seu poder e no seu amor, fonte de paz, felicidade e certeza de vida eterna. Precisamos pedir ao Senhor uma f\u00e9 firme, que reanime o amor, nos ajude a superar nossas fraquezas e nos torne testemunhas vivas no lugar em que desenvolvemos nossa vida.<\/p>\n<p style=\"text-align: justify;\">A f\u00e9 comunica uma for\u00e7a extraordin\u00e1ria! Com ela superamos obst\u00e1culos de ambientes adversos e dificuldades pessoais, muitas vezes ainda mais dif\u00edceis de vencer. Mas crer n\u00e3o significa compreender tudo. O profeta que fala em nome de Deus nem sempre compreende totalmente o agir divino, e por isso se angustia, pergunta e chora: <em>\u201cSenhor, por que ages assim? Por que teus caminhos nos escapam deste modo?\u201d<\/em><\/p>\n<p style=\"text-align: justify;\">A verdade \u00e9 que a f\u00e9 n\u00e3o \u00e9 uma realidade tranquila e sem conflitos. O pr\u00f3prio Jesus advertiu que somente os violentos conquistam o Reino dos C\u00e9us (cf. Mt 11,12s): somente aqueles que lutam, que teimam em acreditar! A f\u00e9 sangra: sangra nas perguntas sem resposta, no sofrimento dos inocentes, na vit\u00f3ria dos maus, na presen\u00e7a do mal em tantas dimens\u00f5es da vida\u2026 e Deus parece calar-se.<\/p>\n<p style=\"text-align: justify;\">A resposta de Deus a Habacuc n\u00e3o explica: convida a crer, a abandonar-se novamente, a perseverar. <em>\u201cQuem n\u00e3o \u00e9 correto vai morrer, mas o justo viver\u00e1 por sua f\u00e9!\u201d<\/em> Deus n\u00e3o oferece respostas prontas, mas chama \u00e0 confian\u00e7a renovada, ao abandono em suas m\u00e3os. Quem n\u00e3o se entrega, quem n\u00e3o vive na amizade com o Senhor, perde a f\u00e9; mas o justo, o amigo de Deus, permanece firme.<\/p>\n<p style=\"text-align: justify;\">O justo vive da f\u00e9! Eis a grande dificuldade do homem de hoje, que deseja enquadrar tudo na raz\u00e3o. Quando n\u00e3o compreende, revolta-se, d\u00e1 as costas a Deus e, assim, morre espiritualmente\u2026 pois viver sem Deus \u00e9 a pior das mortes, o maior dos absurdos. O justo, ao contr\u00e1rio, vive da f\u00e9, vive na f\u00e9, abandonado nas m\u00e3os do Senhor, como rezamos na Ant\u00edfona de Entrada da liturgia deste domingo: <em>\u201cSenhor, tudo est\u00e1 em vosso poder, e ningu\u00e9m pode resistir \u00e0 vossa vontade. V\u00f3s fizestes todas as coisas: o c\u00e9u, a terra e tudo o que eles cont\u00eam; sois o Deus do universo!\u201d<\/em> (Est 13,9-11).<\/p>\n<p style=\"text-align: justify;\">No Evangelho, os disc\u00edpulos pedem: <em>\u201cSenhor, aumenta a nossa f\u00e9!\u201d<\/em> E Jesus responde: <em>\u201cSe v\u00f3s tiv\u00e9sseis f\u00e9, mesmo pequena como um gr\u00e3o de mostarda, poder\u00edeis dizer a esta amoreira: \u2018Arranca-te daqui e planta-te no mar\u2019, e ela vos obedeceria.\u201d<\/em> Ou seja: se crermos verdadeiramente no amor que se manifestou at\u00e9 a cruz, se acreditarmos \u2014 aconte\u00e7a o que acontecer \u2014 que Deus nos ama a ponto de entregar o seu Filho, teremos for\u00e7a para enfrentar todas as noites com sua luz, todos os pecados com sua gra\u00e7a, todas as mortes com a sua vida.<\/p>\n<p style=\"text-align: justify;\">Mas, se n\u00e3o crermos, pereceremos. O que o Senhor espera de seus servos \u00e9 uma f\u00e9 total, incondicional, pobre e amorosa. Contudo, muitas vezes buscamos recompensas, provas, certezas l\u00f3gicas.<\/p>\n<p style=\"text-align: justify;\">Pe\u00e7amos insistentemente ao Senhor que aumente a nossa f\u00e9 e n\u00e3o descuidemos desse tesouro. Cremos em Deus e lutamos pelo bem da humanidade e de cada pessoa ao nosso lado, conscientes de que podemos e devemos oferecer aos nossos amigos o que temos de mais precioso: a f\u00e9 em Deus, a amizade com Cristo e o verdadeiro sentido da vida\u2026 e tamb\u00e9m da morte.<\/p>\n","protected":false},"excerpt":{"rendered":"<p>Estamos celebrando o XXVII Domingo do Tempo Comum. A liturgia deste domingo nos apresenta a realidade da f\u00e9. Surge a s\u00faplica dos Ap\u00f3stolos: \u201cSenhor, aumenta a nossa f\u00e9!\u201d E Jesus lhes disse: \u201cSe v\u00f3s tiv\u00e9sseis f\u00e9, mesmo pequena como um gr\u00e3o de mostarda, poder\u00edeis dizer a esta amoreira: \u2018Arranca-te daqui e planta-te no mar\u2019, e [&hellip;]<\/p>\n","protected":false},"author":5,"featured_media":55819,"comment_status":"open","ping_status":"closed","sticky":false,"template":"","format":"standard","meta":{"footnotes":""},"categories":[9],"tags":[],"class_list":["post-95928","post","type-post","status-publish","format-standard","has-post-thumbnail","hentry","category-artigos"],"_links":{"self":[{"href":"https:\/\/catolicanet.net\/wp-cnet\/wp-json\/wp\/v2\/posts\/95928","targetHints":{"allow":["GET"]}}],"collection":[{"href":"https:\/\/catolicanet.net\/wp-cnet\/wp-json\/wp\/v2\/posts"}],"about":[{"href":"https:\/\/catolicanet.net\/wp-cnet\/wp-json\/wp\/v2\/types\/post"}],"author":[{"embeddable":true,"href":"https:\/\/catolicanet.net\/wp-cnet\/wp-json\/wp\/v2\/users\/5"}],"replies":[{"embeddable":true,"href":"https:\/\/catolicanet.net\/wp-cnet\/wp-json\/wp\/v2\/comments?post=95928"}],"version-history":[{"count":1,"href":"https:\/\/catolicanet.net\/wp-cnet\/wp-json\/wp\/v2\/posts\/95928\/revisions"}],"predecessor-version":[{"id":95930,"href":"https:\/\/catolicanet.net\/wp-cnet\/wp-json\/wp\/v2\/posts\/95928\/revisions\/95930"}],"wp:featuredmedia":[{"embeddable":true,"href":"https:\/\/catolicanet.net\/wp-cnet\/wp-json\/wp\/v2\/media\/55819"}],"wp:attachment":[{"href":"https:\/\/catolicanet.net\/wp-cnet\/wp-json\/wp\/v2\/media?parent=95928"}],"wp:term":[{"taxonomy":"category","embeddable":true,"href":"https:\/\/catolicanet.net\/wp-cnet\/wp-json\/wp\/v2\/categories?post=95928"},{"taxonomy":"post_tag","embeddable":true,"href":"https:\/\/catolicanet.net\/wp-cnet\/wp-json\/wp\/v2\/tags?post=95928"}],"curies":[{"name":"wp","href":"https:\/\/api.w.org\/{rel}","templated":true}]}}