{"id":95917,"date":"2025-10-06T09:33:57","date_gmt":"2025-10-06T12:33:57","guid":{"rendered":"https:\/\/catolicanet.net\/wp-cnet\/?p=95917"},"modified":"2025-10-06T12:35:23","modified_gmt":"2025-10-06T15:35:23","slug":"o-evangelho-do-cuidado-uma-resposta-de-amor-ao-nascituro","status":"publish","type":"post","link":"https:\/\/catolicanet.net\/wp-cnet\/o-evangelho-do-cuidado-uma-resposta-de-amor-ao-nascituro\/","title":{"rendered":"O Evangelho do Cuidado: Uma Resposta de Amor ao Nascituro"},"content":{"rendered":"<p style=\"text-align: center;\"><em>Mensagem de Dom Anuar Battisti para a Semana do Nascituro de 2025<\/em><\/p>\n<p style=\"text-align: justify;\">Queridos filhos e filhas, a paz de Cristo, o Bom Pastor!<\/p>\n<p style=\"text-align: justify;\">Ao celebrarmos a Semana Nacional da Vida, nosso cora\u00e7\u00e3o se volta para uma pergunta essencial que um doutor da Lei fez a Jesus: \u201cE quem \u00e9 o meu pr\u00f3ximo?\u201d (Lc 10,29). A resposta do Mestre, a par\u00e1bola do Bom Samaritano, ressoa com especial for\u00e7a em nossos dias e nos oferece uma luz para compreender nossa miss\u00e3o diante do dom da vida nascente.<\/p>\n<p style=\"text-align: justify;\">A par\u00e1bola nos fala de um homem deixado \u00e0 beira do caminho, ferido e ignorado por aqueles que, por dever ou conveni\u00eancia, decidiram \u201cpassar do outro lado\u201d. Hoje, o nascituro \u00e9, em muitos aspectos, este viajante an\u00f4nimo. Sua exist\u00eancia, embora real e pulsante no santu\u00e1rio do ventre materno, \u00e9 frequentemente ignorada pela indiferen\u00e7a de uma sociedade que acelera o passo, ou relativizada por vozes que n\u00e3o querem se comprometer com sua fragilidade.<\/p>\n<p style=\"text-align: justify;\">O Bom Samaritano, ao contr\u00e1rio, <em>\u201cviu, sentiu compaix\u00e3o e cuidou dele\u201d<\/em> (cf. Lc 10,33-34). Este itiner\u00e1rio do cora\u00e7\u00e3o \u00e9 o caminho que somos chamados a percorrer.<\/p>\n<ul style=\"text-align: justify;\">\n<li><strong>Ver:<\/strong> Primeiramente, \u00e9 preciso <em>ver<\/em>. Ver com os olhos da f\u00e9 e da ci\u00eancia a realidade de uma vida humana \u00fanica e irrepet\u00edvel desde o momento da concep\u00e7\u00e3o. \u00c9 um chamado a n\u00e3o desviar o olhar, a n\u00e3o nos acostumarmos com as narrativas que desumanizam o embri\u00e3o.<\/li>\n<li><strong>Sentir Compaix\u00e3o:<\/strong> Em seguida, somos movidos \u00e0 <em>compaix\u00e3o<\/em>. N\u00e3o uma piedade distante, mas o sentimento profundo que nos une ao outro, que nos faz sentir a sua vulnerabilidade como nossa. Esta compaix\u00e3o nos leva \u00e0 ora\u00e7\u00e3o, a colocar diante de Deus a vida de cada gestante e de cada crian\u00e7a que est\u00e1 para nascer.<\/li>\n<li><strong>Cuidar:<\/strong> Por fim, a compaix\u00e3o nos impulsiona ao <em>cuidado<\/em>. Cuidar \u00e9 o verbo do amor. Cuidar do nascituro significa, inseparavelmente, cuidar de sua m\u00e3e. Significa criar em nossas par\u00f3quias e comunidades verdadeiras \u201chospedarias\u201d de acolhida, onde mulheres que enfrentam uma gravidez dif\u00edcil encontrem amparo material, apoio psicol\u00f3gico e, acima de tudo, o abra\u00e7o de uma fam\u00edlia que n\u00e3o julga, mas que ama e ajuda a celebrar a vida.<\/li>\n<\/ul>\n<p style=\"text-align: justify;\">O cuidado com o nascituro \u00e9 o \u00e1pice de uma ecologia humana integral. N\u00e3o podemos, de consci\u00eancia tranquila, defender a natureza, os rios e os animais, e ao mesmo tempo sermos indiferentes \u00e0 sorte da vida humana mais indefesa. O grito do nascituro \u00e9 o grito mais silencioso e, talvez por isso, o mais urgente de toda a cria\u00e7\u00e3o.<\/p>\n<p style=\"text-align: justify;\">O amor de Deus por n\u00f3s \u00e9 a garantia do valor de cada vida. Ele, que n\u00e3o se esquece de n\u00f3s, nos assegura pelo profeta: \u201cPode uma mulher esquecer-se daquele que amamenta? N\u00e3o ter ternura pelo fruto de suas entranhas? Ainda que ela se esquecesse, eu n\u00e3o me esqueceria de ti\u201d (Is 49,15). \u00c9 este amor incondicional que somos chamados a espelhar em nossas a\u00e7\u00f5es.<\/p>\n<p style=\"text-align: justify;\">Que nesta Semana do Nascituro de 2025, o Esp\u00edrito Santo nos conceda a coragem do Bom Samaritano. Que n\u00e3o passemos ao largo, mas que tenhamos a ousadia de nos aproximar, de nos comprometer e de sermos testemunhas do Evangelho do Cuidado.<\/p>\n<p style=\"text-align: justify;\">Confiemos esta nobre causa \u00e0 intercess\u00e3o de Maria, M\u00e3e do Perp\u00e9tuo Socorro, para que ela ampare todas as gestantes e nos ensine a ser, como seu Filho Jesus, verdadeiros guardi\u00f5es da vida de nossos irm\u00e3os.<\/p>\n<p style=\"text-align: justify;\">Com minha b\u00ean\u00e7\u00e3o e minhas ora\u00e7\u00f5es, sempre pela vida plena, em Cristo!<\/p>\n","protected":false},"excerpt":{"rendered":"<p>Mensagem de Dom Anuar Battisti para a Semana do Nascituro de 2025 Queridos filhos e filhas, a paz de Cristo, o Bom Pastor! Ao celebrarmos a Semana Nacional da Vida, nosso cora\u00e7\u00e3o se volta para uma pergunta essencial que um doutor da Lei fez a Jesus: \u201cE quem \u00e9 o meu pr\u00f3ximo?\u201d (Lc 10,29). A [&hellip;]<\/p>\n","protected":false},"author":53272,"featured_media":92837,"comment_status":"open","ping_status":"closed","sticky":false,"template":"","format":"standard","meta":{"footnotes":""},"categories":[9],"tags":[],"class_list":["post-95917","post","type-post","status-publish","format-standard","has-post-thumbnail","hentry","category-artigos"],"_links":{"self":[{"href":"https:\/\/catolicanet.net\/wp-cnet\/wp-json\/wp\/v2\/posts\/95917","targetHints":{"allow":["GET"]}}],"collection":[{"href":"https:\/\/catolicanet.net\/wp-cnet\/wp-json\/wp\/v2\/posts"}],"about":[{"href":"https:\/\/catolicanet.net\/wp-cnet\/wp-json\/wp\/v2\/types\/post"}],"author":[{"embeddable":true,"href":"https:\/\/catolicanet.net\/wp-cnet\/wp-json\/wp\/v2\/users\/53272"}],"replies":[{"embeddable":true,"href":"https:\/\/catolicanet.net\/wp-cnet\/wp-json\/wp\/v2\/comments?post=95917"}],"version-history":[{"count":1,"href":"https:\/\/catolicanet.net\/wp-cnet\/wp-json\/wp\/v2\/posts\/95917\/revisions"}],"predecessor-version":[{"id":95919,"href":"https:\/\/catolicanet.net\/wp-cnet\/wp-json\/wp\/v2\/posts\/95917\/revisions\/95919"}],"wp:featuredmedia":[{"embeddable":true,"href":"https:\/\/catolicanet.net\/wp-cnet\/wp-json\/wp\/v2\/media\/92837"}],"wp:attachment":[{"href":"https:\/\/catolicanet.net\/wp-cnet\/wp-json\/wp\/v2\/media?parent=95917"}],"wp:term":[{"taxonomy":"category","embeddable":true,"href":"https:\/\/catolicanet.net\/wp-cnet\/wp-json\/wp\/v2\/categories?post=95917"},{"taxonomy":"post_tag","embeddable":true,"href":"https:\/\/catolicanet.net\/wp-cnet\/wp-json\/wp\/v2\/tags?post=95917"}],"curies":[{"name":"wp","href":"https:\/\/api.w.org\/{rel}","templated":true}]}}