{"id":95878,"date":"2025-09-21T09:27:17","date_gmt":"2025-09-21T12:27:17","guid":{"rendered":"https:\/\/catolicanet.net\/wp-cnet\/?p=95878"},"modified":"2025-09-19T13:28:31","modified_gmt":"2025-09-19T16:28:31","slug":"25o-domingo-do-tempo-comum-3","status":"publish","type":"post","link":"https:\/\/catolicanet.net\/wp-cnet\/25o-domingo-do-tempo-comum-3\/","title":{"rendered":"25\u00ba Domingo do tempo Comum"},"content":{"rendered":"<p style=\"text-align: center;\"><em>\u201cLouvai o Senhor que eleva os pobres\u201d (Sl 112\/113)<\/em><\/p>\n<p style=\"text-align: justify;\">Celebramos neste domingo o vig\u00e9simo quinto do Tempo Comum. Conclu\u00edmos o inverno e iniciaremos a primavera. Na semana passada, a liturgia do Tempo Comum deu uma pausa para celebrarmos a Festa da Exalta\u00e7\u00e3o da Santa Cruz, que ocorre sempre em 14 de setembro. Estamos nos aproximando do final do ano lit\u00fargico, que se encerra com a Solenidade de Jesus Cristo Rei do Universo, na trig\u00e9sima quarta semana do Tempo Comum.<\/p>\n<p style=\"text-align: justify;\">Estamos em um m\u00eas importante para a Igreja: o m\u00eas da B\u00edblia. No pr\u00f3ximo dia 30 celebraremos S\u00e3o Jer\u00f4nimo, tradutor da B\u00edblia do grego e do hebraico para o latim. Ainda h\u00e1 tempo para aproveitarmos este m\u00eas para meditarmos a Palavra de Deus e fazermos a nossa <em>lectio divina<\/em>, seja sozinhos, em fam\u00edlia ou com os amigos. Somos convidados, como disc\u00edpulos mission\u00e1rios do Senhor, a anunciar a Palavra de Deus e a nos tornarmos mensageiros da esperan\u00e7a. A caracter\u00edstica que marca o Tempo Comum \u00e9 a esperan\u00e7a que vem do Reino de Deus, e \u00e9 esse Reino que anunciamos por meio da Palavra.<\/p>\n<p style=\"text-align: justify;\">O Evangelho deste domingo nos diz que devemos ser bons administradores, tanto das coisas terrenas como das coisas de Deus. Quem n\u00e3o \u00e9 fiel na administra\u00e7\u00e3o de seus bens n\u00e3o ser\u00e1 bem-sucedido naquilo que Deus lhe confiar. N\u00e3o podemos servir a dois senhores, ou seja, a Deus e ao dinheiro. Deus deve sempre ser a primeira op\u00e7\u00e3o em nossa vida; o restante vem depois.<\/p>\n<p style=\"text-align: justify;\">Coloquemos Deus em primeiro lugar e comecemos participando da Santa Missa e, em seguida, meditando diariamente a Sagrada Escritura. As outras coisas vir\u00e3o por acr\u00e9scimo. O dinheiro e os bens que conquistamos v\u00eam pelo suor do nosso trabalho e s\u00e3o passageiros. Mas a Palavra de Deus n\u00e3o passar\u00e1, e a Eucaristia nos conduzir\u00e1 \u00e0 vida eterna.<\/p>\n<p style=\"text-align: justify;\">A primeira leitura da missa deste domingo \u00e9 da profecia de Am\u00f3s (Am 8, 4-7). O profeta faz um alerta \u00e0queles que querem passar por cima dos pobres e humildes s\u00f3 porque s\u00e3o ricos. Um dia Deus pedir\u00e1 contas de seus bens e por maltratarem os necessitados. Aqueles que hoje s\u00e3o pobres e humildes, um dia poder\u00e3o ser ricos. O Deus condena \u00e9 o mau uso do dinheiro e a arrog\u00e2ncia de quem despreza os outros por possuir mais.<\/p>\n<p style=\"text-align: justify;\">O alerta do profeta continua atual: n\u00e3o levaremos nada desta vida. Os bens materiais ficam. Por isso, n\u00e3o nos apeguemos a eles, pois podem levar \u00e0 perdi\u00e7\u00e3o e n\u00e3o \u00e0 salva\u00e7\u00e3o. Deus pode nos chamar hoje, e para quem ficar\u00e1 o que acumulamos?<\/p>\n<p style=\"text-align: justify;\">O salmo responsorial \u00e9 o 112 (113), que tem como refr\u00e3o: <em>\u201cLouvai o Senhor que eleva os pobres\u201d<\/em>. O salmista proclama que o Senhor eleva os pobres. Mesmo que os ricos desprezem os humildes, Deus os recompensar\u00e1 e os conduzir\u00e1 \u00e0 gl\u00f3ria. A verdadeira grandeza est\u00e1 na humildade; mesmo que algu\u00e9m possua bens, se for humilde ser\u00e1 glorificado diante de Deus.<\/p>\n<p style=\"text-align: justify;\">A segunda leitura da missa de hoje \u00e9 da primeira carta de S\u00e3o Paulo a Tim\u00f3teo (1Tm 2, 1-8). Paulo recomenda que sejam feitas ora\u00e7\u00f5es e s\u00faplicas por aqueles que governam as na\u00e7\u00f5es e ocupam cargos. Essa recomenda\u00e7\u00e3o \u00e9 muito atual, diante das tantas pol\u00eamicas e crises pol\u00edticas que acompanhamos em nossos dias. Deus quer que todos os homens sejam salvos e temos um \u00fanico mediador que intercede por todos: Jesus Cristo, nosso Senhor. Sigamos a recomenda\u00e7\u00e3o do ap\u00f3stolo e rezemos por toda a humanidade.<\/p>\n<p style=\"text-align: justify;\">O Evangelho deste domingo \u00e9 de Lucas (Lc 16, 1-13). Jesus fala novamente em par\u00e1bolas e, hoje, conta a hist\u00f3ria de um administrador que nos ensina sobre o uso dos bens materiais. Assim como precisamos de prud\u00eancia e sabedoria para lidar com os bens terrenos, tamb\u00e9m devemos ter a mesma prud\u00eancia para administrar os bens espirituais. N\u00e3o podemos colocar os bens terrenos em primeiro lugar e deixar as coisas de Deus em segundo plano.<\/p>\n<p style=\"text-align: justify;\">Jesus n\u00e3o quer dizer que devemos roubar ou agir de forma desonesta, mas nos ensina que teremos de prestar contas do uso que fazemos de nossos bens. Ele recomenda usar o dinheiro \u201cinjusto\u201d para fazer amigos, ou seja, usar aquilo que \u00e9 passageiro para praticar o bem, ajudar o pr\u00f3ximo e conquistar assim a verdadeira riqueza: a vida eterna.<\/p>\n<p style=\"text-align: justify;\">Ele conclui a par\u00e1bola afirmando que n\u00e3o podemos servir a dois senhores, pois acabaremos odiando um e amando o outro, apegando-nos mais a um e desprezando o outro. O que Jesus nos diz \u00e9 que n\u00e3o devemos servir a Deus e ao dinheiro. O dinheiro tem seu grau de import\u00e2ncia, mas n\u00e3o deve jamais ocupar o lugar de Deus.<\/p>\n<p style=\"text-align: justify;\">Celebremos com alegria este vig\u00e9simo quinto Domingo do Tempo Comum, trazendo em nosso cora\u00e7\u00e3o a certeza de que Deus nos ama e que devemos usufruir dos bens com consci\u00eancia, sempre agradecendo a Ele, pois tudo o que temos vem de suas m\u00e3os. Usemos o dinheiro para o bem, para ajudar o pr\u00f3ximo e os necessitados, e assim seremos merecedores da vida eterna.<\/p>\n","protected":false},"excerpt":{"rendered":"<p>\u201cLouvai o Senhor que eleva os pobres\u201d (Sl 112\/113) Celebramos neste domingo o vig\u00e9simo quinto do Tempo Comum. Conclu\u00edmos o inverno e iniciaremos a primavera. Na semana passada, a liturgia do Tempo Comum deu uma pausa para celebrarmos a Festa da Exalta\u00e7\u00e3o da Santa Cruz, que ocorre sempre em 14 de setembro. Estamos nos aproximando [&hellip;]<\/p>\n","protected":false},"author":5,"featured_media":55819,"comment_status":"open","ping_status":"closed","sticky":false,"template":"","format":"standard","meta":{"footnotes":""},"categories":[9],"tags":[],"class_list":["post-95878","post","type-post","status-publish","format-standard","has-post-thumbnail","hentry","category-artigos"],"_links":{"self":[{"href":"https:\/\/catolicanet.net\/wp-cnet\/wp-json\/wp\/v2\/posts\/95878","targetHints":{"allow":["GET"]}}],"collection":[{"href":"https:\/\/catolicanet.net\/wp-cnet\/wp-json\/wp\/v2\/posts"}],"about":[{"href":"https:\/\/catolicanet.net\/wp-cnet\/wp-json\/wp\/v2\/types\/post"}],"author":[{"embeddable":true,"href":"https:\/\/catolicanet.net\/wp-cnet\/wp-json\/wp\/v2\/users\/5"}],"replies":[{"embeddable":true,"href":"https:\/\/catolicanet.net\/wp-cnet\/wp-json\/wp\/v2\/comments?post=95878"}],"version-history":[{"count":1,"href":"https:\/\/catolicanet.net\/wp-cnet\/wp-json\/wp\/v2\/posts\/95878\/revisions"}],"predecessor-version":[{"id":95879,"href":"https:\/\/catolicanet.net\/wp-cnet\/wp-json\/wp\/v2\/posts\/95878\/revisions\/95879"}],"wp:featuredmedia":[{"embeddable":true,"href":"https:\/\/catolicanet.net\/wp-cnet\/wp-json\/wp\/v2\/media\/55819"}],"wp:attachment":[{"href":"https:\/\/catolicanet.net\/wp-cnet\/wp-json\/wp\/v2\/media?parent=95878"}],"wp:term":[{"taxonomy":"category","embeddable":true,"href":"https:\/\/catolicanet.net\/wp-cnet\/wp-json\/wp\/v2\/categories?post=95878"},{"taxonomy":"post_tag","embeddable":true,"href":"https:\/\/catolicanet.net\/wp-cnet\/wp-json\/wp\/v2\/tags?post=95878"}],"curies":[{"name":"wp","href":"https:\/\/api.w.org\/{rel}","templated":true}]}}