{"id":95864,"date":"2025-09-14T09:18:33","date_gmt":"2025-09-14T12:18:33","guid":{"rendered":"https:\/\/catolicanet.net\/wp-cnet\/?p=95864"},"modified":"2025-09-19T13:19:57","modified_gmt":"2025-09-19T16:19:57","slug":"24-domingo-do-tempo-comum-14-09-25-jo-313-17-exaltacao-da-santa-cruz","status":"publish","type":"post","link":"https:\/\/catolicanet.net\/wp-cnet\/24-domingo-do-tempo-comum-14-09-25-jo-313-17-exaltacao-da-santa-cruz\/","title":{"rendered":"24\u00b0 Domingo do Tempo Comum. 14\/09\/25. (Jo 3,13-17). Exalta\u00e7\u00e3o da Santa Cruz."},"content":{"rendered":"<p style=\"text-align: center;\"><em>Texto inspirador: \u201cde fato, Deus n\u00e3o enviou seu Filho ao mundo para condenar o mundo, mas para que o mundo seja salvo por Ele\u201d.<\/em><\/p>\n<p>&nbsp;<\/p>\n<p style=\"text-align: justify;\">1 \u2013 Os temas-chaves do evangelho hodierno s\u00e3o: Deus, vida eterna, filho do homem, filho unig\u00eanito, bem como os verbos e formas verbais: crer, morrer, amar, condenar ou ent\u00e3o ser salvo. Em torno deles, est\u00e1 o ensinamento de Jesus que visa a salva\u00e7\u00e3o da humanidade e n\u00e3o sua condena\u00e7\u00e3o pois, tanto Deus amou o mundo, que deu seu pr\u00f3prio Filho, para salv\u00e1-lo. A salva\u00e7\u00e3o foi op\u00e7\u00e3o de Jesus, mas o instrumento usado foi imposi\u00e7\u00e3o nossa: A cruz.<\/p>\n<p style=\"text-align: justify;\">2 \u2013 Deus Pai, amorosamente aceitou que seu filho unig\u00eanito, fizesse a experiencia de se tornar homem para que este pudesse vivenciar a experi\u00eancia de tornar-se filho de Deus. Por isso, deverei afirmar: Deus investiu alt\u00edssimo na humanidade pecadora, para salv\u00e1-la. Portanto, somos salvos, pela gra\u00e7a de Deus, pela qual devemos livremente colaborar.<\/p>\n<p style=\"text-align: justify;\">3 \u2013 Neste dia, (14\/09) a Igreja ainda nos recorda, de modo muito consciente, a Exalta\u00e7\u00e3o da Santa Cruz, depois de nela ter apresentado, o instrumento cruel de nossa salva\u00e7\u00e3o. De fato, a cruz n\u00e3o foi fruto do acaso na vida de Jesus, nem escolha pessoal, mas consequ\u00eancia de seu an\u00fancio e viv\u00eancia de seu evangelho. Ele testemunhava o que pregou, enfrentava prepotentes, interesses de grupos dominantes e de religiosos mais interessados no d\u00edzimo, no que na gl\u00f3ria de Deus. Tudo tem um custo na vida: a fidelidade a Jesus tamb\u00e9m. Ele foi tamb\u00e9m fiel. Em nossos dias estamos enfrentando relativismo, ate\u00edsmo, geopol\u00edtica agressivas, seculariza\u00e7\u00e3o, abusos de poder, do ter e do prazer etc. Em nossos tempos, h\u00e1 ainda n\u00e3o poucos que s\u00e3o martirizados, unicamente porque creem em Cristo, ou anunciam e o seguem.<\/p>\n<p style=\"text-align: justify;\">4 \u2013 Busquemos ent\u00e3o, no poder da palavra de Deus, cujo o m\u00eas estamos vivenciando, nossa for\u00e7a e perseveran\u00e7a, para sermos fi\u00e9is. Para isso, devemos ouvi-la, estud\u00e1-la, vive-la e assim, fazendo, anunci\u00e1-la, testemunhando-a.<\/p>\n","protected":false},"excerpt":{"rendered":"<p>Texto inspirador: \u201cde fato, Deus n\u00e3o enviou seu Filho ao mundo para condenar o mundo, mas para que o mundo seja salvo por Ele\u201d. &nbsp; 1 \u2013 Os temas-chaves do evangelho hodierno s\u00e3o: Deus, vida eterna, filho do homem, filho unig\u00eanito, bem como os verbos e formas verbais: crer, morrer, amar, condenar ou ent\u00e3o ser [&hellip;]<\/p>\n","protected":false},"author":119,"featured_media":77698,"comment_status":"open","ping_status":"closed","sticky":false,"template":"","format":"standard","meta":{"footnotes":""},"categories":[9],"tags":[],"class_list":["post-95864","post","type-post","status-publish","format-standard","has-post-thumbnail","hentry","category-artigos"],"_links":{"self":[{"href":"https:\/\/catolicanet.net\/wp-cnet\/wp-json\/wp\/v2\/posts\/95864","targetHints":{"allow":["GET"]}}],"collection":[{"href":"https:\/\/catolicanet.net\/wp-cnet\/wp-json\/wp\/v2\/posts"}],"about":[{"href":"https:\/\/catolicanet.net\/wp-cnet\/wp-json\/wp\/v2\/types\/post"}],"author":[{"embeddable":true,"href":"https:\/\/catolicanet.net\/wp-cnet\/wp-json\/wp\/v2\/users\/119"}],"replies":[{"embeddable":true,"href":"https:\/\/catolicanet.net\/wp-cnet\/wp-json\/wp\/v2\/comments?post=95864"}],"version-history":[{"count":1,"href":"https:\/\/catolicanet.net\/wp-cnet\/wp-json\/wp\/v2\/posts\/95864\/revisions"}],"predecessor-version":[{"id":95866,"href":"https:\/\/catolicanet.net\/wp-cnet\/wp-json\/wp\/v2\/posts\/95864\/revisions\/95866"}],"wp:featuredmedia":[{"embeddable":true,"href":"https:\/\/catolicanet.net\/wp-cnet\/wp-json\/wp\/v2\/media\/77698"}],"wp:attachment":[{"href":"https:\/\/catolicanet.net\/wp-cnet\/wp-json\/wp\/v2\/media?parent=95864"}],"wp:term":[{"taxonomy":"category","embeddable":true,"href":"https:\/\/catolicanet.net\/wp-cnet\/wp-json\/wp\/v2\/categories?post=95864"},{"taxonomy":"post_tag","embeddable":true,"href":"https:\/\/catolicanet.net\/wp-cnet\/wp-json\/wp\/v2\/tags?post=95864"}],"curies":[{"name":"wp","href":"https:\/\/api.w.org\/{rel}","templated":true}]}}