{"id":95861,"date":"2025-09-14T09:17:13","date_gmt":"2025-09-14T12:17:13","guid":{"rendered":"https:\/\/catolicanet.net\/wp-cnet\/?p=95861"},"modified":"2025-09-19T13:18:16","modified_gmt":"2025-09-19T16:18:16","slug":"a-cruz-e-sinal-de-nossa-redencao","status":"publish","type":"post","link":"https:\/\/catolicanet.net\/wp-cnet\/a-cruz-e-sinal-de-nossa-redencao\/","title":{"rendered":"A cruz \u00e9 sinal de nossa reden\u00e7\u00e3o!"},"content":{"rendered":"<p style=\"text-align: justify;\">Celebramos, precisamente no dia 14 de setembro, a Festa da Exalta\u00e7\u00e3o da Santa Cruz. No s\u00e9c. II o imperador Adriano (117-138), para dissuadir o culto crist\u00e3o em Jerusal\u00e9m, soterrou o local onde Jesus tinha sido crucificado e sepultado. No local do Santo Sepulcro, colocou a est\u00e1tua de J\u00fapiter; no local da crucifix\u00e3o de Jesus, erigiu uma est\u00e1tua em honra de V\u00e9nus. Os crist\u00e3os, contudo, continuaram a frequentar esses lugares, a\u00ed evocando a morte e a ressurrei\u00e7\u00e3o de Jesus. Mais tarde, em 13 de setembro de 326, Santa Helena, m\u00e3e do imperador Constantino, por indica\u00e7\u00e3o de um habitante de Jerusal\u00e9m, descobriu no local do Calv\u00e1rio o madeiro da cruz onde Jesus tinha sido crucificado. Demolidas as constru\u00e7\u00f5es pag\u00e3s erigidas por Adriano, foi constru\u00edda uma bas\u00edlica crist\u00e3, cuja dedica\u00e7\u00e3o aconteceu em 13 de setembro de 335. No dia a seguir, 14 de setembro, a cruz l\u00e1 encontrada foi exposta \u00e0 adora\u00e7\u00e3o dos fi\u00e9is. \u00c9 este fato que est\u00e1 na origem da chamada Festa da Exalta\u00e7\u00e3o da Santa Cruz. A cruz de Jesus \u2013 que a liturgia deste dia nos convida a contemplar \u2013 \u00e9 a express\u00e3o suprema do amor de um Deus que veio ao nosso encontro, aceitou partilhar a nossa humanidade, quis fazer-se servo dos homens, deixou-se matar para que o ego\u00edsmo e o pecado fossem vencidos. Ao entregar a sua vida na cruz, em dom de amor, Jesus indicou-nos o caminho para chegar \u00e0 vida plena.<\/p>\n<p style=\"text-align: justify;\">A\u00a0primeira leitura\u00a0\u2013 Nm 21,4-9 \u2013 traz-nos uma hist\u00f3ria do tempo em que os israelitas vagueavam pelo deserto. \u00a0A busca por melhores condi\u00e7\u00f5es de vida n\u00e3o \u00e9 f\u00e1cil. O povo israelita reclama contra Mois\u00e9s por causa das dificuldades que enfrenta na caminhada para a Terra Prometida. A serpente, que era s\u00edmbolo de morte, tornou-se s\u00edmbolo de vida. Deus prop\u00f5e-se corrigir a tend\u00eancia de Israel para a murmura\u00e7\u00e3o e a ingratid\u00e3o; mas, constatando que o \u201crem\u00e9dio\u201d podia \u201cmatar o doente\u201d, Deus engendra uma estrat\u00e9gia de salva\u00e7\u00e3o. A serpente de bronze levantada sobre um poste, atrav\u00e9s da qual Deus cura o seu Povo, sinaliza o amor e a bondade de Deus; e \u00e9, por outro lado, um s\u00edmbolo dessa for\u00e7a salv\u00edfica que alguns s\u00e9culos mais tarde brotar\u00e1 da cruz de Cristo, o homem levantado ao alto para dar vida a todo o mundo. Por isso, a cruz tornou-se s\u00edmbolo de salva\u00e7\u00e3o.<\/p>\n<p style=\"text-align: justify;\">No\u00a0Evangelho \u2013 Jo 3,13-17 \u2013\u00a0Jesus, em conversa com um fariseu chamado Nicodemos, desvela-lhe o sentido e o significado da Sua presen\u00e7a no meio dos homens: Deus amou tanto o mundo que entregou o seu Filho Unig\u00e9nito, para que todo o homem que acredita n\u2019Ele n\u00e3o pere\u00e7a, mas tenha a vida eterna\u201d. Cristo elevado na cruz \u00e9 o maior gesto de amor de Deus pela humanidade e causa de salva\u00e7\u00e3o para todos os que acreditam em Jesus. Ele \u00e9 o Filho enviado por Deus para que todas as pessoas tenham vida, O amor de Deus tornar-se-\u00e1 particularmente evidente quando, na cruz, Jesus entregar a sua vida por todos. Os que olharem para o Crucificado e acolherem a li\u00e7\u00e3o de amor que Ele oferece, encontrar\u00e3o vida em abund\u00e2ncia.<\/p>\n<p style=\"text-align: justify;\">\u00c9 necess\u00e1rio que o Filho do Homem seja levantado, entronizado, exaltado na cruz para a salva\u00e7\u00e3o do mundo e a concess\u00e3o da vida aos fi\u00e9is em Jesus. Do fruto da \u201c\u00e1rvore da Cruz\u201d, que \u00e9 Jesus, \u201cfruto maduro de humanidade\u201d, todos podem se alimentar, recebendo novamente a condi\u00e7\u00e3o de Filhos de Deus, recuperando a gra\u00e7a e a comunh\u00e3o com o Pai.<\/p>\n<p style=\"text-align: justify;\">N\u00f3s sabemos que \u201cmundo\u201d \u2013 Kosm\u00f3s \u2013 no Evangelho de Jo\u00e3o, possui basicamente tr\u00eas significados: primeiro, no ambiente terreno natural, a Cria\u00e7\u00e3o, onde a humanidade habita; segundo, os advers\u00e1rios \u2013 inimigos, resistentes \u00e0 luz, \u00e0 verdade e \u00e0 vida, que s\u00e3o o pr\u00f3prio Jesus: e terceiro, aqueles que receberam na e pela f\u00e9 a Pessoa de Jesus como a Vida Eterna, e como a Palavra portadora de salva\u00e7\u00e3o e vida. Assim, \u201cDeus n\u00e3o enviou o seu Filho ao mundo para condenar o mundo, mas para que o mundo seja salvo por Ele\u201d.<\/p>\n<p style=\"text-align: justify;\">Na\u00a0segunda leitura \u2013 Fl 2,6-11 \u2013, Paulo apresenta aos batizados de Filipos a sua leitura da encarna\u00e7\u00e3o de Cristo. Jesus, o Filho de Deus, despojou-se da sua dignidade divina e veio ao encontro dos homens, revestido da nossa fr\u00e1gil natureza. Este hino lit\u00fargico nos mostra o rebaixamento de Cristo \u00e0 condi\u00e7\u00e3o humana, morrendo na cruz, sinal de nossa salva\u00e7\u00e3o, e sendo exaltado pelo Pai. Ele escolheu o caminho da obedi\u00eancia ao Pai e do servi\u00e7o aos homens, at\u00e9 ao dom da vida. A cruz \u00e9 a express\u00e3o m\u00e1xima desse caminho e dessa op\u00e7\u00e3o. Paulo pede aos filipenses \u2013 e aos \u201cdisc\u00edpulos\u201d de todas as \u00e9pocas e lugares \u2013 que aceitem percorrer o mesmo caminho que Jesus percorreu. Reconhecer em Jesus o Salvador-Redentor \u00e9 alcan\u00e7ar a vida.<\/p>\n<p style=\"text-align: justify;\">Meus irm\u00e3os, a cruz, sinal do mais terr\u00edvel entre os supl\u00edcios, \u00e9 para o crist\u00e3o a \u00e1rvore da vida, o t\u00e1lamo, o trono, o altar da nova alian\u00e7a. De Cristo, novo Ad\u00e3o adormecido na cruz, jorrou o admir\u00e1vel sacramento de toda a Igreja. A cruz \u00e9 o sinal do senhorio de Cristo sobre os que no Batismo s\u00e3o configurados a ele na morte e na gl\u00f3ria (cf. Rm 6,5). Na tradi\u00e7\u00e3o dos Padres da Igreja, a cruz \u00e9 o sinal do Filho do Homem que comparecer\u00e1 no fim dos tempos (cf. Mt 24,30).<\/p>\n<p style=\"text-align: justify;\">Jesus, pela sua morte de cruz, foi solid\u00e1rio \u201ccom os pequenos e os pobres, os doentes e os pecadores, e se fez pr\u00f3ximo dos aflitos e oprimidos\u201d (Ora\u00e7\u00e3o Eucar\u00edstica para Diversas Circunst\u00e2ncias IV); em consequ\u00eancia, houve prepotentes que se sentiram atingidos e arquitetaram a trama da cruz.<\/p>\n<p style=\"text-align: justify;\">Num mundo marcado por tantas cruzes, somos chamados a descobrir na cruz de Jesus a den\u00fancia das atitudes de falta de solidariedade e de indiferen\u00e7a, para retirar a cruz os crucificados. Na festa lit\u00fargica de hoje, fazemos mem\u00f3ria da cruz e dos sofrimentos provocados pelas cruzes do mundo, mas tamb\u00e9m entrevemos a for\u00e7a que brota da ressurrei\u00e7\u00e3o. \u00c9 dessa for\u00e7a que nos vem a luz e a inspira\u00e7\u00e3o para prosseguir a experimentar no cotidiano a vit\u00f3ria do amor do Crucificado-Ressuscitado. Afinal, s\u00f3 o amor faz agir assim!<\/p>\n<p style=\"text-align: justify;\">Olhemos agradecidos para a cruz, sinal da nossa liberta\u00e7\u00e3o, e renovemos em n\u00f3s a certeza do amor de Deus pela humanidade!<\/p>\n","protected":false},"excerpt":{"rendered":"<p>Celebramos, precisamente no dia 14 de setembro, a Festa da Exalta\u00e7\u00e3o da Santa Cruz. No s\u00e9c. II o imperador Adriano (117-138), para dissuadir o culto crist\u00e3o em Jerusal\u00e9m, soterrou o local onde Jesus tinha sido crucificado e sepultado. No local do Santo Sepulcro, colocou a est\u00e1tua de J\u00fapiter; no local da crucifix\u00e3o de Jesus, erigiu [&hellip;]<\/p>\n","protected":false},"author":53272,"featured_media":92837,"comment_status":"open","ping_status":"closed","sticky":false,"template":"","format":"standard","meta":{"footnotes":""},"categories":[9],"tags":[],"class_list":["post-95861","post","type-post","status-publish","format-standard","has-post-thumbnail","hentry","category-artigos"],"_links":{"self":[{"href":"https:\/\/catolicanet.net\/wp-cnet\/wp-json\/wp\/v2\/posts\/95861","targetHints":{"allow":["GET"]}}],"collection":[{"href":"https:\/\/catolicanet.net\/wp-cnet\/wp-json\/wp\/v2\/posts"}],"about":[{"href":"https:\/\/catolicanet.net\/wp-cnet\/wp-json\/wp\/v2\/types\/post"}],"author":[{"embeddable":true,"href":"https:\/\/catolicanet.net\/wp-cnet\/wp-json\/wp\/v2\/users\/53272"}],"replies":[{"embeddable":true,"href":"https:\/\/catolicanet.net\/wp-cnet\/wp-json\/wp\/v2\/comments?post=95861"}],"version-history":[{"count":1,"href":"https:\/\/catolicanet.net\/wp-cnet\/wp-json\/wp\/v2\/posts\/95861\/revisions"}],"predecessor-version":[{"id":95863,"href":"https:\/\/catolicanet.net\/wp-cnet\/wp-json\/wp\/v2\/posts\/95861\/revisions\/95863"}],"wp:featuredmedia":[{"embeddable":true,"href":"https:\/\/catolicanet.net\/wp-cnet\/wp-json\/wp\/v2\/media\/92837"}],"wp:attachment":[{"href":"https:\/\/catolicanet.net\/wp-cnet\/wp-json\/wp\/v2\/media?parent=95861"}],"wp:term":[{"taxonomy":"category","embeddable":true,"href":"https:\/\/catolicanet.net\/wp-cnet\/wp-json\/wp\/v2\/categories?post=95861"},{"taxonomy":"post_tag","embeddable":true,"href":"https:\/\/catolicanet.net\/wp-cnet\/wp-json\/wp\/v2\/tags?post=95861"}],"curies":[{"name":"wp","href":"https:\/\/api.w.org\/{rel}","templated":true}]}}