{"id":95836,"date":"2025-09-19T09:57:08","date_gmt":"2025-09-19T12:57:08","guid":{"rendered":"https:\/\/catolicanet.net\/wp-cnet\/?p=95836"},"modified":"2025-09-19T12:02:07","modified_gmt":"2025-09-19T15:02:07","slug":"hoje-e-celebrada-nossa-senhora-de-la-salette","status":"publish","type":"post","link":"https:\/\/catolicanet.net\/wp-cnet\/hoje-e-celebrada-nossa-senhora-de-la-salette\/","title":{"rendered":"Hoje \u00e9 celebrada Nossa Senhora de La Salette"},"content":{"rendered":"<p style=\"text-align: justify;\">A Igreja celebra hoje (19) Nossa Senhora de La Salette, t\u00edtulo mariano que recorda a apari\u00e7\u00e3o da Virgem Maria, chorando, a dois pastorinhos na Fran\u00e7a, no s\u00e9culo XIX. Os motivos das l\u00e1grimas foram revelados por Ela \u00e0s duas crian\u00e7as: o descuido do domingo, dia do Senhor, e a blasf\u00eamia.<\/p>\n<p style=\"text-align: justify;\">Era 19 de setembro de 1846, Mel\u00e2nia Calvat, com 15 anos, e Maximino Giraud, 11 anos, cuidavam de rebanhos na cidade de La Salette, nos alpes franceses. De repente, M\u00e9lanie avistou nos alpes uma luz muito forte como se fosse o sol. As crian\u00e7as se aproximaram e viram, dentro da luz, uma \u201cbela senhora\u201d, como descreveram mais tarde. Ela estava chorando, sentada sobre uma pedra, com os cotovelos apoiados nos joelhos e o rosto escondido entre as m\u00e3os, em um gesto de profunda tristeza.<\/p>\n<p style=\"text-align: justify;\">A senhora estava vestida como uma camponesa da regi\u00e3o, com vestido longo, um avental, len\u00e7o cruzado e amarrado \u00e0s costas, touca. Algumas rosas coroavam sua cabe\u00e7a, ladeavam seu len\u00e7o e rodeavam seu cal\u00e7ado. Uma luz brilhava em sua fronte como um diadema. Carregava uma pesada corrente sobre os ombros e uma corrente mais leve pendia sobre o peito com um crucifixo que tinha de um lado um martelo e do outro uma torqu\u00eas.<\/p>\n<p style=\"text-align: justify;\">A \u201cbela senhora\u201d disse \u00e0s duas crian\u00e7as: \u201cVinde meus filhos, n\u00e3o temais, aqui estou para vos comunicar uma grande not\u00edcia\u201d. \u201cSe meu povo n\u00e3o quiser aceitar, vejo-me for\u00e7ada a deixar cair o bra\u00e7o de meu Filho. \u00c9 t\u00e3o forte e t\u00e3o pesado que n\u00e3o posso mais segurar. H\u00e1 tanto tempo que sofro por v\u00f3s\u201d, acrescentou.<\/p>\n<p style=\"text-align: justify;\">Em seguida, ela falou sobre os motivos de suas l\u00e1grimas: \u201cDei-vos seis dias para trabalhar, reservei-me o s\u00e9timo, e n\u00e3o mo querem dar. \u00c9 isso que torna t\u00e3o pesado o bra\u00e7o de meu Filho\u201d. \u201cOs que conduzem as charretes n\u00e3o sabem falar sem p\u00f4r no meio o nome do meu Filho. S\u00e3o as duas coisas que tornam t\u00e3o pesado o bra\u00e7o de meu Filho\u201d, disse.<\/p>\n<p style=\"text-align: justify;\">\u201cSe a colheita se estraga, n\u00e3o \u00e9 sen\u00e3o por vossa causa. Eu vos fiz ver isso no ano passado, relativamente \u00e0s batatas inglesas; n\u00e3o fizestes caso; pelo contr\u00e1rio, quanto as encontr\u00e1veis estragadas, blasfem\u00e1veis e pronunci\u00e1veis o nome de meu Filho. Elas v\u00e3o continuar a deteriorar-se, e no Natal n\u00e3o haver\u00e1 mais batatas inglesas\u201d, acrescentou.<\/p>\n<p style=\"text-align: justify;\">A Virgem se dirigia aos pastorinhos em franc\u00eas e tamb\u00e9m no dialeto regional de um modo que pudessem entender. Ao perceber que n\u00e3o entendiam o que dizia quando falou das batatas, a senhora disse: \u201cN\u00e3o compreendeis, meus filhos? Vou diz\u00ea-lo de outro modo\u201d.<\/p>\n<p style=\"text-align: justify;\">\u201cSe tiverdes trigo, n\u00e3o se deve seme\u00e1-lo. Tudo o que semeardes ser\u00e1 devorado pelos insetos, e o que produzir se transformar\u00e1 em p\u00f3 ao ser malhado. Vir\u00e1 grande fome. Antes que a fome chegue, as crian\u00e7as menores de sete anos ser\u00e3o acometidas de tremor e morrer\u00e3o entre as m\u00e3os das pessoas que as carregarem. Os outros far\u00e3o penit\u00eancia pela fome. As nozes carunchar\u00e3o, as uvas apodrecer\u00e3o\u201d.<\/p>\n<p style=\"text-align: justify;\">A senhora falou, depois, a cada uma das crian\u00e7as, sem que a outra pudesse entender o que estava dizendo. Em seguida, voltou a falar aos dois: \u201cSe se converterem, as pedras e rochedos se transformar\u00e3o em mont\u00f5es de trigo, e as batatas ser\u00e3o semeadas nos ro\u00e7ados\u201d. Perguntou ainda se as crian\u00e7as faziam \u201cbem\u201d suas ora\u00e7\u00f5es. Eles disseram que n\u00e3o e ela respondeu: \u201cAh! Meus filhos, \u00e9 preciso faz\u00ea-la bem, \u00e0 noite e de manh\u00e3, dizendo ao menos um Pai Nosso e uma Ave Maria quando n\u00e3o puderdes rezar mais. Quando puderdes rezar mais, dizei mais\u201d.<\/p>\n<p style=\"text-align: justify;\">\u201cDurante o ver\u00e3o, s\u00f3 algumas mulheres mais idosas v\u00e3o \u00e0 Missa. Os outros trabalham no domingo, durante todo o ver\u00e3o. Durante o inverno, quanto n\u00e3o sabem o que fazer, v\u00e3o a Missa zombar da religi\u00e3o. Durante a Quaresma v\u00e3o ao a\u00e7ougue como c\u00e3es\u201d, disse.<\/p>\n<p style=\"text-align: justify;\">Por fim, pediu que as crian\u00e7as transmitissem a mensagem a todos. E depois subiu o monte e se elevou e desapareceu.<\/p>\n<p style=\"text-align: justify;\">A apari\u00e7\u00e3o de Nossa Senhora de La Salette foi reconhecida pelo bispo de Grenoble, dom Philibert de Bruillard, em 19 de setembro de 1851. Em seu pronunciamento doutrinal, o bispo disse que \u201ca apari\u00e7\u00e3o da Virgem Santa a dois pastores, a 19 de setembro de 1846, sobre uma montanha da cadeia dos Alpes, situada na par\u00f3quia de La Salette, traz em si mesma todas as caracter\u00edsticas da verdade e que os fi\u00e9is t\u00eam raz\u00e3o em cr\u00ea-la indubit\u00e1vel e certa\u201d. Dom Philibert tamb\u00e9m deu in\u00edcio ao santu\u00e1rio de La Salette.<\/p>\n<p style=\"text-align: justify;\">Depois da apari\u00e7\u00e3o, Maximino voltou para casa de seu pai, em Corps. Com ajuda do p\u00e1roco e do bispo, foi admitido ao Col\u00e9gio das Irm\u00e3s da Provid\u00eancia, onde estudou por quatro anos. Em 1850, ingressou no semin\u00e1rio menor de Rondeau e, em 1856, passou para o semin\u00e1rio maior dos jesu\u00edtas, em Landes, mas desistiu depois de um tempo. Em 1859, foi estudar medicina em Paris, mas, desencantados, desistiu dos estudos e voltou para Corps em 1864. No ano seguinte, foi para Roma, onde chegou a ser admitido no Corpo da Guarda Pontif\u00edcia, onde serviu por poucos meses.<\/p>\n<p style=\"text-align: justify;\">De volta a Corps em 1866, publicou \u201cMinha profiss\u00e3o de f\u00e9 a respeito da Apari\u00e7\u00e3o de Nossa Senhora de La Salette\u201d. Em 1870, foi convocado para servir no Forte Militar de Barraux, em Grenoble, na Guerra entre Fran\u00e7a e Pr\u00fassia.<\/p>\n<p style=\"text-align: justify;\">Ficou doente no come\u00e7o de 1874 e, em novembro daquele ano, subiu pela \u00faltima vez ao local da apari\u00e7\u00e3o de La Salette. Morreu em 1\u00ba de mar\u00e7o de 1875, aos 40 anos, depois de receber os sacramentos.<\/p>\n<p style=\"text-align: justify;\">Mel\u00e2nia continuou pastora at\u00e9 que retornou para junto de sua fam\u00edlia em Corps em 15 de dezembro de 1846 e tamb\u00e9m foi admitida no Col\u00e9gio das Irm\u00e3s da Provid\u00eancia, onde permaneceu por quatro anos. Mais tarde, tornou-se religiosa, tendo passado por algumas congrega\u00e7\u00f5es como Irm\u00e3s da Provid\u00eancia, as Irm\u00e3s Carmelitas de Darlington, no Reino Unido, as Irm\u00e3s da Compaix\u00e3o, em Marselha, da qual se desligou mais tarde.<\/p>\n<p style=\"text-align: justify;\">Em 1892, mudou-se para a It\u00e1lia, na diocese de Lecce. Em 1897, se transferiu para Messina, na Sic\u00edlia, onde ajudou o bispo Annibale di Francia, hoje canonizado, a fundar uma congrega\u00e7\u00e3o feminina.<\/p>\n<p style=\"text-align: justify;\">\u00a0Subiu \u00e0 montanha da apari\u00e7\u00e3o em La Salette pela \u00faltima vez em 1902. Em junho do ano seguinte, voltou para a It\u00e1lia, onde morava sozinha em uma casa cedida por benfeitores em Altamura. Embora n\u00e3o pertencesse mais a nenhuma congrega\u00e7\u00e3o, ainda usava um h\u00e1bito religioso e levava uma vida de ora\u00e7\u00e3o e penit\u00eancia. Morreu em 15 de dezembro de 1904.<\/p>\n","protected":false},"excerpt":{"rendered":"<p>A Igreja celebra hoje (19) Nossa Senhora de La Salette, t\u00edtulo mariano que recorda a apari\u00e7\u00e3o da Virgem Maria, chorando, a dois pastorinhos na Fran\u00e7a, no s\u00e9culo XIX. Os motivos das l\u00e1grimas foram revelados por Ela \u00e0s duas crian\u00e7as: o descuido do domingo, dia do Senhor, e a blasf\u00eamia. Era 19 de setembro de 1846, [&hellip;]<\/p>\n","protected":false},"author":1,"featured_media":95837,"comment_status":"open","ping_status":"closed","sticky":false,"template":"","format":"standard","meta":{"footnotes":""},"categories":[4,13],"tags":[],"class_list":["post-95836","post","type-post","status-publish","format-standard","has-post-thumbnail","hentry","category-cotidiano","category-featured"],"_links":{"self":[{"href":"https:\/\/catolicanet.net\/wp-cnet\/wp-json\/wp\/v2\/posts\/95836","targetHints":{"allow":["GET"]}}],"collection":[{"href":"https:\/\/catolicanet.net\/wp-cnet\/wp-json\/wp\/v2\/posts"}],"about":[{"href":"https:\/\/catolicanet.net\/wp-cnet\/wp-json\/wp\/v2\/types\/post"}],"author":[{"embeddable":true,"href":"https:\/\/catolicanet.net\/wp-cnet\/wp-json\/wp\/v2\/users\/1"}],"replies":[{"embeddable":true,"href":"https:\/\/catolicanet.net\/wp-cnet\/wp-json\/wp\/v2\/comments?post=95836"}],"version-history":[{"count":1,"href":"https:\/\/catolicanet.net\/wp-cnet\/wp-json\/wp\/v2\/posts\/95836\/revisions"}],"predecessor-version":[{"id":95839,"href":"https:\/\/catolicanet.net\/wp-cnet\/wp-json\/wp\/v2\/posts\/95836\/revisions\/95839"}],"wp:featuredmedia":[{"embeddable":true,"href":"https:\/\/catolicanet.net\/wp-cnet\/wp-json\/wp\/v2\/media\/95837"}],"wp:attachment":[{"href":"https:\/\/catolicanet.net\/wp-cnet\/wp-json\/wp\/v2\/media?parent=95836"}],"wp:term":[{"taxonomy":"category","embeddable":true,"href":"https:\/\/catolicanet.net\/wp-cnet\/wp-json\/wp\/v2\/categories?post=95836"},{"taxonomy":"post_tag","embeddable":true,"href":"https:\/\/catolicanet.net\/wp-cnet\/wp-json\/wp\/v2\/tags?post=95836"}],"curies":[{"name":"wp","href":"https:\/\/api.w.org\/{rel}","templated":true}]}}