{"id":95760,"date":"2025-08-30T09:20:46","date_gmt":"2025-08-30T12:20:46","guid":{"rendered":"https:\/\/catolicanet.net\/wp-cnet\/?p=95760"},"modified":"2025-09-08T11:21:47","modified_gmt":"2025-09-08T14:21:47","slug":"o-ministerio-do-catequista-vocacao-e-servico-a-palavra","status":"publish","type":"post","link":"https:\/\/catolicanet.net\/wp-cnet\/o-ministerio-do-catequista-vocacao-e-servico-a-palavra\/","title":{"rendered":"O minist\u00e9rio do catequista: voca\u00e7\u00e3o e servi\u00e7o \u00e0 Palavra"},"content":{"rendered":"<p style=\"text-align: justify;\">A Igreja, ao longo dos s\u00e9culos, sempre reconheceu e valorizou a miss\u00e3o de homens e mulheres que, movidos pela f\u00e9 e pelo amor a Cristo, dedicam-se ao an\u00fancio da Palavra de Deus e \u00e0 forma\u00e7\u00e3o dos irm\u00e3os na caminhada crist\u00e3. Entre esses, est\u00e3o os catequistas, cujo minist\u00e9rio ocupa lugar de destaque na vida eclesial e mission\u00e1ria.<\/p>\n<p style=\"text-align: justify;\">O catequista \u00e9 chamado a ser testemunha viva do Evangelho e colaborador no processo de inicia\u00e7\u00e3o \u00e0 vida crist\u00e3. Sua miss\u00e3o n\u00e3o se restringe a transmitir conte\u00fados doutrinais, mas a conduzir os catequizandos a um encontro pessoal e transformador com Jesus Cristo. Assim, o catequista \u00e9, antes de tudo, um disc\u00edpulo mission\u00e1rio, algu\u00e9m que se deixa formar pela Palavra e pela Eucaristia para, depois, formar outros.<\/p>\n<p style=\"text-align: justify;\">O saudoso Papa Francisco, ao instituir oficialmente o minist\u00e9rio do catequista em 2021, recordou que estes s\u00e3o \u201chomens e mulheres chamados a expressar sua compet\u00eancia no servi\u00e7o da transmiss\u00e3o da f\u00e9, que se desenvolve atrav\u00e9s de diferentes etapas e modalidades\u201d. Esse reconhecimento oficial n\u00e3o \u00e9 apenas honor\u00edfico: ele confirma o valor eclesial e mission\u00e1rio desse servi\u00e7o, que est\u00e1 no cora\u00e7\u00e3o da miss\u00e3o da Igreja.<\/p>\n<p style=\"text-align: justify;\">Ser catequista exige um cora\u00e7\u00e3o apaixonado por Deus e pelo pr\u00f3ximo. O catequista \u00e9 algu\u00e9m que acolhe, escuta, acompanha e orienta. Ele se torna presen\u00e7a amiga e refer\u00eancia de f\u00e9 para crian\u00e7as, jovens e adultos que buscam aprofundar a vida crist\u00e3. Sua miss\u00e3o \u00e9 particularmente importante em um tempo marcado pela indiferen\u00e7a religiosa, pelo relativismo e pelas crises de sentido que atingem tantas fam\u00edlias.<\/p>\n<p style=\"text-align: justify;\">A catequese, no entanto, n\u00e3o pode ser reduzida a um curso ou a uma simples prepara\u00e7\u00e3o para os sacramentos. Ela \u00e9 um itiner\u00e1rio de f\u00e9, que introduz a pessoa na vida comunit\u00e1ria, na ora\u00e7\u00e3o e na miss\u00e3o. O catequista \u00e9 mediador: ajuda o catequizando a compreender e a viver a f\u00e9 em todas as dimens\u00f5es da exist\u00eancia. Por isso, deve se esfor\u00e7ar para que cada encontro seja uma verdadeira experi\u00eancia de Deus, e n\u00e3o apenas uma li\u00e7\u00e3o a ser decorada.<\/p>\n<p style=\"text-align: justify;\">Nesse sentido, o catequista deve cultivar tr\u00eas atitudes fundamentais:<\/p>\n<ol style=\"text-align: justify;\">\n<li>Ser testemunha \u2013 mais do que falar de Jesus, viver como Jesus. Sua vida deve ser coerente com o Evangelho que anuncia.<\/li>\n<li>Ser servidor da Palavra \u2013 meditar diariamente a Sagrada Escritura, buscar forma\u00e7\u00e3o cont\u00ednua e abrir-se \u00e0 a\u00e7\u00e3o do Esp\u00edrito Santo.<\/li>\n<li>Ser mission\u00e1rio \u2013 n\u00e3o se limitar \u00e0 sala de catequese, mas ajudar as fam\u00edlias a se tornarem verdadeiras \u201cigrejas dom\u00e9sticas\u201d, onde a f\u00e9 \u00e9 partilhada e celebrada.<\/li>\n<\/ol>\n<p style=\"text-align: justify;\">O Diret\u00f3rio Geral para a Catequese recorda que a catequese deve estar intimamente ligada \u00e0 liturgia, \u00e0 caridade e \u00e0 vida comunit\u00e1ria. Por isso, outro aspecto essencial \u00e9 a integra\u00e7\u00e3o da catequese na vida da par\u00f3quia. O catequista \u00e9 chamado a trabalhar em comunh\u00e3o com o p\u00e1roco, com outros agentes de pastoral e com os pais, primeiros educadores da f\u00e9. Essa colabora\u00e7\u00e3o fortalece a comunidade e torna a catequese mais fecunda.<\/p>\n<p style=\"text-align: justify;\">Na realidade atual, os catequistas enfrentam desafios grandes: a falta de tempo das fam\u00edlias, a competi\u00e7\u00e3o com as tecnologias digitais, a seculariza\u00e7\u00e3o e, muitas vezes, a desvaloriza\u00e7\u00e3o do pr\u00f3prio minist\u00e9rio. Ainda assim, \u00e9 precisamente nesse cen\u00e1rio que o testemunho do catequista se torna mais necess\u00e1rio. Ele deve ser criativo, perseverante e cheio de esperan\u00e7a, para anunciar Cristo de forma fiel e atraente.<\/p>\n<p style=\"text-align: justify;\">N\u00e3o podemos esquecer que o minist\u00e9rio do catequista \u00e9 tamb\u00e9m um ato de esperan\u00e7a. Quem se dedica a ensinar a f\u00e9 acredita que a semente lan\u00e7ada dar\u00e1 frutos, mesmo que n\u00e3o veja imediatamente os resultados. O catequista trabalha com paci\u00eancia evang\u00e9lica, confiante na promessa do Senhor: <em>\u201cA Palavra que sair da minha boca n\u00e3o voltar\u00e1 para mim vazia\u201d<\/em> (Is 55,11).<\/p>\n<p style=\"text-align: justify;\">Por fim, \u00e9 importante recordar que a catequese n\u00e3o \u00e9 uma tarefa individual, mas uma miss\u00e3o eclesial. O catequista n\u00e3o fala em nome pr\u00f3prio, mas em nome da Igreja. Por isso, precisa estar em comunh\u00e3o com os pastores e com toda a comunidade. Seu servi\u00e7o n\u00e3o \u00e9 apenas voluntariado, mas uma voca\u00e7\u00e3o espec\u00edfica, um chamado de Deus para ser instrumento de evangeliza\u00e7\u00e3o e de forma\u00e7\u00e3o de disc\u00edpulos.<\/p>\n<p style=\"text-align: justify;\">Rezemos para que nunca faltem \u00e0 Igreja catequistas generosos, comprometidos e cheios de ardor mission\u00e1rio. Que cada comunidade saiba acolher, formar e valorizar esses servidores da Palavra, que dedicam tempo, dons e vida \u00e0 semeadura do Evangelho.<\/p>\n<p style=\"text-align: justify;\">Como recorda S\u00e3o Paulo: <em>\u201cAi de mim se eu n\u00e3o evangelizar!\u201d<\/em> (1Cor 9,16). Que essa exorta\u00e7\u00e3o ressoe no cora\u00e7\u00e3o de cada catequista, para que sua miss\u00e3o, vivida com humildade e amor, continue sendo fonte de esperan\u00e7a e vida nova para a Igreja e para o mundo.<\/p>\n","protected":false},"excerpt":{"rendered":"<p>A Igreja, ao longo dos s\u00e9culos, sempre reconheceu e valorizou a miss\u00e3o de homens e mulheres que, movidos pela f\u00e9 e pelo amor a Cristo, dedicam-se ao an\u00fancio da Palavra de Deus e \u00e0 forma\u00e7\u00e3o dos irm\u00e3os na caminhada crist\u00e3. Entre esses, est\u00e3o os catequistas, cujo minist\u00e9rio ocupa lugar de destaque na vida eclesial e [&hellip;]<\/p>\n","protected":false},"author":5,"featured_media":92837,"comment_status":"open","ping_status":"closed","sticky":false,"template":"","format":"standard","meta":{"footnotes":""},"categories":[9],"tags":[],"class_list":["post-95760","post","type-post","status-publish","format-standard","has-post-thumbnail","hentry","category-artigos"],"_links":{"self":[{"href":"https:\/\/catolicanet.net\/wp-cnet\/wp-json\/wp\/v2\/posts\/95760","targetHints":{"allow":["GET"]}}],"collection":[{"href":"https:\/\/catolicanet.net\/wp-cnet\/wp-json\/wp\/v2\/posts"}],"about":[{"href":"https:\/\/catolicanet.net\/wp-cnet\/wp-json\/wp\/v2\/types\/post"}],"author":[{"embeddable":true,"href":"https:\/\/catolicanet.net\/wp-cnet\/wp-json\/wp\/v2\/users\/5"}],"replies":[{"embeddable":true,"href":"https:\/\/catolicanet.net\/wp-cnet\/wp-json\/wp\/v2\/comments?post=95760"}],"version-history":[{"count":1,"href":"https:\/\/catolicanet.net\/wp-cnet\/wp-json\/wp\/v2\/posts\/95760\/revisions"}],"predecessor-version":[{"id":95762,"href":"https:\/\/catolicanet.net\/wp-cnet\/wp-json\/wp\/v2\/posts\/95760\/revisions\/95762"}],"wp:featuredmedia":[{"embeddable":true,"href":"https:\/\/catolicanet.net\/wp-cnet\/wp-json\/wp\/v2\/media\/92837"}],"wp:attachment":[{"href":"https:\/\/catolicanet.net\/wp-cnet\/wp-json\/wp\/v2\/media?parent=95760"}],"wp:term":[{"taxonomy":"category","embeddable":true,"href":"https:\/\/catolicanet.net\/wp-cnet\/wp-json\/wp\/v2\/categories?post=95760"},{"taxonomy":"post_tag","embeddable":true,"href":"https:\/\/catolicanet.net\/wp-cnet\/wp-json\/wp\/v2\/tags?post=95760"}],"curies":[{"name":"wp","href":"https:\/\/api.w.org\/{rel}","templated":true}]}}