{"id":95721,"date":"2025-09-07T10:00:32","date_gmt":"2025-09-07T13:00:32","guid":{"rendered":"https:\/\/catolicanet.net\/wp-cnet\/?p=95721"},"modified":"2025-09-08T11:00:28","modified_gmt":"2025-09-08T14:00:28","slug":"23o-domingo-do-tempo-comum-lc-1425-33","status":"publish","type":"post","link":"https:\/\/catolicanet.net\/wp-cnet\/23o-domingo-do-tempo-comum-lc-1425-33\/","title":{"rendered":"23\u00ba Domingo do Tempo Comum (Lc 14,25-33)."},"content":{"rendered":"<p style=\"text-align: justify;\"><strong><em>Texto referencial: \u201c\u2026assim, pois, aquele dentre v\u00f3s que n\u00e3o renunciar a todos os seus bens, n\u00e3o pode ser meu disc\u00edpulo\u201d. (Lc 14, 33).<\/em><\/strong><\/p>\n<p style=\"text-align: justify;\"><em>\u00a0 <\/em><\/p>\n<p style=\"text-align: justify;\">1 \u2013 Jesus, em assim falando, certamente n\u00e3o quis amedrontar os disc\u00edpulos, fazendo-os desistir do discipulado. Ele os chamou. Diz o texto, ainda que convidou aqueles que Ele quis, para ficarem com ele, form\u00e1-los e envi\u00e1-los. N\u00e3o pediu conselho a ningu\u00e9m. Ele, e somente, ele decidiu. Chamo-os ent\u00e3o. Havia entre eles, at\u00e9 um traidor, que aos poucos foi dando sinais de sua infidelidade. Jesus, no entanto, n\u00e3o o mandou embora, mostrou-lhe todo seu amor investindo nele, para recupera-lo. Convertendo. De nada adiantou. N\u00e3o sei do final dele, no entanto eu nuca queria estar na sua situa\u00e7\u00e3o.<\/p>\n<p style=\"text-align: justify;\">2 \u2013 Deus mandou amar a todos, at\u00e9 aos inimigos. Quantos mais, ent\u00e3o, ao pai e a m\u00e3e, a esposa, filhos (as) e irm\u00e3os. A fam\u00edlia \u00e9 um bem invej\u00e1vel. Fundamental. Deus, mesmo formou a primeira e lhe deu uma invej\u00e1vel miss\u00e3o: participar de certo modo do poder criador de Deus, gerando novas vidas. Mandou amar pai e m\u00e3e. \u00c9 at\u00e9 um mandamento.<\/p>\n<p style=\"text-align: justify;\">3 \u2013 Mandou amar pai e m\u00e3e, mais, por\u00e9m a Deus acima de tudo e de todos. S\u00f3 Ele \u00e9 absoluto. \u00c9 criador e Senhor. Exige seus direitos, at\u00e9 nesta pr\u00f3pria vida, em compara\u00e7\u00e3o com a vida dele, fica em segundo lugar: \u201cquem amar pai e m\u00e3e mais que a mim, n\u00e3o pode ser meu disc\u00edpulo\u201d afirmou, ele. At\u00e9 que ponto isso, nos impressiona ou nos preocupa? Temos consci\u00eancia clara e pessoal disso?<\/p>\n<p style=\"text-align: justify;\">4 \u2013 Tudo na vida tem um pre\u00e7o. Estamos dispostos a pag\u00e1-lo? Todos querem gozar de sa\u00fade. O problema \u00e9 n\u00e3o danific\u00e1-la comendo, bebendo, ou trabalhando demais. Todos os estudantes esclarecidos, querem obter notas boas. \u00a0O problema, no entanto, \u00e9 estudar com afinco, para obt\u00ea-la e passar bem nos exames todas as pessoas bem normais desejam ser longevas. O problema \u00e9 aceitar as condi\u00e7\u00f5es para tanto. O filho, enquanto de menor, precisa obedecer aos pais. Mas crescendo, ele se torna de maior. Diante de Deus, somos sempre e t\u00e3o somente criaturas. Tudo o que temos de bom, em princ\u00edpio, depende D\u2019Ele. Podemos sempre exigir nossos direitos. Pergunto ent\u00e3o: cumprimos com a mesma consci\u00eancia com os nossos deveres? Somente tem direitos que assume deveres. Como ent\u00e3o reagimos n\u00f3s?\u00a0 Deus \u00e9 tudo: criador, Pai, Senhor, Salvador. A felicidade absoluta \u00e9 a eterna n\u00e3o devemos perd\u00ea-la. Jesus veio ainda ao nosso encontro, salvando-nos. Carregando a cruz. Como fica ent\u00e3o as coisas? Na iman\u00eancia podemos perder a transcend\u00eancia.<\/p>\n","protected":false},"excerpt":{"rendered":"<p>Texto referencial: \u201c\u2026assim, pois, aquele dentre v\u00f3s que n\u00e3o renunciar a todos os seus bens, n\u00e3o pode ser meu disc\u00edpulo\u201d. (Lc 14, 33). \u00a0 1 \u2013 Jesus, em assim falando, certamente n\u00e3o quis amedrontar os disc\u00edpulos, fazendo-os desistir do discipulado. Ele os chamou. Diz o texto, ainda que convidou aqueles que Ele quis, para ficarem [&hellip;]<\/p>\n","protected":false},"author":119,"featured_media":77698,"comment_status":"open","ping_status":"closed","sticky":false,"template":"","format":"standard","meta":{"footnotes":""},"categories":[9],"tags":[],"class_list":["post-95721","post","type-post","status-publish","format-standard","has-post-thumbnail","hentry","category-artigos"],"_links":{"self":[{"href":"https:\/\/catolicanet.net\/wp-cnet\/wp-json\/wp\/v2\/posts\/95721","targetHints":{"allow":["GET"]}}],"collection":[{"href":"https:\/\/catolicanet.net\/wp-cnet\/wp-json\/wp\/v2\/posts"}],"about":[{"href":"https:\/\/catolicanet.net\/wp-cnet\/wp-json\/wp\/v2\/types\/post"}],"author":[{"embeddable":true,"href":"https:\/\/catolicanet.net\/wp-cnet\/wp-json\/wp\/v2\/users\/119"}],"replies":[{"embeddable":true,"href":"https:\/\/catolicanet.net\/wp-cnet\/wp-json\/wp\/v2\/comments?post=95721"}],"version-history":[{"count":1,"href":"https:\/\/catolicanet.net\/wp-cnet\/wp-json\/wp\/v2\/posts\/95721\/revisions"}],"predecessor-version":[{"id":95723,"href":"https:\/\/catolicanet.net\/wp-cnet\/wp-json\/wp\/v2\/posts\/95721\/revisions\/95723"}],"wp:featuredmedia":[{"embeddable":true,"href":"https:\/\/catolicanet.net\/wp-cnet\/wp-json\/wp\/v2\/media\/77698"}],"wp:attachment":[{"href":"https:\/\/catolicanet.net\/wp-cnet\/wp-json\/wp\/v2\/media?parent=95721"}],"wp:term":[{"taxonomy":"category","embeddable":true,"href":"https:\/\/catolicanet.net\/wp-cnet\/wp-json\/wp\/v2\/categories?post=95721"},{"taxonomy":"post_tag","embeddable":true,"href":"https:\/\/catolicanet.net\/wp-cnet\/wp-json\/wp\/v2\/tags?post=95721"}],"curies":[{"name":"wp","href":"https:\/\/api.w.org\/{rel}","templated":true}]}}