{"id":95718,"date":"2025-09-04T09:00:34","date_gmt":"2025-09-04T12:00:34","guid":{"rendered":"https:\/\/catolicanet.net\/wp-cnet\/?p=95718"},"modified":"2025-09-08T10:58:36","modified_gmt":"2025-09-08T13:58:36","slug":"setembro-mes-da-biblia-3","status":"publish","type":"post","link":"https:\/\/catolicanet.net\/wp-cnet\/setembro-mes-da-biblia-3\/","title":{"rendered":"Setembro-M\u00eas da B\u00edblia"},"content":{"rendered":"<p style=\"text-align: justify;\"><strong><em>Texto inspirador: Muitas vezes e de diversos modos, outrora, falou Deus a nossos pais pelos profetas. Ultimamente nos fala pelo seu filho\u2026 (Heb 1,2).<\/em><\/strong><\/p>\n<p style=\"text-align: justify;\"><strong>\u00a0<\/strong><\/p>\n<p style=\"text-align: justify;\"><strong>1<\/strong> \u2013 Todos os dias s\u00e3o ocasi\u00e3o para ouvir, ler e viver a palavra de Deus, pois, ignorar as escrituras \u00e9 olvidar Jesus Cristo &#8211; o redentor, o messias (cf. S\u00e3o Jer\u00f4nimo). No entanto, uma op\u00e7\u00e3o pastoral, da Igreja do Brasil priorizou certos temas para os diversos meses e ent\u00e3o, assim aprofund\u00e1-los melhor: maio m\u00eas de Maria; junho o do Sagrado Cora\u00e7\u00e3o de Jesus; outubro o das miss\u00f5es. Os livros sagrados do antigo testamento, n\u00f3s os herdamos de Israel. Os do novo testamento nasceram na Igreja Cat\u00f3lica. Ela determinou o C\u00e2non dos livros inspirados. Valorizou tamb\u00e9m a tradi\u00e7\u00e3o, pois, o primeiro livro do novo testamento (Paulo aos Tessalonicenses) \u00e9 provavelmente do ano 51. Os Evangelhos can\u00f4nicos nasceram depois, sendo o de Jo\u00e3o, l\u00e1 dos anos 90 a 100. Lucas chega a afirmar claramente que aprofundou bem tudo que escreveu: como? Pela valoriza\u00e7\u00e3o da tradi\u00e7\u00e3o eclesial, pois nada havia sido escrito, antes da primeira aos tessalonicenses. Por isso, a Igreja valorizou tanto a tradi\u00e7\u00e3o, quanto aos livros can\u00f4nicos que \u00e1leas foram definidos pela Igreja. Basta estudar um pouco melhor a hist\u00f3ria dos livros b\u00edblicos.<\/p>\n<p style=\"text-align: justify;\"><strong>2 \u2013<\/strong> A Escritura deve ser antes ouvida, lida, estudada e vivida e n\u00e3o apenas discutida. De fato, ela, n\u00e3o foi escrita para formar igrejas ou seitas, mas para edificar o Reino de Deus: pelo amor, pela justi\u00e7a, paz e fraternidade.<\/p>\n<p style=\"text-align: justify;\">A revela\u00e7\u00e3o divina fala da cria\u00e7\u00e3o, da trindade, do verbo encarnado. Quem conhece a Deus e o que Ele fez e faz o ama, lhe obedece e o cultua com todo cora\u00e7\u00e3o, intelig\u00eancia e vontade esclarecida.<\/p>\n<p style=\"text-align: justify;\"><strong>3 \u2013 <\/strong>Por isso, convidamos todos os crist\u00e3os a lerem, estudarem, e aprofundarem a Palavra de Deus para ent\u00e3o viv\u00ea-la e anunciarem evangelizando por palavras e atitudes. Jesus n\u00e3o formou biblistas ou te\u00f3logos, mas disc\u00edpulos(as) para testemunharem na vida com alegria, amor e perseveran\u00e7a tanto pelo sofrimento, pela morte quanto at\u00e9 pelo mart\u00edrio. N\u00e3o desensinou uma espiritualidade, mas lhes mostro que pela vivencia do discipulado, fizesse a experiencia do Deus- Aba, ou seja, de Deus como Pai. Fez-nos vivencias os mesmos sentimentos e an\u00e9litos seus.<\/p>\n<p style=\"text-align: justify;\">N\u00e3o somente, uma vez que, por ocasi\u00e3o de sua crucifica\u00e7\u00e3o, ainda eram medrosos e fracos. Mostrou-lhes ent\u00e3o ainda, a seu tempo, a concretiza\u00e7\u00e3o da anunciada e prometida ressurei\u00e7\u00e3o, bem como a vinda do Esp\u00edrito Santo, como nosso pedagogo, consolador e santificador.\u00a0 Repito: Jesus n\u00e3o lecionou religi\u00e3o, e nem t\u00e3o pouco lhes ensinou um modelo de espiritualidade, mas f\u00ea-los passar por uma experi\u00eancia \u00edmpar de discipulado. Iniciou-os e levou a bom termo o discipulado, onde pelo exemplo, de sua morte na cruz mostrou como ser fiel at\u00e9 o fim.<\/p>\n","protected":false},"excerpt":{"rendered":"<p>Texto inspirador: Muitas vezes e de diversos modos, outrora, falou Deus a nossos pais pelos profetas. Ultimamente nos fala pelo seu filho\u2026 (Heb 1,2). \u00a0 1 \u2013 Todos os dias s\u00e3o ocasi\u00e3o para ouvir, ler e viver a palavra de Deus, pois, ignorar as escrituras \u00e9 olvidar Jesus Cristo &#8211; o redentor, o messias (cf. [&hellip;]<\/p>\n","protected":false},"author":119,"featured_media":77698,"comment_status":"open","ping_status":"closed","sticky":false,"template":"","format":"standard","meta":{"footnotes":""},"categories":[9],"tags":[],"class_list":["post-95718","post","type-post","status-publish","format-standard","has-post-thumbnail","hentry","category-artigos"],"_links":{"self":[{"href":"https:\/\/catolicanet.net\/wp-cnet\/wp-json\/wp\/v2\/posts\/95718","targetHints":{"allow":["GET"]}}],"collection":[{"href":"https:\/\/catolicanet.net\/wp-cnet\/wp-json\/wp\/v2\/posts"}],"about":[{"href":"https:\/\/catolicanet.net\/wp-cnet\/wp-json\/wp\/v2\/types\/post"}],"author":[{"embeddable":true,"href":"https:\/\/catolicanet.net\/wp-cnet\/wp-json\/wp\/v2\/users\/119"}],"replies":[{"embeddable":true,"href":"https:\/\/catolicanet.net\/wp-cnet\/wp-json\/wp\/v2\/comments?post=95718"}],"version-history":[{"count":1,"href":"https:\/\/catolicanet.net\/wp-cnet\/wp-json\/wp\/v2\/posts\/95718\/revisions"}],"predecessor-version":[{"id":95720,"href":"https:\/\/catolicanet.net\/wp-cnet\/wp-json\/wp\/v2\/posts\/95718\/revisions\/95720"}],"wp:featuredmedia":[{"embeddable":true,"href":"https:\/\/catolicanet.net\/wp-cnet\/wp-json\/wp\/v2\/media\/77698"}],"wp:attachment":[{"href":"https:\/\/catolicanet.net\/wp-cnet\/wp-json\/wp\/v2\/media?parent=95718"}],"wp:term":[{"taxonomy":"category","embeddable":true,"href":"https:\/\/catolicanet.net\/wp-cnet\/wp-json\/wp\/v2\/categories?post=95718"},{"taxonomy":"post_tag","embeddable":true,"href":"https:\/\/catolicanet.net\/wp-cnet\/wp-json\/wp\/v2\/tags?post=95718"}],"curies":[{"name":"wp","href":"https:\/\/api.w.org\/{rel}","templated":true}]}}