{"id":95639,"date":"2025-09-01T10:27:52","date_gmt":"2025-09-01T13:27:52","guid":{"rendered":"https:\/\/catolicanet.net\/wp-cnet\/?p=95639"},"modified":"2025-09-01T17:42:05","modified_gmt":"2025-09-01T20:42:05","slug":"tempo-da-criacao-papa-leao-xiv-convida-a-renovar-o-compromisso-de-cuidar-da-casa-comum","status":"publish","type":"post","link":"https:\/\/catolicanet.net\/wp-cnet\/tempo-da-criacao-papa-leao-xiv-convida-a-renovar-o-compromisso-de-cuidar-da-casa-comum\/","title":{"rendered":"Tempo da cria\u00e7\u00e3o: Papa Le\u00e3o XIV convida a renovar o compromisso de cuidar da casa comum"},"content":{"rendered":"<p style=\"text-align: justify;\">\u201cNo esp\u00edrito do C\u00e2ntico do Irm\u00e3o Sol, louvemos a Deus e renovemos o compromisso de n\u00e3o destruir o seu dom, mas de cuidar da nossa casa comum\u201d, compartilhou o perfil oficial do Papa Le\u00e3o XIV nas redes sociais, neste dia 1\u00ba de setembro, quando \u00e9 celebrado o 10\u00ba Dia Mundial de Ora\u00e7\u00e3o pelo Cuidado da Cria\u00e7\u00e3o. A data abre o Tempo da Cria\u00e7\u00e3o, at\u00e9 4 de outubro, festa de S\u00e3o Francisco de Assis.<\/p>\n<p style=\"text-align: justify;\">Neste ano, o tema escolhido para o Tempo da Cria\u00e7\u00e3o \u00e9 \u201cPaz com a cria\u00e7\u00e3o\u201d, inspirado em Isa\u00edas 32, 14-18. A reflex\u00e3o proposta pelo Comit\u00ea Diretivo Ecum\u00eanico recorda a passagem retratada no livro do profeta Isa\u00edas de\u00a0uma Cria\u00e7\u00e3o desolada, desprovida de paz devido \u00e0 injusti\u00e7a e \u00e0 ruptura da rela\u00e7\u00e3o entre Deus e os homens.<\/p>\n<blockquote><p>\u201cCidades devastadas e terrenos baldios refletem o impacto destrutivo da humanidade na Terra. Embora o plano de Deus para a Cria\u00e7\u00e3o esteja enraizado na justi\u00e7a e na paz, o pecado humano perturba-o, deixando a Cria\u00e7\u00e3o em ru\u00ednas \u2013 desde pal\u00e1cios ricos a terras agr\u00edcolas, florestas e oceanos pobres\u201d.<\/p><\/blockquote>\n<p style=\"text-align: justify;\">A paz, ressalta o material oferecido, n\u00e3o \u00e9 apenas a aus\u00eancia de guerra, mas a restaura\u00e7\u00e3o de rela\u00e7\u00f5es quebradas \u2013 com Deus, entre os seres humanos e com a Cria\u00e7\u00e3o.<\/p>\n<blockquote><p>\u201cA humanidade faz guerra \u00e0 Cria\u00e7\u00e3o atrav\u00e9s da produ\u00e7\u00e3o extrativa, do consumo excessivo e da perda de biodiversidade. A gan\u00e2ncia das empresas e o consumismo conduzem a pr\u00e1ticas insustent\u00e1veis, mas os indiv\u00edduos tamb\u00e9m s\u00e3o c\u00famplices\u201d.<\/p><\/blockquote>\n<p style=\"text-align: justify;\">O Tempo da Cria\u00e7\u00e3o \u00e9 um tempo para renovar a rela\u00e7\u00e3o da humanidade com Deus Criador e toda a cria\u00e7\u00e3o atrav\u00e9s da celebra\u00e7\u00e3o, da convers\u00e3o e do compromisso coletivo. Durante o Tempo da Cria\u00e7\u00e3o, crist\u00e3os de v\u00e1rias igrejas se unem em ora\u00e7\u00e3o e a\u00e7\u00e3o pela nossa casa comum.<\/p>\n<p style=\"text-align: justify;\">A Igreja Cat\u00f3lica participa dessa iniciativa desde 2019, quando o Papa Francisco somou-se \u00e0 iniciativa. Desde 2015, por\u00e9m, a Igreja celebra o Dia de Ora\u00e7\u00e3o pelo Cuidado da Cria\u00e7\u00e3o, celebrado pelos ortodoxos desde 1989.<\/p>\n<p style=\"text-align: justify;\">Durante a celebra\u00e7\u00e3o de um m\u00eas, os 2,2 bilh\u00f5es de crist\u00e3os no mundo se unem pelo cuidado da nossa casa comum.<\/p>\n<p style=\"text-align: justify;\">\n<h3 style=\"text-align: justify;\">1700 anos do Conc\u00edlio de Nic\u00e9ia<\/h3>\n<p style=\"text-align: justify;\">A celebra\u00e7\u00e3o dos 1700 anos do Conc\u00edlio Ecum\u00eanico de Nic\u00e9ia, que estabeleceu a profiss\u00e3o de f\u00e9 comum entre as Igrejas Crist\u00e3s, tamb\u00e9m \u00e9 recordada no Tempo da Cria\u00e7\u00e3o.<\/p>\n<blockquote><p>\u201cO Credo de Nic\u00e9ia tornou-se um v\u00ednculo de paz e comunh\u00e3o entre as igrejas. O nosso trabalho pela paz com a Cria\u00e7\u00e3o pode apoiar-se nesta antiga e forte comunh\u00e3o ecum\u00eanica. \u00c9 uma express\u00e3o do Credo de Nic\u00e9ia hoje\u201d, sugere o material.<\/p><\/blockquote>\n<p style=\"text-align: justify;\">A confiss\u00e3o de f\u00e9 e a comunh\u00e3o ecum\u00eanica estabelecida em Nic\u00e9ia, destacam os organizadores, fortalecem para os fi\u00e9is seguirem o apelo de Isa\u00edas e a permanecerem firmes no testemunho da promessa de paz de Deus para toda a Cria\u00e7\u00e3o.<\/p>\n<p style=\"text-align: justify;\">Para rezar com S\u00e3o Francisco de Assis, o C\u00e2ntico do Irm\u00e3o Sol:<\/p>\n<blockquote><p>Alt\u00edssimo, onipotente, bom Senhor,<br \/>\nteus s\u00e3o o louvor, a gl\u00f3ria e a honra e toda a b\u00ean\u00e7\u00e3o.<br \/>\nSomente a ti, \u00f3 Alt\u00edssimo, eles conv\u00e9m,<br \/>\ne homem algum \u00e9 digno de mencionar-te.<br \/>\nLouvado sejas, meu Senhor, com todas as tuas criaturas,<br \/>\nespecialmente o Senhor Irm\u00e3o Sol,<br \/>\no qual \u00e9 dia, e por ele nos iluminas.<br \/>\nE ele \u00e9 belo e radiante com grande esplendor,<br \/>\nde ti, Alt\u00edssimo, traz o significado.<\/p>\n<p>Louvado sejas, meu Senhor, pela irm\u00e3 lua e pelas estrelas,<br \/>\nno c\u00e9u as formaste claras e preciosas e belas.<br \/>\nLouvado sejas, meu Senhor, pelo irm\u00e3o vento,<br \/>\ne pelo ar e pelas nuvens e pelo sereno e todo o tempo,<br \/>\npelo qual \u00e0s tuas criaturas d\u00e1s sustento.<\/p>\n<p>Louvado sejas, meu Senhor, pela irm\u00e3 \u00e1gua,<br \/>\nque \u00e9 mui \u00fatil e humilde e preciosa e casta.<\/p>\n<p>Louvado sejas, meu Senhor, pelo irm\u00e3o fogo<br \/>\npelo qual iluminas a noite,<br \/>\ne ele \u00e9 belo e agrad\u00e1vel e robusto e forte.<br \/>\nLouvado sejas, meu Senhor, pela irm\u00e3 nossa, a m\u00e3e terra<br \/>\nque nos sustenta e governa<br \/>\ne produz diversos frutos com coloridas flores e ervas.<\/p>\n<p>Louvado sejas, meu Senhor, por que perdoam pelo teu amor,<br \/>\nE suportam enfermidade e tribula\u00e7\u00e3o.<\/p>\n<p>Bem aventurados aqueles que as suportarem em paz,<br \/>\nporque por ti, Alt\u00edssimo, ser\u00e3o coroados.<\/p>\n<p>Louvado sejas, meu Senhor, pela irm\u00e3 nossa, a morte corporal,<br \/>\nda qual nenhum homem vivente pode escapar.<\/p>\n<p>Ai daqueles que morrerem em pecado mortal:<br \/>\nbem-aventurados os que ela encontrar na tua sant\u00edssima vontade,<br \/>\nporque a morte segunda n\u00e3o lhes far\u00e1 mal!<\/p>\n<p>Louvai e bendizei ao meu Senhor,<br \/>\ne rendei-lhe gra\u00e7as e servi-o com grande humildade.<\/p><\/blockquote>\n<p style=\"text-align: justify;\">\n<h3 style=\"text-align: justify;\">Sementes de Paz e Esperan\u00e7a<\/h3>\n<p style=\"text-align: justify;\">O tema para o Dia Mundial de Ora\u00e7\u00e3o pelo Cuidado da Cria\u00e7\u00e3o deste ano, escolhido pelo Papa Francisco, \u00e9 \u201cSementes de Paz e Esperan\u00e7a\u201d. O Papa Le\u00e3o XIV escreveu a mensagem para a data e ressaltou que, junto \u00e0 ora\u00e7\u00e3o, s\u00e3o necess\u00e1rias vontades e a\u00e7\u00f5es concretas de cuidado da casa comum para fazer com que a justi\u00e7a e o direito flores\u00e7am na \u201cinospitalidade do deserto\u201d.<\/p>\n<p style=\"text-align: justify;\">\u201cOs fen\u00f4menos naturais extremos, causados pelas altera\u00e7\u00f5es clim\u00e1ticas provocadas pelo homem, est\u00e3o a aumentar de intensidade e frequ\u00eancia (cf. Exort. ap.\u00a0<i><a href=\"https:\/\/www.vatican.va\/content\/francesco\/pt\/apost_exhortations\/documents\/20231004-laudate-deum.html#5\" target=\"_blank\" rel=\"noopener\">Laudate Deum<\/a><\/i>, 5), sem ter em conta os efeitos, a m\u00e9dio e longo prazo, de devasta\u00e7\u00e3o humana e ecol\u00f3gica provocada pelos conflitos armados\u201d, lamentou o pont\u00edfice.<\/p>\n<blockquote><p>\u201cChegou verdadeiramente o tempo de dar seguimento \u00e0s palavras com obras concretas. \u00abViver a voca\u00e7\u00e3o de guardi\u00f5es da obra de Deus n\u00e3o \u00e9 algo de opcional nem um aspecto secund\u00e1rio da experi\u00eancia crist\u00e3\u00bb (<a href=\"https:\/\/www.vatican.va\/content\/francesco\/pt\/encyclicals\/documents\/papa-francesco_20150524_enciclica-laudato-si.html#217\" target=\"_blank\" rel=\"noopener\"><i>ibid<\/i>.<\/a>, 217). Trabalhando com dedica\u00e7\u00e3o e ternura, muitas sementes de justi\u00e7a podem germinar, contribuindo para a paz e a esperan\u00e7a\u201d.<br \/>\n\u2013 Papa Le\u00e3o XIV na\u00a0<a href=\"https:\/\/www.vatican.va\/content\/leo-xiv\/pt\/messages\/creation\/documents\/20250630-messaggio-giornata-curacreato.html\" target=\"_blank\" rel=\"noopener\">Mensagem para o X Dia Mundial de Ora\u00e7\u00e3o pelo Cuidado da Cria\u00e7\u00e3o<\/a><\/p><\/blockquote>\n<p style=\"text-align: justify;\">\n<p style=\"text-align: justify;\">Leia tamb\u00e9m:<\/p>\n<div class=\"elementor-column elementor-col-50 elementor-inner-column elementor-element elementor-element-f2b1fed\" style=\"text-align: justify;\" data-id=\"f2b1fed\" data-element_type=\"column\">\n<div class=\"elementor-column-wrap elementor-element-populated\">\n<div class=\"elementor-widget-wrap\">\n<div class=\"elementor-element elementor-element-19d7f321 elementor-widget elementor-widget-heading\" data-id=\"19d7f321\" data-element_type=\"widget\" data-widget_type=\"heading.default\">\n<div class=\"elementor-widget-container\">\n<h6 class=\"elementor-heading-title elementor-size-default\"><a href=\"https:\/\/www.cnbb.org.br\/ecologia-integral-papa-leao-xiv-justica-ambiental-necessidade-urgente\/\">Ecologia Integral: para o Papa Le\u00e3o XIV, justi\u00e7a ambiental \u00e9 necessidade urgente e exig\u00eancia teol\u00f3gica<\/a><\/h6>\n<\/div>\n<\/div>\n<\/div>\n<\/div>\n<\/div>\n<p style=\"text-align: justify;\">\n<div class=\"elementor-column elementor-col-50 elementor-inner-column elementor-element elementor-element-f2b1fed\" style=\"text-align: justify;\" data-id=\"f2b1fed\" data-element_type=\"column\">\n<div class=\"elementor-column-wrap elementor-element-populated\">\n<div class=\"elementor-widget-wrap\">\n<div class=\"elementor-element elementor-element-19d7f321 elementor-widget elementor-widget-heading\" data-id=\"19d7f321\" data-element_type=\"widget\" data-widget_type=\"heading.default\">\n<div class=\"elementor-widget-container\">\n<h6 class=\"elementor-heading-title elementor-size-default\"><a href=\"https:\/\/www.cnbb.org.br\/cuidar-da-criacao-torna-se-uma-questao-de-fe-e-de-humanidade\/\">\u201cCuidar da Cria\u00e7\u00e3o torna-se uma quest\u00e3o de f\u00e9 e de humanidade\u201d<\/a><\/h6>\n<\/div>\n<\/div>\n<p>&nbsp;<\/p>\n<\/div>\n<\/div>\n<\/div>\n<div class=\"elementor-column-wrap\" style=\"text-align: justify;\">\n<h6 class=\"elementor-heading-title elementor-size-default\"><a href=\"https:\/\/www.cnbb.org.br\/plantando-esperanca-dia-mundial-de-oracao-pelo-cuidado-da-criacao-2025\/\">Plantando Esperan\u00e7a \u2013 Dia Mundial de Ora\u00e7\u00e3o pelo Cuidado da Cria\u00e7\u00e3o 2025<\/a><\/h6>\n<\/div>\n<div style=\"text-align: justify;\"><\/div>\n<pre>Por Luiz Lopes Jr<\/pre>\n","protected":false},"excerpt":{"rendered":"<p>\u201cNo esp\u00edrito do C\u00e2ntico do Irm\u00e3o Sol, louvemos a Deus e renovemos o compromisso de n\u00e3o destruir o seu dom, mas de cuidar da nossa casa comum\u201d, compartilhou o perfil oficial do Papa Le\u00e3o XIV nas redes sociais, neste dia 1\u00ba de setembro, quando \u00e9 celebrado o 10\u00ba Dia Mundial de Ora\u00e7\u00e3o pelo Cuidado da [&hellip;]<\/p>\n","protected":false},"author":1,"featured_media":95640,"comment_status":"open","ping_status":"closed","sticky":false,"template":"","format":"standard","meta":{"footnotes":""},"categories":[7,13],"tags":[],"class_list":["post-95639","post","type-post","status-publish","format-standard","has-post-thumbnail","hentry","category-cnbb","category-featured"],"_links":{"self":[{"href":"https:\/\/catolicanet.net\/wp-cnet\/wp-json\/wp\/v2\/posts\/95639","targetHints":{"allow":["GET"]}}],"collection":[{"href":"https:\/\/catolicanet.net\/wp-cnet\/wp-json\/wp\/v2\/posts"}],"about":[{"href":"https:\/\/catolicanet.net\/wp-cnet\/wp-json\/wp\/v2\/types\/post"}],"author":[{"embeddable":true,"href":"https:\/\/catolicanet.net\/wp-cnet\/wp-json\/wp\/v2\/users\/1"}],"replies":[{"embeddable":true,"href":"https:\/\/catolicanet.net\/wp-cnet\/wp-json\/wp\/v2\/comments?post=95639"}],"version-history":[{"count":1,"href":"https:\/\/catolicanet.net\/wp-cnet\/wp-json\/wp\/v2\/posts\/95639\/revisions"}],"predecessor-version":[{"id":95642,"href":"https:\/\/catolicanet.net\/wp-cnet\/wp-json\/wp\/v2\/posts\/95639\/revisions\/95642"}],"wp:featuredmedia":[{"embeddable":true,"href":"https:\/\/catolicanet.net\/wp-cnet\/wp-json\/wp\/v2\/media\/95640"}],"wp:attachment":[{"href":"https:\/\/catolicanet.net\/wp-cnet\/wp-json\/wp\/v2\/media?parent=95639"}],"wp:term":[{"taxonomy":"category","embeddable":true,"href":"https:\/\/catolicanet.net\/wp-cnet\/wp-json\/wp\/v2\/categories?post=95639"},{"taxonomy":"post_tag","embeddable":true,"href":"https:\/\/catolicanet.net\/wp-cnet\/wp-json\/wp\/v2\/tags?post=95639"}],"curies":[{"name":"wp","href":"https:\/\/api.w.org\/{rel}","templated":true}]}}