{"id":95564,"date":"2025-08-19T10:09:39","date_gmt":"2025-08-19T13:09:39","guid":{"rendered":"https:\/\/catolicanet.net\/wp-cnet\/?p=95564"},"modified":"2025-08-21T22:11:07","modified_gmt":"2025-08-22T01:11:07","slug":"acn-celebra-o-dia-em-memoria-das-vitimas-de-atos-de-violencia-baseados-em-religiao-ou-crenca","status":"publish","type":"post","link":"https:\/\/catolicanet.net\/wp-cnet\/acn-celebra-o-dia-em-memoria-das-vitimas-de-atos-de-violencia-baseados-em-religiao-ou-crenca\/","title":{"rendered":"ACN celebra o &#8220;Dia em Mem\u00f3ria das V\u00edtimas de atos de Viol\u00eancia baseados em Religi\u00e3o ou Cren\u00e7a&#8221;"},"content":{"rendered":"<p style=\"text-align: center;\" align=\"center\"><i><span style=\"font-family: 'Arial','sans-serif';\">Em refer\u00eancia ao dia em mem\u00f3ria das v\u00edtimas de viol\u00eancia baseada na religi\u00e3o, 22 de agosto, a editora-chefe do Relat\u00f3rio de Liberdade Religiosa no Mundo, da ACN, fala sobre a pr\u00f3xima edi\u00e7\u00e3o e a import\u00e2ncia de defender todos que sofrem por causa da f\u00e9<\/span><\/i><\/p>\n<p style=\"text-align: justify;\"><span style=\"font-size: 11.0pt; font-family: 'Arial','sans-serif';\">O dia 22 de agosto marca o \u201cDia Internacional em Mem\u00f3ria das V\u00edtimas de Atos de Viol\u00eancia Baseados em Religi\u00e3o ou Cren\u00e7a\u201d, e para celebrar este dia, Marta Petrosillo, editora-chefe do Relat\u00f3rio de Liberdade Religiosa no Mundo (RFR \u2013 da sigla em Ingl\u00eas para Religious Freedom Report), aborda a import\u00e2ncia da celebra\u00e7\u00e3o deste dia em mem\u00f3ria \u00e0s v\u00edtimas de viol\u00eancia por causa da f\u00e9, e traz as conclus\u00f5es esperadas para a edi\u00e7\u00e3o 2025 do Relat\u00f3rio de Liberdade Religiosa no Mundo, realizado pela ACN e publicado a cada dois anos.<\/span><span style=\"font-size: 11.0pt; font-family: 'Arial','sans-serif';\">\u00a0<\/span><\/p>\n<p style=\"text-align: justify;\"><span style=\"font-size: 11.0pt; font-family: 'Arial','sans-serif';\">\u201cDe forma geral, houve uma deteriora\u00e7\u00e3o na liberdade religiosa desde que a ACN lan\u00e7ou o RLR, em 1999\u201d, explica Marta. Nas \u00faltimas d\u00e9cadas, a situa\u00e7\u00e3o se agravou na \u00c1frica, com o extremismo religioso crescendo em lugares onde antes era desconhecido. H\u00e1 tamb\u00e9m um crescente nacionalismo \u00e9tnico-religioso na \u00c1sia, e o Oriente M\u00e9dio continua sendo uma \u00e1rea de preocupa\u00e7\u00e3o. Explicando a import\u00e2ncia do relat\u00f3rio, Marta diz: &#8220;Se a liberdade religiosa for negada a um grupo, mais cedo ou mais tarde tamb\u00e9m ser\u00e1 negada a outros, e para a ACN \u00e9 importante que a liberdade religiosa seja garantida igualmente a todos&#8221;.<\/span><em><span style=\"font-size: 11.0pt; font-family: 'Arial','sans-serif';\">\u00a0<\/span><\/em><\/p>\n<p style=\"text-align: justify;\"><span style=\"font-size: 11.0pt; font-family: 'Arial','sans-serif';\">Segundo Marta, embora a ideia de que algu\u00e9m possa sofrer por causa da religi\u00e3o que professa pare\u00e7a absurda para alguns e uma realidade muito distante, em dezenas de pa\u00edses este \u00e9 um problema que afeta muitas pessoas. \u201cNa verdade, eu diria que \u00e9 uma realidade para centenas de milh\u00f5es de pessoas em todo o mundo. \u00c9 importante ter este dia dedicado \u00e0s v\u00edtimas desse tipo de viol\u00eancia, para conscientizar, porque as viola\u00e7\u00f5es da liberdade religiosa afetam e causam sofrimento para muitas pessoas, embora \u00e0s vezes haja uma tend\u00eancia a ignorar esse fen\u00f4meno.<\/span><span style=\"font-size: 11.0pt; font-family: 'Arial','sans-serif';\">\u00a0<\/span><\/p>\n<p style=\"text-align: justify;\"><span style=\"font-size: 11.0pt; font-family: 'Arial','sans-serif';\">A ACN publica o Relat\u00f3rio sobre Liberdade Religiosa no Mundo, que neste ano ter\u00e1 sua mais recente edi\u00e7\u00e3o lan\u00e7ada no dia 23 de outubro aqui no Brasil. A primeira edi\u00e7\u00e3o foi em 1999, com o objetivo de aumentar a conscientiza\u00e7\u00e3o e relatar viola\u00e7\u00f5es da liberdade religiosa. E de acordo com a Marta, \u201ca cada edi\u00e7\u00e3o, desde 1999, a situa\u00e7\u00e3o foi piorando e, infelizmente, espera-se que essa seja a tend\u00eancia para esta pr\u00f3xima edi\u00e7\u00e3o, especialmente em algumas \u00e1reas do mundo. O RLR \u00e9 o \u00fanico estudo produzido por uma entidade cat\u00f3lica que cobre a situa\u00e7\u00e3o em todos os pa\u00edses do mundo e para todos os grupos religiosos, porque se a liberdade religiosa \u00e9 negada a um grupo, mais cedo ou mais tarde tamb\u00e9m ser\u00e1 negada a outros, e para a ACN \u00e9 importante que a liberdade religiosa seja concedida igualmente a todos\u201d, diz.<\/span><span style=\"font-size: 11.0pt; font-family: 'Arial','sans-serif';\">\u00a0<\/span><\/p>\n<p style=\"text-align: justify;\"><span style=\"font-size: 11.0pt; font-family: 'Arial','sans-serif';\">Existem tr\u00eas tipos diferentes de persegui\u00e7\u00e3o religiosa. Em primeiro lugar, a persegui\u00e7\u00e3o perpetrada pelo Estado. Depois, h\u00e1 a persegui\u00e7\u00e3o causada pelo extremismo religioso, como grupos jihadistas, e outro tipo de persegui\u00e7\u00e3o religiosa \u00e9 a causada pelo nacionalismo \u00e9tnico-religioso.<\/span><span style=\"font-size: 11.0pt; font-family: 'Arial','sans-serif';\">\u00a0<\/span><\/p>\n<p style=\"text-align: justify;\"><span style=\"font-size: 11.0pt; font-family: 'Arial','sans-serif';\">Um dos continentes onde a situa\u00e7\u00e3o piorou foi a \u00c1frica, especialmente durante as \u00faltimas d\u00e9cadas, quando o extremismo religioso realmente cresceu. H\u00e1 muitos grupos jihadistas perpetrando mais ataques, inclusive em pa\u00edses onde as rela\u00e7\u00f5es inter-religiosas n\u00e3o eram um problema, como na Rep\u00fablica Democr\u00e1tica do Congo, por exemplo. Historicamente, n\u00e3o houve problemas entre as comunidades de f\u00e9, que \u00e9 majoritariamente crist\u00e3. Por\u00e9m, recentemente houve um <a href=\"https:\/\/www.acn.org.br\/massacre-em-igreja-na-rd-congo-deixa-dezenas-de-mortos\/\">grande ataque aos fi\u00e9is crist\u00e3os<\/a>. Isso \u00e9 algo que est\u00e1 se espalhando em muitas partes da \u00c1frica e tende a se espalhar de um pa\u00eds para outro. <a href=\"https:\/\/www.acn.org.br\/125-anos-de-fe-em-burkina-faso-esperanca-apesar-da-violencia\/\">H\u00e1 tamb\u00e9m o caso de Burkina Faso<\/a>, que h\u00e1 10 anos n\u00e3o estava entre os pa\u00edses de maior preocupa\u00e7\u00e3o, mas hoje em dia, \u00e9 um dos lugares do mundo onde mais ataques jihadistas acontecem.<\/span><span style=\"font-size: 11.0pt; font-family: 'Arial','sans-serif';\">\u00a0<\/span><\/p>\n<p style=\"text-align: justify;\"><span style=\"font-size: 11.0pt; font-family: 'Arial','sans-serif';\">\u201cAssistimos tamb\u00e9m a um agravamento da situa\u00e7\u00e3o do nacionalismo \u00e9tnico-religioso na \u00c1sia, e o Oriente M\u00e9dio continua a ser uma \u00e1rea com uma instabilidade significativa, que afeta fortemente a liberdade religiosa. E, finalmente, vimos cada vez mais viola\u00e7\u00f5es da liberdade religiosa na Am\u00e9rica Latina. Nos \u00faltimos anos, vimos um aumento de ataques contra alguns grupos religiosos no Ocidente: vandalismo contra igrejas e um aumento de epis\u00f3dios antissemitas e anti-isl\u00e2micos por causa da guerra em Gaza. Depois, h\u00e1 um esfor\u00e7o para excluir a religi\u00e3o da pra\u00e7a p\u00fablica, incluindo o que o Papa Francisco chamou de persegui\u00e7\u00e3o educada\u201d, comentou Marta.<\/span><span style=\"font-size: 11.0pt; font-family: 'Arial','sans-serif';\">\u00a0<\/span><\/p>\n<p style=\"text-align: justify;\"><span style=\"font-size: 11.0pt; font-family: 'Arial','sans-serif';\">O Relat\u00f3rio de Liberdade Religiosa no Mundo \u00e9 um espelho sempre factual e objetivo sobre a avalia\u00e7\u00e3o da situa\u00e7\u00e3o. \u201cEm minha carreira, entrevistei muitas pessoas que sofrem viol\u00eancia relacionada \u00e0 sua f\u00e9, e elas dizem que n\u00e3o querem ser esquecidas, por isso \u00e9 muito importante mostrar apoio. Ent\u00e3o, a primeira coisa que as pessoas podem fazer para ajudar \u00e9 espalhar a informa\u00e7\u00e3o e aumentar a conscientiza\u00e7\u00e3o dentro de seu meio, no trabalho e com seus amigos. Isso \u00e9 realmente fundamental para mudar a situa\u00e7\u00e3o. E tamb\u00e9m, \u00e9 claro, apoio atrav\u00e9s da ora\u00e7\u00e3o e apoio material\u201d, finalizou Marta.<\/span><\/p>\n","protected":false},"excerpt":{"rendered":"<p>Em refer\u00eancia ao dia em mem\u00f3ria das v\u00edtimas de viol\u00eancia baseada na religi\u00e3o, 22 de agosto, a editora-chefe do Relat\u00f3rio de Liberdade Religiosa no Mundo, da ACN, fala sobre a pr\u00f3xima edi\u00e7\u00e3o e a import\u00e2ncia de defender todos que sofrem por causa da f\u00e9 O dia 22 de agosto marca o \u201cDia Internacional em Mem\u00f3ria [&hellip;]<\/p>\n","protected":false},"author":1,"featured_media":67995,"comment_status":"open","ping_status":"closed","sticky":false,"template":"","format":"standard","meta":{"footnotes":""},"categories":[4,13],"tags":[],"class_list":["post-95564","post","type-post","status-publish","format-standard","has-post-thumbnail","hentry","category-cotidiano","category-featured"],"_links":{"self":[{"href":"https:\/\/catolicanet.net\/wp-cnet\/wp-json\/wp\/v2\/posts\/95564","targetHints":{"allow":["GET"]}}],"collection":[{"href":"https:\/\/catolicanet.net\/wp-cnet\/wp-json\/wp\/v2\/posts"}],"about":[{"href":"https:\/\/catolicanet.net\/wp-cnet\/wp-json\/wp\/v2\/types\/post"}],"author":[{"embeddable":true,"href":"https:\/\/catolicanet.net\/wp-cnet\/wp-json\/wp\/v2\/users\/1"}],"replies":[{"embeddable":true,"href":"https:\/\/catolicanet.net\/wp-cnet\/wp-json\/wp\/v2\/comments?post=95564"}],"version-history":[{"count":1,"href":"https:\/\/catolicanet.net\/wp-cnet\/wp-json\/wp\/v2\/posts\/95564\/revisions"}],"predecessor-version":[{"id":95566,"href":"https:\/\/catolicanet.net\/wp-cnet\/wp-json\/wp\/v2\/posts\/95564\/revisions\/95566"}],"wp:featuredmedia":[{"embeddable":true,"href":"https:\/\/catolicanet.net\/wp-cnet\/wp-json\/wp\/v2\/media\/67995"}],"wp:attachment":[{"href":"https:\/\/catolicanet.net\/wp-cnet\/wp-json\/wp\/v2\/media?parent=95564"}],"wp:term":[{"taxonomy":"category","embeddable":true,"href":"https:\/\/catolicanet.net\/wp-cnet\/wp-json\/wp\/v2\/categories?post=95564"},{"taxonomy":"post_tag","embeddable":true,"href":"https:\/\/catolicanet.net\/wp-cnet\/wp-json\/wp\/v2\/tags?post=95564"}],"curies":[{"name":"wp","href":"https:\/\/api.w.org\/{rel}","templated":true}]}}