{"id":95528,"date":"2025-08-15T09:47:38","date_gmt":"2025-08-15T12:47:38","guid":{"rendered":"https:\/\/catolicanet.net\/wp-cnet\/?p=95528"},"modified":"2025-08-21T21:48:30","modified_gmt":"2025-08-22T00:48:30","slug":"terceiro-domingo-da-vida-consagrada-um-sinal-vivo-do-reino-de-deus","status":"publish","type":"post","link":"https:\/\/catolicanet.net\/wp-cnet\/terceiro-domingo-da-vida-consagrada-um-sinal-vivo-do-reino-de-deus\/","title":{"rendered":"Terceiro Domingo da Vida Consagrada \u2013 Um Sinal Vivo do Reino de Deus"},"content":{"rendered":"<p style=\"text-align: justify;\">O m\u00eas vocacional \u00e9 um tempo especial de ora\u00e7\u00e3o e reflex\u00e3o para toda a Igreja no Brasil. Nele, cada domingo nos convida a contemplar uma dimens\u00e3o diferente da voca\u00e7\u00e3o crist\u00e3. No terceiro domingo, voltamos o cora\u00e7\u00e3o e o olhar para a vida religiosa consagrada \u2014 dom precioso que o Esp\u00edrito Santo oferece \u00e0 Igreja para torn\u00e1-la mais fiel ao Evangelho e mais pr\u00f3xima dos pobres e esquecidos.<\/p>\n<p style=\"text-align: justify;\">No Serm\u00e3o da Montanha, Jesus declara: <em>\u201cV\u00f3s sois a luz do mundo. N\u00e3o se pode esconder uma cidade situada sobre um monte\u201d<\/em> (Mt 5,14).<\/p>\n<p style=\"text-align: justify;\">A vida consagrada \u00e9 exatamente isso: uma luz que n\u00e3o se apaga, mesmo nas noites mais escuras da humanidade. Religiosas e religiosos, vivendo os conselhos evang\u00e9licos de pobreza, castidade e obedi\u00eancia, tornam-se sinais luminosos de que Deus continua a agir no meio do seu povo. Sua vida \u00e9 um an\u00fancio silencioso, mas eloquente, de que Cristo \u00e9 suficiente e de que o Reino de Deus j\u00e1 est\u00e1 presente entre n\u00f3s.<\/p>\n<p style=\"text-align: justify;\">O Esp\u00edrito Santo, que \u00e9 criador de comunh\u00e3o, faz nascer ao longo da hist\u00f3ria uma grande diversidade de carismas: ordens mon\u00e1sticas que sustentam o mundo pela ora\u00e7\u00e3o; congrega\u00e7\u00f5es mission\u00e1rias que levam o Evangelho aos confins da terra; institutos voltados para a educa\u00e7\u00e3o, a sa\u00fade e a promo\u00e7\u00e3o humana; novas comunidades que evangelizam por meio da arte, da m\u00fasica e do acolhimento.<\/p>\n<p style=\"text-align: justify;\">S\u00e3o Paulo nos recorda: <em>\u201cA cada um \u00e9 dada a manifesta\u00e7\u00e3o do Esp\u00edrito em vista do bem comum\u201d<\/em> (1Cor 12,7).<\/p>\n<p style=\"text-align: justify;\">Cada carisma \u00e9 uma resposta concreta \u00e0s necessidades de seu tempo e continua sendo um dom para a Igreja e para o mundo.<\/p>\n<p style=\"text-align: justify;\">Vivemos tempos de mudan\u00e7as aceleradas, de crises sociais e de feridas espirituais profundas. \u00c9 justamente nesses momentos que a vida consagrada revela sua miss\u00e3o prof\u00e9tica:<\/p>\n<ul style=\"text-align: justify;\">\n<li>A pobreza evang\u00e9lica denuncia a idolatria do dinheiro e do poder.<\/li>\n<li>A castidade consagrada proclama que \u00e9 poss\u00edvel amar com liberdade e universalidade.<\/li>\n<li>A obedi\u00eancia ensina que a verdadeira liberdade est\u00e1 em fazer a vontade do Pai.<\/li>\n<\/ul>\n<p style=\"text-align: justify;\">O profeta Isa\u00edas j\u00e1 anunciava: <em>\u201cO Esp\u00edrito do Senhor est\u00e1 sobre mim, porque o Senhor me ungiu; enviou-me para anunciar a Boa-Nova aos pobres, curar os cora\u00e7\u00f5es feridos\u201d (<\/em>Is 61,1).<\/p>\n<p style=\"text-align: justify;\">Assim tamb\u00e9m cada consagrado \u00e9 chamado a ser presen\u00e7a curadora e libertadora, testemunha viva do amor que n\u00e3o passa.<\/p>\n<p style=\"text-align: justify;\">O Terceiro Domingo da Vida Consagrada n\u00e3o \u00e9 apenas uma data para os religiosos. \u00c9 uma oportunidade para toda a comunidade crist\u00e3 reconhecer, valorizar e apoiar este dom. \u00c9 tamb\u00e9m um momento de intercess\u00e3o: rezar para que novos cora\u00e7\u00f5es se abram ao chamado de Jesus. A semente vocacional precisa de terra boa, e esta terra boa \u00e9 uma comunidade que acolhe, encoraja e acompanha.<\/p>\n<p style=\"text-align: justify;\">O Papa Francisco nos recorda: <em>\u201cA vida consagrada \u00e9 a ant\u00edtese de uma Igreja mundana. \u00c9 o seu cora\u00e7\u00e3o pulsante, que nos lembra que a miss\u00e3o \u00e9 sempre sair de si para ir ao encontro do outro\u201d.<\/em><\/p>\n<p style=\"text-align: justify;\">Neste domingo, elevemos nossa gratid\u00e3o a Deus por todos aqueles e aquelas que, ao longo dos s\u00e9culos, entregaram suas vidas inteiramente ao Senhor. Que possamos, como Igreja, cuidar desse dom e permitir que ele continue florescendo para as futuras gera\u00e7\u00f5es.<\/p>\n<p style=\"text-align: justify;\">E que o exemplo dos consagrados nos inspire a viver, cada um em sua voca\u00e7\u00e3o, com a mesma radicalidade de S\u00e3o Paulo:<\/p>\n<p style=\"text-align: justify;\"><em>\u201cPara mim, viver \u00e9 Cristo, e morrer \u00e9 lucro\u201d<\/em> (Fl 1,21).<\/p>\n","protected":false},"excerpt":{"rendered":"<p>O m\u00eas vocacional \u00e9 um tempo especial de ora\u00e7\u00e3o e reflex\u00e3o para toda a Igreja no Brasil. Nele, cada domingo nos convida a contemplar uma dimens\u00e3o diferente da voca\u00e7\u00e3o crist\u00e3. No terceiro domingo, voltamos o cora\u00e7\u00e3o e o olhar para a vida religiosa consagrada \u2014 dom precioso que o Esp\u00edrito Santo oferece \u00e0 Igreja para [&hellip;]<\/p>\n","protected":false},"author":53272,"featured_media":92837,"comment_status":"open","ping_status":"closed","sticky":false,"template":"","format":"standard","meta":{"footnotes":""},"categories":[9],"tags":[],"class_list":["post-95528","post","type-post","status-publish","format-standard","has-post-thumbnail","hentry","category-artigos"],"_links":{"self":[{"href":"https:\/\/catolicanet.net\/wp-cnet\/wp-json\/wp\/v2\/posts\/95528","targetHints":{"allow":["GET"]}}],"collection":[{"href":"https:\/\/catolicanet.net\/wp-cnet\/wp-json\/wp\/v2\/posts"}],"about":[{"href":"https:\/\/catolicanet.net\/wp-cnet\/wp-json\/wp\/v2\/types\/post"}],"author":[{"embeddable":true,"href":"https:\/\/catolicanet.net\/wp-cnet\/wp-json\/wp\/v2\/users\/53272"}],"replies":[{"embeddable":true,"href":"https:\/\/catolicanet.net\/wp-cnet\/wp-json\/wp\/v2\/comments?post=95528"}],"version-history":[{"count":1,"href":"https:\/\/catolicanet.net\/wp-cnet\/wp-json\/wp\/v2\/posts\/95528\/revisions"}],"predecessor-version":[{"id":95530,"href":"https:\/\/catolicanet.net\/wp-cnet\/wp-json\/wp\/v2\/posts\/95528\/revisions\/95530"}],"wp:featuredmedia":[{"embeddable":true,"href":"https:\/\/catolicanet.net\/wp-cnet\/wp-json\/wp\/v2\/media\/92837"}],"wp:attachment":[{"href":"https:\/\/catolicanet.net\/wp-cnet\/wp-json\/wp\/v2\/media?parent=95528"}],"wp:term":[{"taxonomy":"category","embeddable":true,"href":"https:\/\/catolicanet.net\/wp-cnet\/wp-json\/wp\/v2\/categories?post=95528"},{"taxonomy":"post_tag","embeddable":true,"href":"https:\/\/catolicanet.net\/wp-cnet\/wp-json\/wp\/v2\/tags?post=95528"}],"curies":[{"name":"wp","href":"https:\/\/api.w.org\/{rel}","templated":true}]}}