{"id":95503,"date":"2025-08-10T09:35:02","date_gmt":"2025-08-10T12:35:02","guid":{"rendered":"https:\/\/catolicanet.net\/wp-cnet\/?p=95503"},"modified":"2025-08-21T21:36:39","modified_gmt":"2025-08-22T00:36:39","slug":"dia-dos-pais-9","status":"publish","type":"post","link":"https:\/\/catolicanet.net\/wp-cnet\/dia-dos-pais-9\/","title":{"rendered":"Dia dos Pais"},"content":{"rendered":"<p style=\"text-align: justify;\">Celebramos neste domingo dia 10 de agosto, o Dia dos Pais. Para a Igreja al\u00e9m da data criada pelo com\u00e9rcio, essa celebra\u00e7\u00e3o ganha um novo significado. A partir da celebra\u00e7\u00e3o do dia dos pais a Igreja recorda a voca\u00e7\u00e3o a paternidade e a fam\u00edlia, e inclusive ao longo de toda a semana celebra a Semana Nacional da Fam\u00edlia com diversas celebra\u00e7\u00f5es, reflex\u00f5es e ora\u00e7\u00f5es sobre a import\u00e2ncia da fam\u00edlia. O tema da SNF \u201c\u00c9 tempo de j\u00fabilo em nossa vida\u201d tem como lema: \u201cOra a esperan\u00e7a n\u00e3o decepciona, porque o amor de Deus foi derramado em nossos cora\u00e7\u00f5es pelo Esp\u00edrito Santo que nos foi dado\u201d (Rm 5,5).<\/p>\n<p style=\"text-align: justify;\">Podemos comparar a figura paterna com a de S\u00e3o Jos\u00e9, inclusive como acontece em alguns pa\u00edses o dia dos pais que \u00e9 comemorado no dia 19 de mar\u00e7o, dia de S\u00e3o Jos\u00e9, mas como devido ao apelo comercial o dia dos pais aqui no Brasil \u00e9 celebrado no segundo domingo de agosto.<\/p>\n<p style=\"text-align: justify;\">S\u00e3o Jos\u00e9 \u00e9 o exemplo de pai, homem justo, que vivia todos os preceitos da religi\u00e3o judaica, trabalhador, distribu\u00eda amor a Jesus e a Nossa Senhora. Com certeza S\u00e3o Jos\u00e9 ensinou o of\u00edcio de artes\u00e3o a Jesus. Os pais devem se espelhar na figura paterna de S\u00e3o Jos\u00e9 que cuidou com um cora\u00e7\u00e3o de pai do Filho de Deus.<\/p>\n<p style=\"text-align: justify;\">Os pais devem se espelhar em S\u00e3o Jos\u00e9 como chefes de fam\u00edlia, ou seja, o pai trabalhador que leva o sustento para casa no fim do m\u00eas e que responde e zela por sua fam\u00edlia. O pai normalmente \u00e9 o exemplo para os filhos, se os filhos v\u00eam o pai trabalhando, zelando pela fam\u00edlia e cuidando de todos ter\u00e1 uma bela refer\u00eancia paterna.<\/p>\n<p style=\"text-align: justify;\">Todas as fam\u00edlias devem se inspirar na Sagrada Fam\u00edlia de Nazar\u00e9, no exemplo do amor e da reciprocidade. \u00c9 claro que todas as fam\u00edlias t\u00eam problemas, ningu\u00e9m \u00e9 perfeito, mas em toda fam\u00edlia deve haver espa\u00e7o para o perd\u00e3o, amor e reconcilia\u00e7\u00e3o. O pai deve ser presente na vida do filho, saindo com ele aos finais de semana para brincar e se divertir, para participar da missa dominical, e durante a semana para ajudar o filho nos estudos. O pai precisa ter tempo para o seu filho, para que depois n\u00e3o seja cobrado no futuro, ou sinta algum tipo de remorso.<\/p>\n<p style=\"text-align: justify;\">De maneira rec\u00edproca os filhos tamb\u00e9m devem dar aten\u00e7\u00e3o aos seus pais, cuidar deles at\u00e9 a velhice e n\u00e3o os abandonar. \u00c9 claro que como sabemos o Dia dos Pais \u00e9 todos os dias, devemos ligar e dar aten\u00e7\u00e3o para os nossos pais todos os dias, mas j\u00e1 que a data \u00e9 colocada no calend\u00e1rio, ent\u00e3o podemos comemorar e estar junto com nossos pais. Aproveite essa para almo\u00e7ar com seu pai, estar um pouco com ele, se mora longe, ent\u00e3o fa\u00e7a uma chamada de v\u00eddeo ou um telefonema. O que vale acima de tudo \u00e9 mais do que o presente material, mas a presen\u00e7a f\u00edsica.<\/p>\n<p style=\"text-align: justify;\">A Igreja como sempre de maneira s\u00e1bia aproveita a data colocada pelo com\u00e9rcio para dar um car\u00e1ter crist\u00e3o a essa celebra\u00e7\u00e3o. Por isso, conforme dissemos acima a partir da celebra\u00e7\u00e3o do dia dos pais a igreja inicia a Semana Nacional da Fam\u00edlia mostrando \u00e0 sociedade a import\u00e2ncia da fam\u00edlia e o car\u00e1ter de responsabilidade que tem a decis\u00e3o de constituir fam\u00edlia.<\/p>\n<p style=\"text-align: justify;\">Olhemos o Dia dos Pais de uma outra maneira, n\u00e3o com o vi\u00e9s publicit\u00e1rio e comercial, mas com o olhar da f\u00e9, agradecer por ter o nosso pai conosco e para quem j\u00e1 tem o pai falecido, agradecer por ter tido a oportunidade de ter tido um pai. Para aqueles que desejam abra\u00e7ar a voca\u00e7\u00e3o paterna, esse dia deve servir como reflex\u00e3o e atrav\u00e9s dos exemplos que vem da Sagrada Escritura procurar ser um bom pai no futuro.<\/p>\n<p style=\"text-align: justify;\">Pai n\u00e3o \u00e9 s\u00f3 aquele que carrega nos bra\u00e7os e ajuda nas horas dif\u00edceis, mas, tamb\u00e9m o que aponta as dire\u00e7\u00f5es certas que conduzem aos bons caminhos. O Pai muitas vezes \u00e9 o conselheiro, aquele que tira as d\u00favidas dos filhos e motiva os filhos a seguirem o caminho certo. O Pai deve ser antes de tudo amigo de seus filhos e deve estar presente na vida dele em todos os momentos, e os filhos devem ver o seu pai como amigo.<\/p>\n<p style=\"text-align: justify;\">Fa\u00e7o um apelo aos jovens casais: n\u00e3o tenham medo de estarem abertos \u00e0 vida. Fam\u00edlias numerosas s\u00e3o b\u00ean\u00e7\u00e3o de Deus. O Papa Le\u00e3o XIV disse que: \u201cNa fam\u00edlia, a f\u00e9 \u00e9 transmitida, de gera\u00e7\u00e3o em gera\u00e7\u00e3o, juntamente com a vida: \u00e9 partilhada como o alimento da mesa e os afetos do cora\u00e7\u00e3o. Isso torna-a um lugar privilegiado para encontrar Jesus, que nos ama e quer sempre o nosso bem\u201d.<\/p>\n<p style=\"text-align: justify;\">O Pont\u00edfice fez tamb\u00e9m uma premente exorta\u00e7\u00e3o: \u201cDigo a v\u00f3s, esposos, com o cora\u00e7\u00e3o cheio de gratid\u00e3o e esperan\u00e7a: o casamento n\u00e3o \u00e9 um ideal, mas a regra do verdadeiro amor entre o homem e a mulher; amor total, fiel, fecundo. Esse mesmo amor, ao transformar-vos numa s\u00f3 carne, torna-vos capazes de, \u00e0 imagem de Deus, doar a vida. Portanto, encorajo-vos a ser exemplos de coer\u00eancia para os vossos filhos, comportando-vos como quereis que eles se comportem, educando-os para a liberdade atrav\u00e9s da obedi\u00eancia, procurando sempre os meios para aumentar o bem que existe neles. E v\u00f3s, filhos, sede gratos aos vossos pais: dizer \u201cobrigado\u201d pelo dom da vida e pelos dons que recebemos todos os dias \u00e9 a primeira forma de honrar o pai e a m\u00e3e. Por fim, a v\u00f3s, queridos av\u00f3s e idosos, recomendo que cuideis daqueles que amais, com sabedoria e compaix\u00e3o, com a humildade e a paci\u00eancia que os anos ensinam\u201d. <a href=\"https:\/\/www.vaticannews.va\/pt\/papa\/news\/2025-06\/papa-missa-jubileu-familias-criancas-avos-idosos-futuro-povos.html\">https:\/\/www.vaticannews.va\/pt\/papa\/news\/2025-06\/papa-missa-jubileu-familias-criancas-avos-idosos-futuro-povos.html<\/a>, \u00faltimo acesso em 26 de julho de 2025.<\/p>\n<p style=\"text-align: justify;\">Neste Dia dos Pais agrade\u00e7a a presen\u00e7a paterna que voc\u00ea tem em sua vida e fa\u00e7a o poss\u00edvel para estar com eles nesse dia. Que a Sagrada Fam\u00edlia de Nazar\u00e9 aben\u00e7oe todas as fam\u00edlias e que os pais sigam o exemplo de S\u00e3o Jos\u00e9.<\/p>\n","protected":false},"excerpt":{"rendered":"<p>Celebramos neste domingo dia 10 de agosto, o Dia dos Pais. Para a Igreja al\u00e9m da data criada pelo com\u00e9rcio, essa celebra\u00e7\u00e3o ganha um novo significado. A partir da celebra\u00e7\u00e3o do dia dos pais a Igreja recorda a voca\u00e7\u00e3o a paternidade e a fam\u00edlia, e inclusive ao longo de toda a semana celebra a Semana [&hellip;]<\/p>\n","protected":false},"author":5,"featured_media":55819,"comment_status":"open","ping_status":"closed","sticky":false,"template":"","format":"standard","meta":{"footnotes":""},"categories":[9],"tags":[],"class_list":["post-95503","post","type-post","status-publish","format-standard","has-post-thumbnail","hentry","category-artigos"],"_links":{"self":[{"href":"https:\/\/catolicanet.net\/wp-cnet\/wp-json\/wp\/v2\/posts\/95503","targetHints":{"allow":["GET"]}}],"collection":[{"href":"https:\/\/catolicanet.net\/wp-cnet\/wp-json\/wp\/v2\/posts"}],"about":[{"href":"https:\/\/catolicanet.net\/wp-cnet\/wp-json\/wp\/v2\/types\/post"}],"author":[{"embeddable":true,"href":"https:\/\/catolicanet.net\/wp-cnet\/wp-json\/wp\/v2\/users\/5"}],"replies":[{"embeddable":true,"href":"https:\/\/catolicanet.net\/wp-cnet\/wp-json\/wp\/v2\/comments?post=95503"}],"version-history":[{"count":1,"href":"https:\/\/catolicanet.net\/wp-cnet\/wp-json\/wp\/v2\/posts\/95503\/revisions"}],"predecessor-version":[{"id":95505,"href":"https:\/\/catolicanet.net\/wp-cnet\/wp-json\/wp\/v2\/posts\/95503\/revisions\/95505"}],"wp:featuredmedia":[{"embeddable":true,"href":"https:\/\/catolicanet.net\/wp-cnet\/wp-json\/wp\/v2\/media\/55819"}],"wp:attachment":[{"href":"https:\/\/catolicanet.net\/wp-cnet\/wp-json\/wp\/v2\/media?parent=95503"}],"wp:term":[{"taxonomy":"category","embeddable":true,"href":"https:\/\/catolicanet.net\/wp-cnet\/wp-json\/wp\/v2\/categories?post=95503"},{"taxonomy":"post_tag","embeddable":true,"href":"https:\/\/catolicanet.net\/wp-cnet\/wp-json\/wp\/v2\/tags?post=95503"}],"curies":[{"name":"wp","href":"https:\/\/api.w.org\/{rel}","templated":true}]}}