{"id":95497,"date":"2025-08-10T09:32:26","date_gmt":"2025-08-10T12:32:26","guid":{"rendered":"https:\/\/catolicanet.net\/wp-cnet\/?p=95497"},"modified":"2025-08-21T21:33:16","modified_gmt":"2025-08-22T00:33:16","slug":"semana-nacional-da-familia-2025","status":"publish","type":"post","link":"https:\/\/catolicanet.net\/wp-cnet\/semana-nacional-da-familia-2025\/","title":{"rendered":"Semana Nacional da Fam\u00edlia 2025"},"content":{"rendered":"<p style=\"text-align: center;\"><em>\u201c\u00c9 tempo de j\u00fabilo em nossa vida\u201d<\/em><\/p>\n<p style=\"text-align: justify;\">Na semana de 10 a 16 de agosto, a Igreja no Brasil, iniciando como Dia dos Pais, celebra a Semana Nacional da Fam\u00edlia, iniciando com a comemora\u00e7\u00e3o do Dia dos Pais, no dia 10. Como n\u00e3o poderia deixar de ser, a edi\u00e7\u00e3o deste ano est\u00e1 em sintonia com o Jubileu da Esperan\u00e7a, que toda a Igreja vive em 2025, recordando os 2025 anos do nascimento de Jesus Cristo.<\/p>\n<p style=\"text-align: justify;\">O tema escolhido para esta edi\u00e7\u00e3o \u00e9: \u201c\u00c9 tempo de j\u00fabilo em nossa vida\u201d, iluminado pelo lema b\u00edblico: <em>\u201cOra, a esperan\u00e7a n\u00e3o decepciona, porque o amor de Deus foi derramado em nossos cora\u00e7\u00f5es pelo Esp\u00edrito Santo que nos foi dado\u201d<\/em> (Rm 5,5). Todas as fam\u00edlias s\u00e3o convidadas a se encherem de j\u00fabilo e a agradecerem a Deus por tudo de bom que t\u00eam vivido. Mesmo em meio \u00e0s dificuldades, n\u00e3o podemos perder a esperan\u00e7a, pois o Esp\u00edrito Santo, que habita em n\u00f3s, nos fortalece, fazendo-nos crer que o sofrimento \u00e9 passageiro, e que nossa meta final \u00e9 a vida eterna.<\/p>\n<p style=\"text-align: justify;\">A Semana Nacional da Fam\u00edlia \u00e9 promovida pela Comiss\u00e3o Nacional da Pastoral Familiar (CNPF), da CNBB, sendo considerada um dos momentos mais importantes do calend\u00e1rio pastoral das par\u00f3quias em todo o pa\u00eds. Seu objetivo \u00e9 fomentar momentos de ora\u00e7\u00e3o, forma\u00e7\u00e3o, palestras e confraterniza\u00e7\u00e3o entre as fam\u00edlias. As atividades prop\u00f5em envolver todas as gera\u00e7\u00f5es e mostrar a beleza e o valor de ser fam\u00edlia nos dias de hoje.<\/p>\n<p style=\"text-align: justify;\">A Igreja tem um carinho especial pelas fam\u00edlias. Elas s\u00e3o amadas por Deus. O saudoso Papa S\u00e3o Jo\u00e3o Paulo II dizia que a fam\u00edlia \u00e9 a Igreja dom\u00e9stica, e que os primeiros catequistas dos filhos s\u00e3o os pais. \u00c9 no ambiente familiar que se aprendem os verdadeiros valores crist\u00e3os e se fazem as primeiras ora\u00e7\u00f5es. \u00c9 uma grande alegria quando vemos fam\u00edlias inteiras participando da Missa dominical ou engajadas em pastorais. \u00c9 fundamental que os filhos cres\u00e7am inseridos na vida da Igreja desde o batismo, pois, assim, buscar\u00e3o os sacramentos de forma natural e consciente. Os filhos seguem o exemplo dos pais: se estes rezam e vivem a f\u00e9, os filhos tender\u00e3o a fazer o mesmo; se os pais se afastam da Igreja, h\u00e1 grande risco de os filhos tamb\u00e9m se afastarem.<\/p>\n<p style=\"text-align: justify;\">Durante o m\u00eas de agosto, a Igreja celebra o M\u00eas Vocacional, refletindo a cada semana uma das voca\u00e7\u00f5es: sacerdotal, matrimonial, religiosa e leiga\/catequ\u00e9tica. Toda voca\u00e7\u00e3o \u00e9 um chamado de Deus. Cada batizado deve, em ora\u00e7\u00e3o, discernir esse chamado e dar a sua resposta. Frequentemente, esse processo vocacional come\u00e7a com um servi\u00e7o na comunidade, como o da catequese, que pode, posteriormente, revelar uma voca\u00e7\u00e3o mais espec\u00edfica. Os jovens e adultos s\u00e3o convidados a rezar, discernir e conversar com seus p\u00e1rocos sobre sua voca\u00e7\u00e3o.<\/p>\n<p style=\"text-align: justify;\">Para orientar a viv\u00eancia dessa semana especial, a CNPF disponibilizou o subs\u00eddio <em>\u201cHora da Fam\u00edlia 2025\u201d, <\/em>dispon\u00edvel na loja da Pastoral Familiar e no site da CNBB. \u00c9 essencial que todas as par\u00f3quias tenham uma equipe de Pastoral Familiar para planejar e executar as atividades desta semana. Mesmo que a pastoral comece com apenas dois ou tr\u00eas casais, ela pode crescer e tornar-se um n\u00facleo importante para a evangeliza\u00e7\u00e3o das fam\u00edlias na par\u00f3quia.<\/p>\n<p style=\"text-align: justify;\">A proposta para a Semana Nacional da Fam\u00edlia 2025 vai al\u00e9m dos encontros no templo: a inten\u00e7\u00e3o \u00e9 aproximar ainda mais a Igreja das fam\u00edlias. As comunidades s\u00e3o convidadas a realizar a\u00e7\u00f5es mission\u00e1rias, como visitas \u00e0s fam\u00edlias \u2014 especialmente \u00e0s que est\u00e3o afastadas da Igreja \u2014 convidando-as a retornar. Tamb\u00e9m s\u00e3o encorajadas a organizar a\u00e7\u00f5es sociais, doando alimentos, roupas, cal\u00e7ados, medicamentos e promovendo iniciativas culturais e de lazer.<\/p>\n<p style=\"text-align: justify;\">A viv\u00eancia da f\u00e9 deve acontecer dentro e fora dos templos: nos lares, nas ruas, escolas, hospitais, pres\u00eddios, asilos, abrigos e periferias. \u00c9 preciso promover a comunh\u00e3o e a fraternidade, aproximando a Igreja das fam\u00edlias e mostrando, em cada gesto, o rosto misericordioso de Jesus. As fam\u00edlias precisam compreender a import\u00e2ncia dos sacramentos e como \u00e9 valioso envolver os filhos no caminho da f\u00e9.<\/p>\n<p style=\"text-align: justify;\">Convidamos todas as par\u00f3quias a se mobilizarem nesta semana. Mesmo aquelas que ainda n\u00e3o se organizaram podem \u2014 e devem \u2014 reunir seus agentes pastorais para planejar e realizar atividades. \u00c9 importante que todas as fam\u00edlias se sintam acolhidas, amadas e saibam que a Igreja deseja caminhar com elas.<\/p>\n<p style=\"text-align: justify;\">Esta \u00e9 tamb\u00e9m uma ocasi\u00e3o para reconstruir la\u00e7os, especialmente com aqueles que est\u00e3o mais afastados. Que essa semana seja uma oportunidade para restaurar a amizade entre pais e filhos, promover o perd\u00e3o, a reconcilia\u00e7\u00e3o e fortalecer o amor conjugal e familiar.<\/p>\n<p style=\"text-align: justify;\">Participe com sua fam\u00edlia da Semana Nacional da Fam\u00edlia 2025!<br \/>\nN\u00e3o deixemos de viver esse tempo de gra\u00e7a com f\u00e9, alegria e esperan\u00e7a!<\/p>\n","protected":false},"excerpt":{"rendered":"<p>\u201c\u00c9 tempo de j\u00fabilo em nossa vida\u201d Na semana de 10 a 16 de agosto, a Igreja no Brasil, iniciando como Dia dos Pais, celebra a Semana Nacional da Fam\u00edlia, iniciando com a comemora\u00e7\u00e3o do Dia dos Pais, no dia 10. Como n\u00e3o poderia deixar de ser, a edi\u00e7\u00e3o deste ano est\u00e1 em sintonia com [&hellip;]<\/p>\n","protected":false},"author":5,"featured_media":55819,"comment_status":"open","ping_status":"closed","sticky":false,"template":"","format":"standard","meta":{"footnotes":""},"categories":[9],"tags":[],"class_list":["post-95497","post","type-post","status-publish","format-standard","has-post-thumbnail","hentry","category-artigos"],"_links":{"self":[{"href":"https:\/\/catolicanet.net\/wp-cnet\/wp-json\/wp\/v2\/posts\/95497","targetHints":{"allow":["GET"]}}],"collection":[{"href":"https:\/\/catolicanet.net\/wp-cnet\/wp-json\/wp\/v2\/posts"}],"about":[{"href":"https:\/\/catolicanet.net\/wp-cnet\/wp-json\/wp\/v2\/types\/post"}],"author":[{"embeddable":true,"href":"https:\/\/catolicanet.net\/wp-cnet\/wp-json\/wp\/v2\/users\/5"}],"replies":[{"embeddable":true,"href":"https:\/\/catolicanet.net\/wp-cnet\/wp-json\/wp\/v2\/comments?post=95497"}],"version-history":[{"count":1,"href":"https:\/\/catolicanet.net\/wp-cnet\/wp-json\/wp\/v2\/posts\/95497\/revisions"}],"predecessor-version":[{"id":95499,"href":"https:\/\/catolicanet.net\/wp-cnet\/wp-json\/wp\/v2\/posts\/95497\/revisions\/95499"}],"wp:featuredmedia":[{"embeddable":true,"href":"https:\/\/catolicanet.net\/wp-cnet\/wp-json\/wp\/v2\/media\/55819"}],"wp:attachment":[{"href":"https:\/\/catolicanet.net\/wp-cnet\/wp-json\/wp\/v2\/media?parent=95497"}],"wp:term":[{"taxonomy":"category","embeddable":true,"href":"https:\/\/catolicanet.net\/wp-cnet\/wp-json\/wp\/v2\/categories?post=95497"},{"taxonomy":"post_tag","embeddable":true,"href":"https:\/\/catolicanet.net\/wp-cnet\/wp-json\/wp\/v2\/tags?post=95497"}],"curies":[{"name":"wp","href":"https:\/\/api.w.org\/{rel}","templated":true}]}}