{"id":95494,"date":"2025-08-10T09:30:20","date_gmt":"2025-08-10T12:30:20","guid":{"rendered":"https:\/\/catolicanet.net\/wp-cnet\/?p=95494"},"modified":"2025-08-21T21:31:50","modified_gmt":"2025-08-22T00:31:50","slug":"ser-pai-hoje","status":"publish","type":"post","link":"https:\/\/catolicanet.net\/wp-cnet\/ser-pai-hoje\/","title":{"rendered":"Ser pai hoje"},"content":{"rendered":"<p style=\"text-align: justify;\">Os pais t\u00eam um papel fundamental na vida da Igreja nos dias de hoje. Aquilo que \u00e9 ensinado na Igreja deve ser estendido \u00e0s fam\u00edlias: Igreja e fam\u00edlia devem caminhar juntas. A Igreja tem um carinho especial pelas fam\u00edlias e incentiva que elas participem unidas da Missa dominical. \u00c9 necess\u00e1rio ensinar aos filhos, desde o Batismo, os verdadeiros valores da f\u00e9, que incluem os mandamentos da Lei de Deus e os preceitos da Igreja, como guardar domingos e festas, participando da Santa Missa.<\/p>\n<p style=\"text-align: justify;\">A fam\u00edlia \u00e9 a Igreja dom\u00e9stica. Os pais s\u00e3o os primeiros catequistas dos filhos. \u00c9 no lar que se aprende os valores essenciais e as ora\u00e7\u00f5es fundamentais do crist\u00e3o. No mundo de hoje, mais do que nunca, os pais t\u00eam um papel decisivo na forma\u00e7\u00e3o espiritual dos filhos. A viv\u00eancia da f\u00e9 cat\u00f3lica vai al\u00e9m dos muros da Igreja. Os pais devem se reunir em fam\u00edlia, partilhar o Evangelho, rezar o ter\u00e7o e conversar sobre o dia. \u00c9 importante reservar momentos em fam\u00edlia: desligar a televis\u00e3o, sair da internet e do isolamento dos quartos, e reunir-se para rezar e dialogar.<\/p>\n<p style=\"text-align: justify;\">Os filhos levar\u00e3o para a vida aquilo que aprendem em casa. Os pais tornam-se exemplo: se em casa h\u00e1 momentos de ora\u00e7\u00e3o, partilha, conversa fraterna e reconcilia\u00e7\u00e3o, os filhos aprender\u00e3o a fazer o mesmo fora de casa. Por\u00e9m, se no lar n\u00e3o h\u00e1 espa\u00e7o para a ora\u00e7\u00e3o, para o di\u00e1logo e para o perd\u00e3o, os filhos dificilmente ter\u00e3o gosto pela ora\u00e7\u00e3o ou pela Missa, podendo se tornar mais agitados, impacientes e menos abertos \u00e0 viv\u00eancia da f\u00e9.<\/p>\n<p style=\"text-align: justify;\">Os pais devem fortalecer a f\u00e9 dos filhos desde cedo, ensinando a import\u00e2ncia da ora\u00e7\u00e3o e da viv\u00eancia dos sacramentos. O Batismo n\u00e3o deve ser apenas um protocolo social, e a Igreja n\u00e3o deve ser lembrada apenas em casamentos, Missas de s\u00e9timo dia, Natal ou P\u00e1scoa. A f\u00e9 \u00e9 para ser vivida e alimentada no cotidiano, com a participa\u00e7\u00e3o na Missa dominical. Mesmo que a crian\u00e7a seja agitada, \u00e9 necess\u00e1rio lev\u00e1-la \u00e0 Igreja para que se acostume com esse ambiente sagrado. Assim, ao crescer, ser\u00e1 a pr\u00f3pria crian\u00e7a a desejar fazer a catequese e receber os sacramentos da Eucaristia e da Crisma.<\/p>\n<p style=\"text-align: justify;\">Fam\u00edlia que reza unida, permanece unida e encontra for\u00e7as para superar os desafios do dia a dia \u2014 sejam eles alegres ou dif\u00edceis. Quando os pais vivem a f\u00e9 com autenticidade, buscam apoio na Igreja e mant\u00eam uma comunica\u00e7\u00e3o aberta em casa, fortalecem a f\u00e9 dos filhos e os preparam para uma vida plena em Cristo.<\/p>\n<p style=\"text-align: justify;\">Estamos no m\u00eas de agosto, m\u00eas vocacional, e a cada semana refletimos sobre uma voca\u00e7\u00e3o espec\u00edfica. No segundo domingo, celebramos o Dia dos Pais e refletimos sobre o papel fundamental da fam\u00edlia na Igreja e na sociedade e iniciamos a Semana Nacional da Fam\u00edlia. A figura paterna \u00e9 de grande import\u00e2ncia. O pai \u00e9 o chefe do lar, aquele que apoia a esposa e os filhos, sendo muitas vezes respons\u00e1vel pelo sustento material da fam\u00edlia.<\/p>\n<p style=\"text-align: justify;\">O pai crist\u00e3o deve se inspirar em S\u00e3o Jos\u00e9, homem justo, trabalhador, que ensinou a Jesus o of\u00edcio de carpinteiro e, com certeza, os preceitos da f\u00e9 judaica. Os pais de hoje podem, a seu modo, ensinar aos filhos os preceitos da f\u00e9 cat\u00f3lica: batizando seus filhos, ensinando os mandamentos, o amor, o perd\u00e3o, e cultivando a ora\u00e7\u00e3o em fam\u00edlia. A ora\u00e7\u00e3o \u00e9 o verdadeiro sustento do lar. Al\u00e9m disso, \u00e9 essencial que pais passem tempo de qualidade com seus filhos, se divirtam com eles, conversem e partilhem a vida.<\/p>\n<p style=\"text-align: justify;\">Os pais tamb\u00e9m podem se engajar nas pastorais da Igreja \u2014 como leitores, ministros da Sagrada Comunh\u00e3o, pastoral familiar, entre outras. Assim, tornam-se exemplo para os filhos, que podem acompanh\u00e1-los desde pequenos e, no futuro, integrar os grupos de coroinhas, catequese, jovens ou liturgia.<\/p>\n<p style=\"text-align: justify;\">Em outras palavras, o pai deve ser presente na vida dos filhos. \u00c9 fundamental que a crian\u00e7a cres\u00e7a em um lar est\u00e1vel, com espa\u00e7o para o amor, o perd\u00e3o, a partilha, a ora\u00e7\u00e3o e a alegria. Mesmo diante das dificuldades, \u00e9 papel dos pais ensinar os filhos a nunca perderem a esperan\u00e7a. E, quando houver brigas ou desentendimentos, que tamb\u00e9m haja espa\u00e7o para o perd\u00e3o e a reconcilia\u00e7\u00e3o.<\/p>\n<p style=\"text-align: justify;\">Algumas fam\u00edlias vivem afastadas da Igreja e de Deus. Por isso, dirijo-me especialmente aos pais: n\u00e3o privem seus filhos da f\u00e9. Batizem-nos, conduzam-nos \u00e0 vida de f\u00e9 e n\u00e3o abandonem a Igreja. Dedicar tempo aos filhos \u00e9 essencial. Muitos pais se envolvem tanto com o trabalho que acabam ausentes. Trabalhar \u00e9 necess\u00e1rio, mas o excesso pode causar desgaste. No futuro, os filhos cobrar\u00e3o essa aus\u00eancia. Portanto, aproveitem o tempo com seus filhos, antes que seja tarde demais para recuperar os momentos perdidos.<\/p>\n<p style=\"text-align: justify;\">Neste m\u00eas dedicado aos pais, fa\u00e7amos uma reflex\u00e3o sobre o tempo e a aten\u00e7\u00e3o que damos \u00e0s nossas fam\u00edlias. Que todas as fam\u00edlias sejam sinais da presen\u00e7a de Deus e busquem com perseveran\u00e7a os sacramentos. Que o respeito e o amor superem as desaven\u00e7as, e que em cada lar haja espa\u00e7o para o perd\u00e3o, a reconcilia\u00e7\u00e3o e a ora\u00e7\u00e3o.<\/p>\n","protected":false},"excerpt":{"rendered":"<p>Os pais t\u00eam um papel fundamental na vida da Igreja nos dias de hoje. Aquilo que \u00e9 ensinado na Igreja deve ser estendido \u00e0s fam\u00edlias: Igreja e fam\u00edlia devem caminhar juntas. A Igreja tem um carinho especial pelas fam\u00edlias e incentiva que elas participem unidas da Missa dominical. \u00c9 necess\u00e1rio ensinar aos filhos, desde o [&hellip;]<\/p>\n","protected":false},"author":5,"featured_media":55819,"comment_status":"open","ping_status":"closed","sticky":false,"template":"","format":"standard","meta":{"footnotes":""},"categories":[9],"tags":[],"class_list":["post-95494","post","type-post","status-publish","format-standard","has-post-thumbnail","hentry","category-artigos"],"_links":{"self":[{"href":"https:\/\/catolicanet.net\/wp-cnet\/wp-json\/wp\/v2\/posts\/95494","targetHints":{"allow":["GET"]}}],"collection":[{"href":"https:\/\/catolicanet.net\/wp-cnet\/wp-json\/wp\/v2\/posts"}],"about":[{"href":"https:\/\/catolicanet.net\/wp-cnet\/wp-json\/wp\/v2\/types\/post"}],"author":[{"embeddable":true,"href":"https:\/\/catolicanet.net\/wp-cnet\/wp-json\/wp\/v2\/users\/5"}],"replies":[{"embeddable":true,"href":"https:\/\/catolicanet.net\/wp-cnet\/wp-json\/wp\/v2\/comments?post=95494"}],"version-history":[{"count":1,"href":"https:\/\/catolicanet.net\/wp-cnet\/wp-json\/wp\/v2\/posts\/95494\/revisions"}],"predecessor-version":[{"id":95496,"href":"https:\/\/catolicanet.net\/wp-cnet\/wp-json\/wp\/v2\/posts\/95494\/revisions\/95496"}],"wp:featuredmedia":[{"embeddable":true,"href":"https:\/\/catolicanet.net\/wp-cnet\/wp-json\/wp\/v2\/media\/55819"}],"wp:attachment":[{"href":"https:\/\/catolicanet.net\/wp-cnet\/wp-json\/wp\/v2\/media?parent=95494"}],"wp:term":[{"taxonomy":"category","embeddable":true,"href":"https:\/\/catolicanet.net\/wp-cnet\/wp-json\/wp\/v2\/categories?post=95494"},{"taxonomy":"post_tag","embeddable":true,"href":"https:\/\/catolicanet.net\/wp-cnet\/wp-json\/wp\/v2\/tags?post=95494"}],"curies":[{"name":"wp","href":"https:\/\/api.w.org\/{rel}","templated":true}]}}