{"id":95464,"date":"2025-08-06T09:16:01","date_gmt":"2025-08-06T12:16:01","guid":{"rendered":"https:\/\/catolicanet.net\/wp-cnet\/?p=95464"},"modified":"2025-08-21T21:17:05","modified_gmt":"2025-08-22T00:17:05","slug":"o-senhor-bom-jesus","status":"publish","type":"post","link":"https:\/\/catolicanet.net\/wp-cnet\/o-senhor-bom-jesus\/","title":{"rendered":"O Senhor Bom Jesus"},"content":{"rendered":"<p style=\"text-align: justify;\">Recordamos neste dia 06 de agosto a festa lit\u00fargica da Transfigura\u00e7\u00e3o do Senhor e com isso celebram-se tamb\u00e9m em muitas comunidades as devo\u00e7\u00f5es ao Senhor Bom Jesus. Essa devo\u00e7\u00e3o tem estrita liga\u00e7\u00e3o com paix\u00e3o e morte de Jesus e consequentemente com a festa da Transfigura\u00e7\u00e3o. Aqui no Brasil temos alguns santu\u00e1rios e igrejas dedicadas ao Bom Jesus, como por exemplo o Santu\u00e1rio de Bom Jesus da Lapa na Bahia, o Santu\u00e1rio de Bom Jesus em Iguape\/SP, entre outras.<\/p>\n<p style=\"text-align: justify;\">Ao longo do per\u00edodo entre o final de julho, a partir do dia 25, at\u00e9 o dia 06 de agosto, data da festa da transfigura\u00e7\u00e3o do Senhor acontece a novena e festa dedicada ao Senhor Bom Jesus. Muitos fi\u00e9is acorrem aos santu\u00e1rios, no de Iguape, por exemplo, na \u00faltima festa cerca de 200 mil fi\u00e9is visitaram o santu\u00e1rio nos dias de festa.<\/p>\n<p style=\"text-align: justify;\">A devo\u00e7\u00e3o ao Bom Jesus tem suas ra\u00edzes em Portugal, e foi levada aos pa\u00edses de coloniza\u00e7\u00e3o portuguesa, como por exemplo, Brasil e Angola. Conforme dissemos essa devo\u00e7\u00e3o remonta as diversas cenas da paix\u00e3o de Jesus e a festa da transfigura\u00e7\u00e3o. A devo\u00e7\u00e3o ao Bom Jesus \u00e9 bem antiga, aqui no Brasil iniciou-se no s\u00e9culo XVII, se organizando junto com os primeiros vilarejos que depois se tornaram cidades importantes.<\/p>\n<p style=\"text-align: justify;\">A imagem do Senhor Bom Jesus que est\u00e1 presente na bas\u00edlica de Bom Jesus na cidade de paulista de Trememb\u00e9, \u00e9 certamente a mais antiga que se tem conhecimento no Brasil. Ela foi aben\u00e7oada pelo vig\u00e1rio da igreja Nossa Senhora da Concei\u00e7\u00e3o em 1663, cinquenta anos antes da imagem de Nossa Senhora Aparecida ser encontrada no rio Para\u00edba. Para l\u00e1 foi uma peregrina\u00e7\u00e3o de nossa Arquidiocese nos anos de 1900 quando tamb\u00e9m foram a Aparecida. Deixaram um c\u00e1lice em ambas peregrina\u00e7\u00f5es.<\/p>\n<p style=\"text-align: justify;\">A imagem do Senhor Bom Jesus, remonta ao momento da condena\u00e7\u00e3o de Jesus, quando Pilatos manda soltar Barrab\u00e1s e flagelar Jesus e depois mandando crucific\u00e1-lo. Conforme relatado nos evangelhos de Marcos <em>15, 15-20<\/em>, Jo\u00e3o <em>19, 1-5 <\/em>e Mateus <em>27, 26-31.<\/em> Em seguida, ap\u00f3s a fala de Pilatos, os soldados levaram Jesus ao Pal\u00e1cio do governador e reuniram toda a tropa em volta de Jesus. Tiraram a sua roupa e o vestiram com manto vermelho e teceram uma coroa de espinhos, puseram a coroa em sua cabe\u00e7a e uma vara na m\u00e3o direita. Ent\u00e3o os soldados se ajoelharam diante de Jesus e come\u00e7aram a zombar dele, dizendo: <em>\u201cSalve, rei dos judeus\u201d. <\/em>Cuspiram nele e, pegando a vara bateram em sua cabe\u00e7a.<\/p>\n<p style=\"text-align: justify;\">Depois de zombarem de Jesus, tiraram-lhe o manto vermelho, e o vestiram com suas pr\u00f3prias roupas. A partir de ent\u00e3o o levaram para crucificar, conforme <em>Mateus<\/em> <em>27, 26-31.<\/em> Portanto, meus irm\u00e3os, conforme dissemos a devo\u00e7\u00e3o ao Bom Jesus \u00e9 voltado ao mist\u00e9rio da paix\u00e3o, morte de Jesus, destacando o aspecto de sua condena\u00e7\u00e3o e flagela\u00e7\u00e3o, e depois o caminho at\u00e9 o calv\u00e1rio. Recordamos de quatro importantes s\u00edmbolos desse momento: Coroa de espinhos, flagela\u00e7\u00e3o, Jesus carregando a cruz e sua crucifica\u00e7\u00e3o, al\u00e9m do sepultamento.<\/p>\n<p style=\"text-align: justify;\">Por conta disso, todos n\u00f3s podemos acorrer ao Bom Jesus em nossos momentos de afli\u00e7\u00f5es e dificuldade, pedindo a Ele que tenhamos serenidade para passar pelos momentos dif\u00edceis da nossa vida, do mesmo modo que Ele teve. Jesus, o homem justo, o servo sofredor, que no sil\u00eancio sofreu tudo o que lhe foi imposto. Quando tivermos passando por uma situa\u00e7\u00e3o dif\u00edcil, uma situa\u00e7\u00e3o de afli\u00e7\u00e3o, ou de injusti\u00e7a, recorramos ao Bom Jesus. Jesus \u00e9 o homem da compaix\u00e3o, da bondade e do perd\u00e3o, Ele quer um mundo de justi\u00e7a, de miseric\u00f3rdia e de reconcilia\u00e7\u00e3o.<\/p>\n<p style=\"text-align: justify;\">Lembremos sempre, conforme nos recorda a festa da Transfigura\u00e7\u00e3o do Senhor que \u00e9 necess\u00e1rio passar por momentos de sofrimento aqui na terra para se chegar \u00e0 gl\u00f3ria eterna.<\/p>\n<p style=\"text-align: justify;\">A imagem em sua maioria \u00e9 representada dessa forma, Jesus de p\u00e9, flagelado, coroado de espinhos, coberto com o manto p\u00farpura e trazendo nas m\u00e3os um peda\u00e7o de cana verde, simbolizando o seu cetro. Existem ainda outras representa\u00e7\u00f5es da imagem do Bom Jesus, como por exemplo, Jesus sentado, Bom Jesus da coluna (atado a coluna da flagela\u00e7\u00e3o), outra bem conhecida de todos n\u00f3s \u00e9 a imagem de Bom Jesus dos Passos, que remonta a cena de Jesus carregando a cruz, no caminho ao calv\u00e1rio.<\/p>\n<p style=\"text-align: justify;\">Ao contemplar a imagem do Bom Jesus \u00e9 imposs\u00edvel ficarmos indiferentes, ou seja, ao vermos a imagem do Senhor Bom Jesus recordamos do sofrimento e das dores que Jesus passou naquela hora, em detrimento dos nossos pecados, e em favor de todos n\u00f3s. Em alguns lugares ela vem acompanhada da frase: \u201cEis o Homem\u201d, pronunciada por Pilatos.<\/p>\n<p style=\"text-align: justify;\">Somente no Brasil ele \u00e9 titular de aproximadamente 200 igrejas, algumas delas bas\u00edlicas ou santu\u00e1rios nacionalmente famosos, como o conhecido Santu\u00e1rio de Bom Jesus da Lapa, conforme j\u00e1 citamos aqui, Bom Jesus de Pirapora, no interior de S\u00e3o Paulo. Tamb\u00e9m existem 23 munic\u00edpios brasileiros que trazem o Bom Jesus no nome.<\/p>\n<p style=\"text-align: justify;\">Celebremos com f\u00e9 e devo\u00e7\u00e3o esse dia dedicado ao Bom Jesus, participemos da celebra\u00e7\u00e3o Eucar\u00edstica j\u00e1 que \u00e9 festa da Transfigura\u00e7\u00e3o do Senhor. Contemplemos Jesus flagelado e condenado a morte, e pensemos em tantas pessoas que s\u00e3o injusti\u00e7adas nos dias de hoje. Entreguemos ao bom Jesus todos as nossas dores e afli\u00e7\u00f5es e com a ajuda D\u2019Ele passemos por todos os momentos de dificuldade. Tenhamos confian\u00e7a de que do mesmo modo que Jesus venceu, n\u00f3s tamb\u00e9m venceremos. Ele \u00e9 a nossa esperan\u00e7a.<\/p>\n","protected":false},"excerpt":{"rendered":"<p>Recordamos neste dia 06 de agosto a festa lit\u00fargica da Transfigura\u00e7\u00e3o do Senhor e com isso celebram-se tamb\u00e9m em muitas comunidades as devo\u00e7\u00f5es ao Senhor Bom Jesus. Essa devo\u00e7\u00e3o tem estrita liga\u00e7\u00e3o com paix\u00e3o e morte de Jesus e consequentemente com a festa da Transfigura\u00e7\u00e3o. Aqui no Brasil temos alguns santu\u00e1rios e igrejas dedicadas ao [&hellip;]<\/p>\n","protected":false},"author":5,"featured_media":55819,"comment_status":"open","ping_status":"closed","sticky":false,"template":"","format":"standard","meta":{"footnotes":""},"categories":[9],"tags":[],"class_list":["post-95464","post","type-post","status-publish","format-standard","has-post-thumbnail","hentry","category-artigos"],"_links":{"self":[{"href":"https:\/\/catolicanet.net\/wp-cnet\/wp-json\/wp\/v2\/posts\/95464","targetHints":{"allow":["GET"]}}],"collection":[{"href":"https:\/\/catolicanet.net\/wp-cnet\/wp-json\/wp\/v2\/posts"}],"about":[{"href":"https:\/\/catolicanet.net\/wp-cnet\/wp-json\/wp\/v2\/types\/post"}],"author":[{"embeddable":true,"href":"https:\/\/catolicanet.net\/wp-cnet\/wp-json\/wp\/v2\/users\/5"}],"replies":[{"embeddable":true,"href":"https:\/\/catolicanet.net\/wp-cnet\/wp-json\/wp\/v2\/comments?post=95464"}],"version-history":[{"count":1,"href":"https:\/\/catolicanet.net\/wp-cnet\/wp-json\/wp\/v2\/posts\/95464\/revisions"}],"predecessor-version":[{"id":95466,"href":"https:\/\/catolicanet.net\/wp-cnet\/wp-json\/wp\/v2\/posts\/95464\/revisions\/95466"}],"wp:featuredmedia":[{"embeddable":true,"href":"https:\/\/catolicanet.net\/wp-cnet\/wp-json\/wp\/v2\/media\/55819"}],"wp:attachment":[{"href":"https:\/\/catolicanet.net\/wp-cnet\/wp-json\/wp\/v2\/media?parent=95464"}],"wp:term":[{"taxonomy":"category","embeddable":true,"href":"https:\/\/catolicanet.net\/wp-cnet\/wp-json\/wp\/v2\/categories?post=95464"},{"taxonomy":"post_tag","embeddable":true,"href":"https:\/\/catolicanet.net\/wp-cnet\/wp-json\/wp\/v2\/tags?post=95464"}],"curies":[{"name":"wp","href":"https:\/\/api.w.org\/{rel}","templated":true}]}}