{"id":95429,"date":"2025-08-03T09:00:07","date_gmt":"2025-08-03T12:00:07","guid":{"rendered":"https:\/\/catolicanet.net\/wp-cnet\/?p=95429"},"modified":"2025-08-21T20:56:48","modified_gmt":"2025-08-21T23:56:48","slug":"18o-domingo-do-tempo-comum-lc-1213-21","status":"publish","type":"post","link":"https:\/\/catolicanet.net\/wp-cnet\/18o-domingo-do-tempo-comum-lc-1213-21\/","title":{"rendered":"18\u00ba Domingo do Tempo Comum (Lc 12,13-21)."},"content":{"rendered":"<p style=\"text-align: justify;\"><em>Texto referencial:\u00a0 Mas Deus lhe disse: \u201clouco! Ainda est\u00e1 noite pedir\u00e3o de volta a tua vida. E para quem ficara o que tu acumulaste?\u201d (Lc 12,20).<\/em><\/p>\n<p style=\"text-align: justify;\"><em>\u00a0<\/em>Nesta vida, nem de longe, basta ser rico: \u00e9 necess\u00e1rio ser bom, solid\u00e1rio e bem conceituado diante de Deus. Somos filhos de Deus e n\u00e3o de pluto, C\u00e9sar Augusto. Nossa vida neste mundo \u00e9 passageira e pode ainda ser encurtada, por doen\u00e7a, desastres, homic\u00eddios, guerras e outros acidentes. Por isso, \u00e9 preciso saber investir crist\u00e3mente em si mesmo: crendo, amado, servindo e ouvindo sobre tudo a palavra de Deus, fazendo o bem a todos, mormente aos mais necessitados, carentes e doentes ou seja os preferidos do Pai Celeste e que foram outrora os mais amados por Jesus, enquanto estava entre n\u00f3s , fisicamente.<\/p>\n<p style=\"text-align: justify;\">Jesus n\u00e3o \u00e9 simplesmente contra a riqueza, at\u00e9 porque, Ele \u00e9 o \u00fanico rico, pois \u00e9 dono de tudo e de todos, mas \u00e9 contra o apego, a avareza, a gan\u00e2ncia, a falta de solidariedade. O mundo atual est\u00e1 cheio de bilion\u00e1rios, mas pobre em pessoas que pensam e agem como aut\u00eanticos crist\u00e3os, ou ao menos verdadeiros solid\u00e1rios. Deus n\u00e3o cobra pela luz do sol, pela \u00e1gua que bebemos, nem pela beleza das flores. H\u00e1 quem os fa\u00e7a e como \u2026 n\u00f3s os conhecemos bem.<\/p>\n<p style=\"text-align: justify;\">Jesus chamou os gananciosos de loucos: trocam a eternidade feliz, pelos bens deste mundo. Al\u00e9m do mais s\u00e3o ing\u00eanuos trocam o eterno pelo passageiro. Trabalham mais com o Banco do Brasil, do que com o do Esp\u00edrito Santo\u2026, alguns, os filhos j\u00e1 discutem ou at\u00e9 chegam a matar antes que os pais morram. Quem ainda n\u00e3o viu este filme? A riqueza \u00e9 como adubo org\u00e2nico: amontoado s\u00f3 cheira mal (fede), bem distribu\u00eddo cumpre com sua fun\u00e7\u00e3o de adubar.<\/p>\n<p style=\"text-align: justify;\">Cuidemos ent\u00e3o, pois \u00e9 Jesus quem nos adverte. Ele nasceu paup\u00e9rrimo, viveu pobre e morreu na cruz, por amor a n\u00f3s. Portanto, somente seremos felizes se soubermos fazer felizes a outros, como o que temos e somos. Friso: Jesus falou \u201cem cuidado\u201d aos apegados, no evangelho os chamou at\u00e9 de loucos. O que n\u00f3s desejamos ouvir um dia? o que desejamos n\u00f3s o sabemos, mas o que ouviremos depender\u00e1 do nosso agir\u2026<\/p>\n","protected":false},"excerpt":{"rendered":"<p>Texto referencial:\u00a0 Mas Deus lhe disse: \u201clouco! Ainda est\u00e1 noite pedir\u00e3o de volta a tua vida. E para quem ficara o que tu acumulaste?\u201d (Lc 12,20). \u00a0Nesta vida, nem de longe, basta ser rico: \u00e9 necess\u00e1rio ser bom, solid\u00e1rio e bem conceituado diante de Deus. Somos filhos de Deus e n\u00e3o de pluto, C\u00e9sar Augusto. [&hellip;]<\/p>\n","protected":false},"author":119,"featured_media":77698,"comment_status":"open","ping_status":"closed","sticky":false,"template":"","format":"standard","meta":{"footnotes":""},"categories":[9],"tags":[],"class_list":["post-95429","post","type-post","status-publish","format-standard","has-post-thumbnail","hentry","category-artigos"],"_links":{"self":[{"href":"https:\/\/catolicanet.net\/wp-cnet\/wp-json\/wp\/v2\/posts\/95429","targetHints":{"allow":["GET"]}}],"collection":[{"href":"https:\/\/catolicanet.net\/wp-cnet\/wp-json\/wp\/v2\/posts"}],"about":[{"href":"https:\/\/catolicanet.net\/wp-cnet\/wp-json\/wp\/v2\/types\/post"}],"author":[{"embeddable":true,"href":"https:\/\/catolicanet.net\/wp-cnet\/wp-json\/wp\/v2\/users\/119"}],"replies":[{"embeddable":true,"href":"https:\/\/catolicanet.net\/wp-cnet\/wp-json\/wp\/v2\/comments?post=95429"}],"version-history":[{"count":1,"href":"https:\/\/catolicanet.net\/wp-cnet\/wp-json\/wp\/v2\/posts\/95429\/revisions"}],"predecessor-version":[{"id":95431,"href":"https:\/\/catolicanet.net\/wp-cnet\/wp-json\/wp\/v2\/posts\/95429\/revisions\/95431"}],"wp:featuredmedia":[{"embeddable":true,"href":"https:\/\/catolicanet.net\/wp-cnet\/wp-json\/wp\/v2\/media\/77698"}],"wp:attachment":[{"href":"https:\/\/catolicanet.net\/wp-cnet\/wp-json\/wp\/v2\/media?parent=95429"}],"wp:term":[{"taxonomy":"category","embeddable":true,"href":"https:\/\/catolicanet.net\/wp-cnet\/wp-json\/wp\/v2\/categories?post=95429"},{"taxonomy":"post_tag","embeddable":true,"href":"https:\/\/catolicanet.net\/wp-cnet\/wp-json\/wp\/v2\/tags?post=95429"}],"curies":[{"name":"wp","href":"https:\/\/api.w.org\/{rel}","templated":true}]}}