{"id":95393,"date":"2025-08-21T09:16:32","date_gmt":"2025-08-21T12:16:32","guid":{"rendered":"https:\/\/catolicanet.net\/wp-cnet\/?p=95393"},"modified":"2025-08-21T19:18:04","modified_gmt":"2025-08-21T22:18:04","slug":"leao-xiv-convocou-para-o-dia-22-de-agosto-memoria-liturgica-da-bem-aventurada-virgem-maria-rainha-um-dia-de-jejum-e-oracao-para-invocar-a-paz-na-terra-santa-na-ucrania-e-em-outras-partes-do-mundo-d","status":"publish","type":"post","link":"https:\/\/catolicanet.net\/wp-cnet\/leao-xiv-convocou-para-o-dia-22-de-agosto-memoria-liturgica-da-bem-aventurada-virgem-maria-rainha-um-dia-de-jejum-e-oracao-para-invocar-a-paz-na-terra-santa-na-ucrania-e-em-outras-partes-do-mundo-d\/","title":{"rendered":"Le\u00e3o XIV convocou para o dia 22 de agosto, mem\u00f3ria lit\u00fargica da Bem-Aventurada Virgem Maria Rainha, um Dia de Jejum e Ora\u00e7\u00e3o para invocar a paz na Terra Santa, na Ucr\u00e2nia e em outras partes do mundo devastadas por conflitos. A iniciativa do Pont\u00edfice segue as de seus predecessores. Leia tamb\u00e9m Papa convida fi\u00e9is a viver o dia 22 de agosto em jejum e ora\u00e7\u00e3o pela paz 20\/08\/2025 Papa convida fi\u00e9is a viver o dia 22 de agosto em jejum e ora\u00e7\u00e3o pela paz Isabella Piro &#8211; Vatican News  \u201cEnquanto a nossa terra continua a ser ferida por guerras na Terra Santa, na Ucr\u00e2nia e em muitas outras regi\u00f5es do mundo. Convido todos os fi\u00e9is a viverem o dia 22 de agosto em jejum e ora\u00e7\u00e3o, suplicando ao Senhor que nos conceda paz e justi\u00e7a, e que enxugue as l\u00e1grimas daqueles que sofrem por causa dos conflitos armados em curso\u201d. Com essas palavras, no final da Audi\u00eancia Geral desta quarta-feira, 20 de agosto, Le\u00e3o XIV exortou os fi\u00e9is a invocarem o dom da reconcilia\u00e7\u00e3o num mundo cada vez mais dilacerado pela viol\u00eancia. No dia em que a Igreja ir\u00e1 celebrar a mem\u00f3ria da Bem-Aventurada Virgem Maria Rainha, o Pont\u00edfice encorajou todos a se dirigirem \u00e0quela que \u00e9 \u201cinvocada tamb\u00e9m como Rainha da Paz\u201d, para que, com sua intercess\u00e3o, os povos encontrem o caminho da reconcilia\u00e7\u00e3o.  Tornar-se todos homens e mulheres de reconcilia\u00e7\u00e3o A iniciativa lan\u00e7ada pelo Papa Prevost segue as de seu predecessor Francisco que, em 12 anos de pontificado, repetidamente lan\u00e7ou apelos pela paz, em particular no Oriente M\u00e9dio e na \u201cmartirizada Ucr\u00e2nia\u201d. J\u00e1 em setembro de 2013, seis meses ap\u00f3s a sua elei\u00e7\u00e3o ao trono pontif\u00edcio, o Papa Bergoglio convocou um Dia de Ora\u00e7\u00e3o e Penit\u00eancia para invocar a Deus o \u201cgrande dom\u201d da paz pela S\u00edria, Oriente M\u00e9dio e o mundo inteiro. A vig\u00edlia de ora\u00e7\u00e3o foi realizada na Pra\u00e7a de S\u00e3o Pedro em 7 de setembro, v\u00e9spera da festa da Natividade de Maria, Rainha da Paz, e na homilia Francisco exortou todos a se tornarem \u201chomens e mulheres de reconcilia\u00e7\u00e3o e paz\u201d.  A guerra \u00e9 uma loucura  Em outras duas ocasi\u00f5es, Bergoglio convida a rezar pela regi\u00e3o do Oriente M\u00e9dio: em 27 de outubro de 2023, 20 dias ap\u00f3s o in\u00edcio do conflito entre Israel e Palestina, na Bas\u00edlica do Vaticano \u00e9 realizada uma hora de ora\u00e7\u00e3o e adora\u00e7\u00e3o eucar\u00edstica denominada Pacem in terris, como a hist\u00f3rica enc\u00edclica de Jo\u00e3o XXIII, publicada 60 anos antes. \u201cEsta \u00e9 uma hora sombria, M\u00e3e \u2014 \u00e9 a s\u00faplica do Papa \u2014. E nesta hora sombria mergulhamos em seus olhos luminosos e nos confiamos ao seu cora\u00e7\u00e3o\u201d, para que ensine \u00e0 humanidade \u201ca repudiar a loucura da guerra, que semeia a morte e apaga o futuro\u201d. Um ano depois, em 6 de outubro de 2024, Francisco vai \u00e0 Bas\u00edlica de Santa Maria Maior, em Roma, para elevar uma s\u00faplica pela paz; al\u00e9m disso, para o dia seguinte, exatamente um ano ap\u00f3s o in\u00edcio do conflito, ele convoca um Dia especial de Ora\u00e7\u00e3o e Jejum.  A invoca\u00e7\u00e3o a Maria Regina pacis  Em particular pela Ucr\u00e2nia, Bergoglio exorta a rezar no dia 2 de mar\u00e7o de 2022, quarta-feira de Cinzas: uma semana ap\u00f3s os ataques de Moscou a Kiev, o Pont\u00edfice invoca a Virgem, Rainha da Paz, para que \u201cpreserve o mundo da loucura da guerra\u201d. Invoca\u00e7\u00e3o reiterada no dia 25 de mar\u00e7o, quando, em S\u00e3o Pedro, Francisco confia a Ucr\u00e2nia e a R\u00fassia ao Imaculado Cora\u00e7\u00e3o da Virgem para que cesse o conflito.  Uma paz est\u00e1vel se baseia na justi\u00e7a  Iniciativas em favor da reconcilia\u00e7\u00e3o no mundo tamb\u00e9m foram promovidas pelos sucessores mais recentes de Pedro: em 23 de julho de 2006, por exemplo, diante do agravamento da situa\u00e7\u00e3o no Oriente M\u00e9dio, Bento XVI convocou um Dia especial de Ora\u00e7\u00e3o e Penit\u00eancia para \u201cimplorar a Deus o dom precioso da paz\u201d. Por fim, permanece na mem\u00f3ria coletiva o Dia de Jejum e Ora\u00e7\u00e3o promovido por S\u00e3o Jo\u00e3o Paulo II em 14 de dezembro de 2001, apenas tr\u00eas meses ap\u00f3s o ataque de 11 de setembro \u00e0s Torres G\u00eameas de Nova York: uma iniciativa destinada a \u201crezar com fervor a Deus para que conceda ao mundo uma paz est\u00e1vel, baseada na justi\u00e7a\u201d."},"content":{"rendered":"<div class=\"article__subTitle\" style=\"text-align: justify;\">Dirigida ao bispo de Rimini, na mensagem para a 46\u00aa edi\u00e7\u00e3o do Meeting 2025 promovido por &#8220;Comunh\u00e3o e Liberta\u00e7\u00e3o&#8221;, assinada pelo cardeal Pietro Parolin, Le\u00e3o XIV escreve que, para servir a Deus, \u00e9 preciso abandonar \u201ca idolatria do lucro\u201d que comprometeu a justi\u00e7a e a paz e traduzir o Evangelho \u201cem formas alternativas de desenvolvimento\u201d \u00e0quelas \u201csem equidade e sustentabilidade\u201d.<\/div>\n<div class=\"title__separator\" style=\"text-align: justify;\"><\/div>\n<div class=\"article__text\">\n<div style=\"text-align: justify;\">\n<div class=\"article__embed article__embed--unwrap article__embed--dark\">\n<div class=\"article__innerTitle\">Ou\u00e7a a reportagem e compartilhe<\/div>\n<div>\n<!--[if lt IE 9]><script>document.createElement('audio');<\/script><![endif]-->\n<audio class=\"wp-audio-shortcode\" id=\"audio-95393-1\" preload=\"none\" style=\"width: 100%;\" controls=\"controls\"><source type=\"audio\/mpeg\" src=\"https:\/\/media.vaticannews.va\/media2\/audio\/s1\/2025\/08\/21\/11\/138773220_F138773220.mp3?_=1\" \/><a href=\"https:\/\/media.vaticannews.va\/media2\/audio\/s1\/2025\/08\/21\/11\/138773220_F138773220.mp3\">https:\/\/media.vaticannews.va\/media2\/audio\/s1\/2025\/08\/21\/11\/138773220_F138773220.mp3<\/a><\/audio>\n<\/div>\n<\/div>\n<\/div>\n<p style=\"text-align: justify;\"><b>Alessandro Di Bussolo &#8211; Vatican News<\/b><\/p>\n<p style=\"text-align: justify;\">\u201cN\u00e3o podemos mais nos permitir de resistir ao Reino de Deus, que \u00e9 um Reino de paz\u201d. E onde os respons\u00e1veis pelos Estados e pelas institui\u00e7\u00f5es internacionais \u201cparecem n\u00e3o conseguir fazer prevalecer o direito, a media\u00e7\u00e3o e o di\u00e1logo, as comunidades religiosas e a sociedade civil devem ousar a profecia\u201d. \u00c9 o que escreve o Papa Le\u00e3o XIV ao bispo de Rimini, dom Nicol\u00f2 Anselmi, na mensagem para o 46\u00ba Encontro pela Amizade entre os Povos &#8211; o Meeting 2025, assinada pelo secret\u00e1rio de Estado, cardeal Pietro Parolin. Uma profecia que pede para abandonar \u201ca idolatria do lucro\u201d que comprometeu a justi\u00e7a e a paz, para \u201cservir ao Deus Vivo\u201d e traduzir o Evangelho \u201cem formas alternativas de desenvolvimento aos caminhos de crescimento sem equidade e sustentabilidade\u201d. Assim, \u201co deserto se torna um jardim\u201d e a \u201ccidade de Deus\u201d, anunciada por Santo Agostinho, \u201ctransfigura nossos lugares desolados\u201d.<\/p>\n<div style=\"text-align: justify;\">\n<div class=\"article__embed article__embed--unwrap article__embed--photo\">\n<figure><picture><img decoding=\"async\" class=\"loaded\" title=\"O evento italiano come\u00e7a nesta sexta-feira, 22 de agosto\" src=\"https:\/\/www.vaticannews.va\/content\/dam\/vaticannews\/agenzie\/images\/ansa\/2025\/08\/20\/21\/1755717117625.jpg\/_jcr_content\/renditions\/cq5dam.thumbnail.cropped.750.422.jpeg\" alt=\"O evento italiano come\u00e7a nesta sexta-feira, 22 de agosto\" data-original=\"\/content\/dam\/vaticannews\/agenzie\/images\/ansa\/2025\/08\/20\/21\/1755717117625.jpg\/_jcr_content\/renditions\/cq5dam.thumbnail.cropped.750.422.jpeg\" data-was-processed=\"true\" \/><\/picture><\/figure>\n<div class=\"photo_embed--Title\">O evento italiano come\u00e7a nesta sexta-feira, 22 de agosto \u00a0 (ANSA)<\/div>\n<\/div>\n<\/div>\n<h2 style=\"text-align: justify;\">O tema: \u201cnos lugares desertos construiremos com tijolos novos\u201d<\/h2>\n<p style=\"text-align: justify;\">A mensagem inspira-se no tema do Meeting 2025, que se realiza de 22 a 27 de agosto na Feira de Rimini, evento de ver\u00e3o promovido pelo movimento\u00a0<i>Comunh\u00e3o e Liberta\u00e7\u00e3o<\/i>, \u201cNos lugares desertos construiremos com tijolos novos\u201d, que, sublinha, \u00e9 um convite \u00e0 esperan\u00e7a \u201cque n\u00e3o decepciona\u201d. No deserto, antes de tudo, nasce o povo de Deus, que somente caminhando entre suas asperezas \u201camadurece a escolha da liberdade\u201d. E o Deus b\u00edblico \u201co faz florescer como um jardim de esperan\u00e7a\u201d. Os monges e monjas habitam o deserto \u201cem nome de todos n\u00f3s\u201d, junto ao \u201cSenhor do sil\u00eancio e da vida\u201d. O Papa aprecia que uma das exposi\u00e7\u00f5es do Meeting 2025 seja dedicada ao testemunho dos m\u00e1rtires da Arg\u00e9lia, nos quais \u201cresplandece a voca\u00e7\u00e3o da Igreja de habitar o deserto em profunda comunh\u00e3o com toda a humanidade, superando os muros de desconfian\u00e7a que op\u00f5em as religi\u00f5es e as culturas\u201d, imitando integralmente \u201co movimento de encarna\u00e7\u00e3o e de doa\u00e7\u00e3o do Filho de Deus\u201d.<\/p>\n<h2 style=\"text-align: justify;\">Os muitos di\u00e1logos do Meeting 2025<\/h2>\n<p style=\"text-align: justify;\">A preparar os \u201cnovos tijolos\u201d com os quais construir \u201caquele futuro que Deus j\u00e1 tem reservado para todos, mas que s\u00f3 se revela quando acolhemos uns aos outros\u201d, l\u00ea-se na mensagem, ser\u00e3o os \u201cdi\u00e1logos entre cat\u00f3licos de diferentes sensibilidades e com crentes de outras confiss\u00f5es e n\u00e3o crentes\u201d. Para \u201cousar a profecia\u201d, as comunidades religiosas e a sociedade civil devem \u201cdeixar-se levar ao deserto\u201d e ver o que pode nascer \u201cde tanta, demasiada dor inocente\u201d. Para os cat\u00f3licos italianos, trata-se dos \u201ccaminhos de educa\u00e7\u00e3o para a n\u00e3o viol\u00eancia, iniciativas de media\u00e7\u00e3o em conflitos locais, projetos de acolhimento que transformem o medo do outro em oportunidade de encontro\u201d que Le\u00e3o XIV recomendou aos bispos italianos promover, na audi\u00eancia de 17 de junho. Para fazer de cada comunidade uma \u201ccasa de paz\u201d, \u201conde se aprende a desarmar a hostilidade atrav\u00e9s do di\u00e1logo, onde se pratica a justi\u00e7a e se guarda o perd\u00e3o\u201d.<\/p>\n<h2 style=\"text-align: justify;\">Para os novos tijolos s\u00e3o necess\u00e1rias \u201cas v\u00edtimas da hist\u00f3ria\u201d<\/h2>\n<p style=\"text-align: justify;\">O Pont\u00edfice, portanto, incentiva \u201ca dar nome e forma ao novo, para que a f\u00e9, a esperan\u00e7a e a caridade se traduzam em uma grande convers\u00e3o cultural\u201d. E na mensagem s\u00e3o citados \u201co amado Papa Francisco\u201d e \u201ca op\u00e7\u00e3o pelos pobres\u201d como categoria teol\u00f3gica da Exorta\u00e7\u00e3o Apost\u00f3lica\u00a0<i>Evangelii Gaudium<\/i>. Deus, de fato, \u201cescolheu os humildes\u201d, \u201cos sem poder\u201d e \u201cse fez um deles, para escrever em nossa hist\u00f3ria a sua hist\u00f3ria\u201d. Ele tamb\u00e9m lembra a Enc\u00edclica\u00a0<i>Fratelli tutti\u00a0<\/i>e o pedido de incluir aqueles que \u201ct\u00eam outro ponto de vista, veem aspectos da realidade que n\u00e3o s\u00e3o reconhecidos pelos centros de poder onde s\u00e3o tomadas as decis\u00f5es mais determinantes\u201d. E para ter novos tijolos, s\u00e3o necess\u00e1rias \u201cas v\u00edtimas da hist\u00f3ria\u201d, os \u201cfamintos e sedentos de justi\u00e7a\u201d, os \u201coperadores de paz, as vi\u00favas e os \u00f3rf\u00e3os, os jovens e os idosos, os migrantes e os refugiados, o clamor de toda a cria\u00e7\u00e3o\u201d. Porque, ainda se l\u00ea na mensagem, \u201cnegar as vozes dos outros e renunciar \u00e0 compreens\u00e3o m\u00fatua s\u00e3o experi\u00eancias fracassadas e desumanizantes\u201d e a elas \u201cdeve se opor a paci\u00eancia do encontro com um Mist\u00e9rio sempre novo, cujo sinal \u00e9 a diferen\u00e7a de cada um\u201d.<\/p>\n<h2 style=\"text-align: justify;\">O crist\u00e3o n\u00e3o pode tolerar a desertifica\u00e7\u00e3o do mundo<\/h2>\n<p style=\"text-align: justify;\">Portanto, a presen\u00e7a dos crist\u00e3os nas sociedades contempor\u00e2neas, \u201cdesarmada e desarmante\u201d, deve traduzir o Evangelho do Reino \u201cem formas alternativas de desenvolvimento aos caminhos de crescimento sem equidade e sustentabilidade\u201d. Para servir ao Deus vivo, sublinha o Papa Le\u00e3o XIV, \u00e9 preciso abandonar \u201ca idolatria do lucro que comprometeu gravemente a justi\u00e7a, a liberdade de encontro e de interc\u00e2mbio, a participa\u00e7\u00e3o de todos no bem comum e, finalmente, a paz\u201d. N\u00e3o segue Cristo, acrescenta, \u201cuma f\u00e9 que se estranha da desertifica\u00e7\u00e3o do mundo ou que, indiretamente, contribui para toler\u00e1-la\u201d. E, portanto, tamb\u00e9m a revolu\u00e7\u00e3o digital, que \u201ccorre o risco de acentuar discrimina\u00e7\u00f5es e conflitos\u201d, deve ser vivida com criatividade. S\u00f3 assim a \u201ccidade de Deus\u201d agostiniana transfigurar\u00e1 \u201cnossos lugares desolados\u201d. A Virgem Maria, \u201cEstrela da Manh\u00e3\u201d, \u00e9 a ora\u00e7\u00e3o final do Papa, que sustenta o compromisso de todos os participantes \u201cem comunh\u00e3o com os Pastores e as comunidades eclesiais nas quais est\u00e3o inseridos\u201d. Que devem agir em harmoniosa sintonia \u201ccom todos os outros membros do Corpo de Cristo\u201d, obedecendo assim ao Esp\u00edrito Santo, como Le\u00e3o XIV pediu na homilia da Vig\u00edlia de Pentecostes com os Movimentos, associa\u00e7\u00f5es e novas comunidades, em 7 de junho de 2025.<\/p>\n<\/div>\n","protected":false},"excerpt":{"rendered":"<p>Dirigida ao bispo de Rimini, na mensagem para a 46\u00aa edi\u00e7\u00e3o do Meeting 2025 promovido por &#8220;Comunh\u00e3o e Liberta\u00e7\u00e3o&#8221;, assinada pelo cardeal Pietro Parolin, Le\u00e3o XIV escreve que, para servir a Deus, \u00e9 preciso abandonar \u201ca idolatria do lucro\u201d que comprometeu a justi\u00e7a e a paz e traduzir o Evangelho \u201cem formas alternativas de desenvolvimento\u201d [&hellip;]<\/p>\n","protected":false},"author":1,"featured_media":95394,"comment_status":"open","ping_status":"closed","sticky":false,"template":"","format":"standard","meta":{"footnotes":""},"categories":[3],"tags":[],"class_list":["post-95393","post","type-post","status-publish","format-standard","has-post-thumbnail","hentry","category-vaticano"],"_links":{"self":[{"href":"https:\/\/catolicanet.net\/wp-cnet\/wp-json\/wp\/v2\/posts\/95393","targetHints":{"allow":["GET"]}}],"collection":[{"href":"https:\/\/catolicanet.net\/wp-cnet\/wp-json\/wp\/v2\/posts"}],"about":[{"href":"https:\/\/catolicanet.net\/wp-cnet\/wp-json\/wp\/v2\/types\/post"}],"author":[{"embeddable":true,"href":"https:\/\/catolicanet.net\/wp-cnet\/wp-json\/wp\/v2\/users\/1"}],"replies":[{"embeddable":true,"href":"https:\/\/catolicanet.net\/wp-cnet\/wp-json\/wp\/v2\/comments?post=95393"}],"version-history":[{"count":1,"href":"https:\/\/catolicanet.net\/wp-cnet\/wp-json\/wp\/v2\/posts\/95393\/revisions"}],"predecessor-version":[{"id":95396,"href":"https:\/\/catolicanet.net\/wp-cnet\/wp-json\/wp\/v2\/posts\/95393\/revisions\/95396"}],"wp:featuredmedia":[{"embeddable":true,"href":"https:\/\/catolicanet.net\/wp-cnet\/wp-json\/wp\/v2\/media\/95394"}],"wp:attachment":[{"href":"https:\/\/catolicanet.net\/wp-cnet\/wp-json\/wp\/v2\/media?parent=95393"}],"wp:term":[{"taxonomy":"category","embeddable":true,"href":"https:\/\/catolicanet.net\/wp-cnet\/wp-json\/wp\/v2\/categories?post=95393"},{"taxonomy":"post_tag","embeddable":true,"href":"https:\/\/catolicanet.net\/wp-cnet\/wp-json\/wp\/v2\/tags?post=95393"}],"curies":[{"name":"wp","href":"https:\/\/api.w.org\/{rel}","templated":true}]}}