{"id":95389,"date":"2025-08-21T09:14:24","date_gmt":"2025-08-21T12:14:24","guid":{"rendered":"https:\/\/catolicanet.net\/wp-cnet\/?p=95389"},"modified":"2025-08-21T19:15:59","modified_gmt":"2025-08-21T22:15:59","slug":"a-voz-dos-papas-pela-paz-entre-os-povos","status":"publish","type":"post","link":"https:\/\/catolicanet.net\/wp-cnet\/a-voz-dos-papas-pela-paz-entre-os-povos\/","title":{"rendered":"A voz dos Papas pela paz entre os povos"},"content":{"rendered":"<div class=\"article__subTitle\" style=\"text-align: justify;\">Le\u00e3o XIV convocou para o dia 22 de agosto, mem\u00f3ria lit\u00fargica da Bem-Aventurada Virgem Maria Rainha, um Dia de Jejum e Ora\u00e7\u00e3o para invocar a paz na Terra Santa, na Ucr\u00e2nia e em outras partes do mundo devastadas por conflitos. A iniciativa do Pont\u00edfice segue as de seus predecessores.<\/div>\n<div class=\"title__separator\" style=\"text-align: justify;\"><\/div>\n<div class=\"article__text\">\n<p style=\"text-align: justify;\"><b>Isabella Piro &#8211; Vatican News<\/b><\/p>\n<p style=\"text-align: justify;\">\u201cEnquanto a nossa terra continua a ser ferida por guerras na Terra Santa, na Ucr\u00e2nia e em muitas outras regi\u00f5es do mundo. Convido todos os fi\u00e9is a viverem o dia 22 de agosto em jejum e ora\u00e7\u00e3o, suplicando ao Senhor que nos conceda paz e justi\u00e7a, e que enxugue as l\u00e1grimas daqueles que sofrem por causa dos conflitos armados em curso\u201d. Com essas palavras, no final da Audi\u00eancia Geral desta quarta-feira, 20 de agosto, Le\u00e3o XIV exortou os fi\u00e9is a invocarem o dom da reconcilia\u00e7\u00e3o num mundo cada vez mais dilacerado pela viol\u00eancia. No dia em que a Igreja ir\u00e1 celebrar a mem\u00f3ria da Bem-Aventurada Virgem Maria Rainha, o Pont\u00edfice encorajou todos a se dirigirem \u00e0quela que \u00e9 \u201cinvocada tamb\u00e9m como Rainha da Paz\u201d, para que, com sua intercess\u00e3o, os povos encontrem o caminho da reconcilia\u00e7\u00e3o.<\/p>\n<h2 style=\"text-align: justify;\">Tornar-se todos homens e mulheres de reconcilia\u00e7\u00e3o<\/h2>\n<p style=\"text-align: justify;\">A iniciativa lan\u00e7ada pelo Papa Prevost segue as de seu predecessor Francisco que, em 12 anos de pontificado, repetidamente lan\u00e7ou apelos pela paz, em particular no Oriente M\u00e9dio e na \u201cmartirizada Ucr\u00e2nia\u201d. J\u00e1 em setembro de 2013, seis meses ap\u00f3s a sua elei\u00e7\u00e3o ao trono pontif\u00edcio, o Papa Bergoglio convocou um Dia de Ora\u00e7\u00e3o e Penit\u00eancia para invocar a Deus o \u201cgrande dom\u201d da paz pela S\u00edria, Oriente M\u00e9dio e o mundo inteiro. A vig\u00edlia de ora\u00e7\u00e3o foi realizada na Pra\u00e7a de S\u00e3o Pedro em 7 de setembro, v\u00e9spera da festa da Natividade de Maria, Rainha da Paz, e na homilia Francisco exortou todos a se tornarem \u201chomens e mulheres de reconcilia\u00e7\u00e3o e paz\u201d.<\/p>\n<h2 style=\"text-align: justify;\">A guerra \u00e9 uma loucura<\/h2>\n<p style=\"text-align: justify;\">Em outras duas ocasi\u00f5es, Bergoglio convida a rezar pela regi\u00e3o do Oriente M\u00e9dio: em 27 de outubro de 2023, 20 dias ap\u00f3s o in\u00edcio do conflito entre Israel e Palestina, na Bas\u00edlica do Vaticano \u00e9 realizada uma hora de ora\u00e7\u00e3o e adora\u00e7\u00e3o eucar\u00edstica denominada\u00a0<i>Pacem in terris<\/i>, como a hist\u00f3rica enc\u00edclica de Jo\u00e3o XXIII, publicada 60 anos antes. \u201cEsta \u00e9 uma hora sombria, M\u00e3e \u2014 \u00e9 a s\u00faplica do Papa \u2014. E nesta hora sombria mergulhamos em seus olhos luminosos e nos confiamos ao seu cora\u00e7\u00e3o\u201d, para que ensine \u00e0 humanidade \u201ca repudiar a loucura da guerra, que semeia a morte e apaga o futuro\u201d. Um ano depois, em 6 de outubro de 2024, Francisco vai \u00e0 Bas\u00edlica de Santa Maria Maior, em Roma, para elevar uma s\u00faplica pela paz; al\u00e9m disso, para o dia seguinte, exatamente um ano ap\u00f3s o in\u00edcio do conflito, ele convoca um Dia especial de Ora\u00e7\u00e3o e Jejum.<\/p>\n<h2 style=\"text-align: justify;\">A invoca\u00e7\u00e3o a Maria\u00a0<i>Regina pacis\u00a0<\/i><\/h2>\n<p style=\"text-align: justify;\">Em particular pela Ucr\u00e2nia, Bergoglio exorta a rezar no dia 2 de mar\u00e7o de 2022, quarta-feira de Cinzas: uma semana ap\u00f3s os ataques de Moscou a Kiev, o Pont\u00edfice invoca a Virgem, Rainha da Paz, para que \u201cpreserve o mundo da loucura da guerra\u201d. Invoca\u00e7\u00e3o reiterada no dia 25 de mar\u00e7o, quando, em S\u00e3o Pedro, Francisco confia a Ucr\u00e2nia e a R\u00fassia ao Imaculado Cora\u00e7\u00e3o da Virgem para que cesse o conflito.<\/p>\n<h2 style=\"text-align: justify;\">Uma paz est\u00e1vel se baseia na justi\u00e7a<\/h2>\n<p style=\"text-align: justify;\">Iniciativas em favor da reconcilia\u00e7\u00e3o no mundo tamb\u00e9m foram promovidas pelos sucessores mais recentes de Pedro: em 23 de julho de 2006, por exemplo, diante do agravamento da situa\u00e7\u00e3o no Oriente M\u00e9dio, Bento XVI convocou um Dia especial de Ora\u00e7\u00e3o e Penit\u00eancia para \u201cimplorar a Deus o dom precioso da paz\u201d. Por fim, permanece na mem\u00f3ria coletiva o Dia de Jejum e Ora\u00e7\u00e3o promovido por S\u00e3o Jo\u00e3o Paulo II em 14 de dezembro de 2001, apenas tr\u00eas meses ap\u00f3s o ataque de 11 de setembro \u00e0s Torres G\u00eameas de Nova York: uma iniciativa destinada a \u201crezar com fervor a Deus para que conceda ao mundo uma paz est\u00e1vel, baseada na justi\u00e7a\u201d.<\/p>\n<\/div>\n","protected":false},"excerpt":{"rendered":"<p>Le\u00e3o XIV convocou para o dia 22 de agosto, mem\u00f3ria lit\u00fargica da Bem-Aventurada Virgem Maria Rainha, um Dia de Jejum e Ora\u00e7\u00e3o para invocar a paz na Terra Santa, na Ucr\u00e2nia e em outras partes do mundo devastadas por conflitos. A iniciativa do Pont\u00edfice segue as de seus predecessores. Isabella Piro &#8211; Vatican News \u201cEnquanto [&hellip;]<\/p>\n","protected":false},"author":1,"featured_media":95390,"comment_status":"open","ping_status":"closed","sticky":false,"template":"","format":"standard","meta":{"footnotes":""},"categories":[3],"tags":[],"class_list":["post-95389","post","type-post","status-publish","format-standard","has-post-thumbnail","hentry","category-vaticano"],"_links":{"self":[{"href":"https:\/\/catolicanet.net\/wp-cnet\/wp-json\/wp\/v2\/posts\/95389","targetHints":{"allow":["GET"]}}],"collection":[{"href":"https:\/\/catolicanet.net\/wp-cnet\/wp-json\/wp\/v2\/posts"}],"about":[{"href":"https:\/\/catolicanet.net\/wp-cnet\/wp-json\/wp\/v2\/types\/post"}],"author":[{"embeddable":true,"href":"https:\/\/catolicanet.net\/wp-cnet\/wp-json\/wp\/v2\/users\/1"}],"replies":[{"embeddable":true,"href":"https:\/\/catolicanet.net\/wp-cnet\/wp-json\/wp\/v2\/comments?post=95389"}],"version-history":[{"count":1,"href":"https:\/\/catolicanet.net\/wp-cnet\/wp-json\/wp\/v2\/posts\/95389\/revisions"}],"predecessor-version":[{"id":95392,"href":"https:\/\/catolicanet.net\/wp-cnet\/wp-json\/wp\/v2\/posts\/95389\/revisions\/95392"}],"wp:featuredmedia":[{"embeddable":true,"href":"https:\/\/catolicanet.net\/wp-cnet\/wp-json\/wp\/v2\/media\/95390"}],"wp:attachment":[{"href":"https:\/\/catolicanet.net\/wp-cnet\/wp-json\/wp\/v2\/media?parent=95389"}],"wp:term":[{"taxonomy":"category","embeddable":true,"href":"https:\/\/catolicanet.net\/wp-cnet\/wp-json\/wp\/v2\/categories?post=95389"},{"taxonomy":"post_tag","embeddable":true,"href":"https:\/\/catolicanet.net\/wp-cnet\/wp-json\/wp\/v2\/tags?post=95389"}],"curies":[{"name":"wp","href":"https:\/\/api.w.org\/{rel}","templated":true}]}}