{"id":95385,"date":"2025-08-21T09:12:20","date_gmt":"2025-08-21T12:12:20","guid":{"rendered":"https:\/\/catolicanet.net\/wp-cnet\/?p=95385"},"modified":"2025-08-21T19:14:00","modified_gmt":"2025-08-21T22:14:00","slug":"papa-convida-fieis-a-viver-o-dia-22-de-agosto-em-jejum-e-oracao-pela-paz","status":"publish","type":"post","link":"https:\/\/catolicanet.net\/wp-cnet\/papa-convida-fieis-a-viver-o-dia-22-de-agosto-em-jejum-e-oracao-pela-paz\/","title":{"rendered":"Papa convida fi\u00e9is a viver o dia 22 de agosto em jejum e ora\u00e7\u00e3o pela paz"},"content":{"rendered":"<figure class=\"article__image\" style=\"text-align: justify;\"><span class=\"didascalia_img\">Papa Le\u00e3o XIV durante a Audi\u00eancia Geral desta quarta-feira, 20\/08, na Sala Paulo VI\u00a0 (@Vatican Media)<\/span><\/figure>\n<div class=\"article__meta audioInside\" data-mediatype=\"\">\n<div class=\"article__subTitle\" style=\"text-align: justify;\">Na Audi\u00eancia Geral, o Pont\u00edfice recordou a mem\u00f3ria lit\u00fargica da Bem-Aventurada Virgem Maria Rainha, que se aproxima, e pediu ora\u00e7\u00f5es pelo fim das guerras na Terra Santa, na Ucr\u00e2nia e em tantas outras regi\u00f5es do mundo.<\/div>\n<div class=\"title__separator\" style=\"text-align: justify;\"><\/div>\n<div class=\"article__text\">\n<p style=\"text-align: justify;\"><b>Thulio Fonseca &#8211; Vatican News<\/b><\/p>\n<div style=\"text-align: justify;\">\n<div class=\"article__embed article__embed--unwrap article__embed--dark\">\n<div class=\"article__innerTitle\">Ou\u00e7a com a voz do Papa e compartilhe<\/div>\n<div>\n<!--[if lt IE 9]><script>document.createElement('audio');<\/script><![endif]-->\n<audio class=\"wp-audio-shortcode\" id=\"audio-95385-1\" preload=\"none\" style=\"width: 100%;\" controls=\"controls\"><source type=\"audio\/mpeg\" src=\"https:\/\/media.vaticannews.va\/media2\/audio\/s1\/2025\/08\/20\/11\/138772107_F138772107.mp3?_=1\" \/><a href=\"https:\/\/media.vaticannews.va\/media2\/audio\/s1\/2025\/08\/20\/11\/138772107_F138772107.mp3\">https:\/\/media.vaticannews.va\/media2\/audio\/s1\/2025\/08\/20\/11\/138772107_F138772107.mp3<\/a><\/audio>\n<\/div>\n<\/div>\n<\/div>\n<p style=\"text-align: justify;\">Na conclus\u00e3o da Audi\u00eancia Geral desta quarta-feira, 20 de agosto, o Papa Le\u00e3o XIV lan\u00e7ou um apelo aos fi\u00e9is, recordando a celebra\u00e7\u00e3o lit\u00fargica da mem\u00f3ria da Bem-Aventurada Virgem Maria Rainha, que ser\u00e1 comemorada na pr\u00f3xima sexta-feira, 22 de agosto:<\/p>\n<p style=\"text-align: justify;\"><i>\u201cMaria \u00e9 M\u00e3e dos que acreditam aqui na terra e \u00e9 invocada tamb\u00e9m como Rainha da Paz, enquanto a nossa terra continua a ser ferida por guerras na Terra Santa, na Ucr\u00e2nia e em muitas outras regi\u00f5es do mundo. Convido todos os fi\u00e9is a viverem o dia 22 de agosto em jejum e ora\u00e7\u00e3o, suplicando ao Senhor que nos conceda paz e justi\u00e7a, e que enxugue as l\u00e1grimas daqueles que sofrem por causa dos conflitos armados em curso. Maria, Rainha da Paz, interceda para que os povos encontrem o caminho da paz.\u201d<\/i><\/p>\n<div style=\"text-align: justify;\">\n<div class=\"article__embed article__embed--unwrap article__embed--photo\">\n<figure><picture><img decoding=\"async\" class=\"loaded\" title=\"Audi\u00eancia Geral desta quarta-feira, 20 de agosto\" src=\"https:\/\/www.vaticannews.va\/content\/dam\/vaticannews\/agenzie\/images\/srv\/2025\/08\/20\/2025-08-20-udienza-generale\/1755679590285.JPG\/_jcr_content\/renditions\/cq5dam.thumbnail.cropped.750.422.jpeg\" alt=\"Audi\u00eancia Geral desta quarta-feira, 20 de agosto\" data-original=\"\/content\/dam\/vaticannews\/agenzie\/images\/srv\/2025\/08\/20\/2025-08-20-udienza-generale\/1755679590285.JPG\/_jcr_content\/renditions\/cq5dam.thumbnail.cropped.750.422.jpeg\" data-was-processed=\"true\" \/><\/picture><\/figure>\n<div class=\"photo_embed--Title\">Audi\u00eancia Geral desta quarta-feira, 20 de agosto \u00a0 (@Vatican Media)<\/div>\n<\/div>\n<\/div>\n<p style=\"text-align: justify;\">\n<p style=\"text-align: justify;\">Dirigindo-se aos fi\u00e9is de l\u00edngua portuguesa, o Papa Le\u00e3o, que dedicou sua catequese ao nobre gesto de perdoar, recordou o pressuposto fundamental da conviv\u00eancia pac\u00edfica entre os povos e entre as pessoas: \u201cSem perd\u00e3o nunca haver\u00e1 paz!\u201d<\/p>\n<p style=\"text-align: justify;\">Ao saudar os peregrinos poloneses presentes em Roma, bem como aqueles vindos do Santu\u00e1rio de Nossa Senhora de Jasna G\u00f3ra, na Pol\u00f4nia, onde se conserva o \u00edcone de Nossa Senhora de Cz\u0119stochowa, pediu-lhes que \u201cincluam em suas inten\u00e7\u00f5es a s\u00faplica pelo dom da paz \u2013 desarmada e desarmante \u2013 para todo o mundo, em particular para a Ucr\u00e2nia e o Oriente M\u00e9dio\u201d.<\/p>\n<\/div>\n<\/div>\n","protected":false},"excerpt":{"rendered":"<p>Papa Le\u00e3o XIV durante a Audi\u00eancia Geral desta quarta-feira, 20\/08, na Sala Paulo VI\u00a0 (@Vatican Media) Na Audi\u00eancia Geral, o Pont\u00edfice recordou a mem\u00f3ria lit\u00fargica da Bem-Aventurada Virgem Maria Rainha, que se aproxima, e pediu ora\u00e7\u00f5es pelo fim das guerras na Terra Santa, na Ucr\u00e2nia e em tantas outras regi\u00f5es do mundo. Thulio Fonseca &#8211; [&hellip;]<\/p>\n","protected":false},"author":1,"featured_media":95386,"comment_status":"open","ping_status":"closed","sticky":false,"template":"","format":"standard","meta":{"footnotes":""},"categories":[13,3],"tags":[],"class_list":["post-95385","post","type-post","status-publish","format-standard","has-post-thumbnail","hentry","category-featured","category-vaticano"],"_links":{"self":[{"href":"https:\/\/catolicanet.net\/wp-cnet\/wp-json\/wp\/v2\/posts\/95385","targetHints":{"allow":["GET"]}}],"collection":[{"href":"https:\/\/catolicanet.net\/wp-cnet\/wp-json\/wp\/v2\/posts"}],"about":[{"href":"https:\/\/catolicanet.net\/wp-cnet\/wp-json\/wp\/v2\/types\/post"}],"author":[{"embeddable":true,"href":"https:\/\/catolicanet.net\/wp-cnet\/wp-json\/wp\/v2\/users\/1"}],"replies":[{"embeddable":true,"href":"https:\/\/catolicanet.net\/wp-cnet\/wp-json\/wp\/v2\/comments?post=95385"}],"version-history":[{"count":1,"href":"https:\/\/catolicanet.net\/wp-cnet\/wp-json\/wp\/v2\/posts\/95385\/revisions"}],"predecessor-version":[{"id":95388,"href":"https:\/\/catolicanet.net\/wp-cnet\/wp-json\/wp\/v2\/posts\/95385\/revisions\/95388"}],"wp:featuredmedia":[{"embeddable":true,"href":"https:\/\/catolicanet.net\/wp-cnet\/wp-json\/wp\/v2\/media\/95386"}],"wp:attachment":[{"href":"https:\/\/catolicanet.net\/wp-cnet\/wp-json\/wp\/v2\/media?parent=95385"}],"wp:term":[{"taxonomy":"category","embeddable":true,"href":"https:\/\/catolicanet.net\/wp-cnet\/wp-json\/wp\/v2\/categories?post=95385"},{"taxonomy":"post_tag","embeddable":true,"href":"https:\/\/catolicanet.net\/wp-cnet\/wp-json\/wp\/v2\/tags?post=95385"}],"curies":[{"name":"wp","href":"https:\/\/api.w.org\/{rel}","templated":true}]}}