{"id":95380,"date":"2025-08-19T09:31:25","date_gmt":"2025-08-19T12:31:25","guid":{"rendered":"https:\/\/catolicanet.net\/wp-cnet\/?p=95380"},"modified":"2025-08-19T12:32:35","modified_gmt":"2025-08-19T15:32:35","slug":"leao-xiv-que-jesus-seja-anunciado-com-clareza-e-caridade-na-amazonia","status":"publish","type":"post","link":"https:\/\/catolicanet.net\/wp-cnet\/leao-xiv-que-jesus-seja-anunciado-com-clareza-e-caridade-na-amazonia\/","title":{"rendered":"Le\u00e3o XIV: que Jesus seja anunciado com clareza e caridade na Amaz\u00f4nia"},"content":{"rendered":"<figure class=\"article__image\" style=\"text-align: justify;\"><span class=\"didascalia_img\">Primeiro dia do encontro dos bispos da Pan-Amaz\u00f4nia\u00a0<\/span><\/figure>\n<div class=\"article__meta \" data-mediatype=\"\">\n<div class=\"article__subTitle\" style=\"text-align: justify;\">&#8220;\u00c9 necess\u00e1rio que Jesus Cristo, em quem se recapitulam todas as coisas, seja anunciado com clareza e imensa caridade entre os habitantes da Amaz\u00f4nia&#8221;, escreveu o Papa ao Encontro de Bispos da Pan-Amaz\u00f4nia que est\u00e1 sendo realizado em Bogot\u00e1, na Col\u00f4mbia, at\u00e9 a pr\u00f3xima quarta-feira (20\/08). Al\u00e9m da dimens\u00e3o do an\u00fancio do Evangelho, Le\u00e3o XIV tamb\u00e9m analisou a miss\u00e3o da Igreja na regi\u00e3o atrav\u00e9s do cuidado da casa comum, um &#8220;direito e dever&#8221; que &#8220;Deus Pai nos confiou como administradores sol\u00edcitos&#8221;.<\/div>\n<div class=\"title__separator\" style=\"text-align: justify;\"><\/div>\n<div class=\"article__text\">\n<p style=\"text-align: justify;\"><b>Andressa Collet &#8211; Vatican News<\/b><\/p>\n<p style=\"text-align: justify;\">O Papa Le\u00e3o XIV tamb\u00e9m se fez presente nas atividades do Encontro de Bispos da Pan-Amaz\u00f4nia atrav\u00e9s de um telegrama. A mensagem, assinada pelo secret\u00e1rio de Estado, o cardeal Pietro Parolin, foi enviada nesta segunda-feira (18\/08), segundo dia do evento que termina na pr\u00f3xima quarta-feira, 20 de agosto, em Bogot\u00e1, na Col\u00f4mbia, convocado pela Confer\u00eancia Eclesial da Amaz\u00f4nia (<a href=\"https:\/\/ceama.org\/\" target=\"_blank\" rel=\"external nofollow noopener\">Ceama<\/a>).<\/p>\n<p style=\"text-align: justify;\">Mais de 90 bispos de 76 jurisdi\u00e7\u00f5es eclesi\u00e1sticas nos 9 pa\u00edses amaz\u00f4nicos est\u00e3o reunidos em esp\u00edrito sinodal para discernir sobre os desafios pastorais e mission\u00e1rios da regi\u00e3o, onde moram mais de 33 milh\u00f5es de pessoas, entre elas, ind\u00edgenas, ribeirinhos, camponeses e afrodescendentes. Esse \u00e9 o primeiro grande encontro episcopal ap\u00f3s o S\u00ednodo para a Amaz\u00f4nia de 2019, o Documento Final e a\u00a0<a href=\"https:\/\/www.vatican.va\/content\/francesco\/pt\/apost_exhortations\/documents\/papa-francesco_esortazione-ap_20200202_querida-amazonia.html\" target=\"_blank\" rel=\"external noopener\">Exorta\u00e7\u00e3o Apost\u00f3lica Querida Amazonia<\/a> do Papa Francisco, um movimento em prol\u00a0de novos caminhos de evangeliza\u00e7\u00e3o e cuidados do meio ambiente e dos pobres que deu for\u00e7a para a pr\u00f3pria cria\u00e7\u00e3o da Ceama, aprovada pelo\u00a0Pont\u00edfice argentino em 2021.<\/p>\n<p style=\"text-align: justify;\">O telegrama de Le\u00e3o XIV foi inclusive dirigido ao cardeal Pedro Ricardo Barreto Jimeno, presidente da Confer\u00eancia Eclesial da Amaz\u00f4nia, uma organiza\u00e7\u00e3o que re\u00fane al\u00e9m do episcopado, tamb\u00e9m leigos, agentes pastorais, mulheres e ind\u00edgenas. \u00c9 a primeira confer\u00eancia de car\u00e1ter &#8220;eclesial&#8221; na hist\u00f3ria recente da Igreja, tanto que o Papa reconhece e agradece os bispos pelo &#8220;esfor\u00e7o realizado para promover o maior bem da Igreja em favor dos fi\u00e9is do amado territ\u00f3rio amaz\u00f4nico e, tendo em conta o que se aprendeu no S\u00ednodo sobre a escuta e participa\u00e7\u00e3o de todas as voca\u00e7\u00f5es na Igreja, exorta-os a procurar, com base na unidade e na colegialidade pr\u00f3pria de um &#8216;organismo episcopal&#8217;, como ajudar de forma concreta e eficaz os bispos diocesanos e os vig\u00e1rios apost\u00f3licos a levar a cabo a sua miss\u00e3o&#8221;.<\/p>\n<div style=\"text-align: justify;\">\n<div class=\"article__embed article__embed--unwrap article__embed--photo\">\n<figure><picture><img decoding=\"async\" class=\"loaded\" title=\"Missa durante o primeiro dia do encontro dos bispos da Pan-Amaz\u00f4nia\" src=\"https:\/\/www.vaticannews.va\/content\/dam\/vaticannews\/multimedia\/2025\/agosto\/18\/Incontro-dei-vescovi-6.jpg\/_jcr_content\/renditions\/cq5dam.thumbnail.cropped.750.422.jpeg\" alt=\"Missa durante o primeiro dia do encontro dos bispos da Pan-Amaz\u00f4nia\" data-original=\"\/content\/dam\/vaticannews\/multimedia\/2025\/agosto\/18\/Incontro-dei-vescovi-6.jpg\/_jcr_content\/renditions\/cq5dam.thumbnail.cropped.750.422.jpeg\" data-was-processed=\"true\" \/><\/picture><\/figure>\n<div class=\"photo_embed--Title\">Missa durante o primeiro dia do encontro dos bispos da Pan-Amaz\u00f4nia<\/div>\n<\/div>\n<\/div>\n<h2 style=\"text-align: justify;\">Anunciar Jesus com clareza e caridade<\/h2>\n<p style=\"text-align: justify;\">A esse respeito, continua o telegrama, Le\u00e3o XIV convida todos os participantes do encontro que est\u00e3o em Bogot\u00e1 a refletir sobre &#8220;tr\u00eas dimens\u00f5es que est\u00e3o interconectadas na a\u00e7\u00e3o pastoral dessa regi\u00e3o: a miss\u00e3o da Igreja de anunciar o Evangelho a todos os homens, o tratamento justo aos povos que ali habitam e o cuidado da casa comum&#8221;. E o Pont\u00edfice aprofundou o argumento:<\/p>\n<p style=\"text-align: justify;\">\n<div style=\"text-align: justify;\">\n<div class=\"article__embed article__embed--border embed_style\">\n<blockquote><p>\u201c\u00c9 necess\u00e1rio que Jesus Cristo, em quem se recapitulam todas as coisas, seja anunciado com clareza e imensa caridade entre os habitantes da Amaz\u00f4nia, de tal forma que temos de nos esfor\u00e7ar por lhes dar o p\u00e3o fresco e l\u00edmpido da Boa Nova e o alimento celeste da Eucaristia, \u00fanico meio para ser verdadeiramente o povo de Deus e o corpo de Cristo. Nesta miss\u00e3o, move-nos a certeza, confirmada pela hist\u00f3ria da Igreja, de que ali onde se prega o nome de Cristo a injusti\u00e7a retrocede proporcionalmente, pois, como assegura o Ap\u00f3stolo Paulo, toda a explora\u00e7\u00e3o do homem pelo homem desaparece se somos capazes de nos recebermos uns aos outros como irm\u00e3os.\u201d<\/p><\/blockquote>\n<\/div>\n<\/div>\n<p style=\"text-align: justify;\">\n<p style=\"text-align: justify;\">A mensagem do Papa, assinada pelo cardeal Parolin, \u00e9 finalizada com a b\u00ean\u00e7\u00e3o apost\u00f3lica e uma refer\u00eancia a\u00a0Santo In\u00e1cio de Loyola ao interpretar o caminho para a salva\u00e7\u00e3o, atrav\u00e9s do cuidado com a cria\u00e7\u00e3o divina:<\/p>\n<p style=\"text-align: justify;\"><i>&#8220;No \u00e2mbito desta doutrina perene, n\u00e3o menos evidente \u00e9 o direito e o dever de cuidar da &#8216;casa&#8217; que Deus Pai nos confiou como administradores sol\u00edcitos, de modo que ningu\u00e9m destrua irresponsavelmente os bens naturais que falam da bondade e beleza do Criador, nem, muito menos, se submeta a eles como escravo ou adorador da natureza, pois as coisas nos foram dadas para alcan\u00e7armos o nosso objetivo de louvar a Deus e, assim, obter a salva\u00e7\u00e3o de nossas almas.&#8221;<\/i><\/p>\n<\/div>\n<\/div>\n","protected":false},"excerpt":{"rendered":"<p>Primeiro dia do encontro dos bispos da Pan-Amaz\u00f4nia\u00a0 &#8220;\u00c9 necess\u00e1rio que Jesus Cristo, em quem se recapitulam todas as coisas, seja anunciado com clareza e imensa caridade entre os habitantes da Amaz\u00f4nia&#8221;, escreveu o Papa ao Encontro de Bispos da Pan-Amaz\u00f4nia que est\u00e1 sendo realizado em Bogot\u00e1, na Col\u00f4mbia, at\u00e9 a pr\u00f3xima quarta-feira (20\/08). Al\u00e9m [&hellip;]<\/p>\n","protected":false},"author":1,"featured_media":95381,"comment_status":"open","ping_status":"closed","sticky":false,"template":"","format":"standard","meta":{"footnotes":""},"categories":[3],"tags":[],"class_list":["post-95380","post","type-post","status-publish","format-standard","has-post-thumbnail","hentry","category-vaticano"],"_links":{"self":[{"href":"https:\/\/catolicanet.net\/wp-cnet\/wp-json\/wp\/v2\/posts\/95380","targetHints":{"allow":["GET"]}}],"collection":[{"href":"https:\/\/catolicanet.net\/wp-cnet\/wp-json\/wp\/v2\/posts"}],"about":[{"href":"https:\/\/catolicanet.net\/wp-cnet\/wp-json\/wp\/v2\/types\/post"}],"author":[{"embeddable":true,"href":"https:\/\/catolicanet.net\/wp-cnet\/wp-json\/wp\/v2\/users\/1"}],"replies":[{"embeddable":true,"href":"https:\/\/catolicanet.net\/wp-cnet\/wp-json\/wp\/v2\/comments?post=95380"}],"version-history":[{"count":1,"href":"https:\/\/catolicanet.net\/wp-cnet\/wp-json\/wp\/v2\/posts\/95380\/revisions"}],"predecessor-version":[{"id":95383,"href":"https:\/\/catolicanet.net\/wp-cnet\/wp-json\/wp\/v2\/posts\/95380\/revisions\/95383"}],"wp:featuredmedia":[{"embeddable":true,"href":"https:\/\/catolicanet.net\/wp-cnet\/wp-json\/wp\/v2\/media\/95381"}],"wp:attachment":[{"href":"https:\/\/catolicanet.net\/wp-cnet\/wp-json\/wp\/v2\/media?parent=95380"}],"wp:term":[{"taxonomy":"category","embeddable":true,"href":"https:\/\/catolicanet.net\/wp-cnet\/wp-json\/wp\/v2\/categories?post=95380"},{"taxonomy":"post_tag","embeddable":true,"href":"https:\/\/catolicanet.net\/wp-cnet\/wp-json\/wp\/v2\/tags?post=95380"}],"curies":[{"name":"wp","href":"https:\/\/api.w.org\/{rel}","templated":true}]}}