{"id":95376,"date":"2025-08-19T09:22:35","date_gmt":"2025-08-19T12:22:35","guid":{"rendered":"https:\/\/catolicanet.net\/wp-cnet\/?p=95376"},"modified":"2025-08-19T12:31:01","modified_gmt":"2025-08-19T15:31:01","slug":"leao-xiv-visita-o-santuario-de-nossa-senhora-das-gracas-de-mentorella","status":"publish","type":"post","link":"https:\/\/catolicanet.net\/wp-cnet\/leao-xiv-visita-o-santuario-de-nossa-senhora-das-gracas-de-mentorella\/","title":{"rendered":"Le\u00e3o XIV visita o Santu\u00e1rio de Nossa Senhora das Gra\u00e7as de Mentorella"},"content":{"rendered":"<div class=\"article__subTitle\" style=\"text-align: justify;\">Na manh\u00e3 de hoje, 19\/08, o Papa dirigiu-se \u00e0 fra\u00e7\u00e3o de Guadagnolo de Capranica, na diocese de Palestrina, para rezar em um lugar que, no passado, foi particularmente caro a S\u00e3o Jo\u00e3o Paulo II. Permaneceu com os religiosos Poloneses da Ressurrei\u00e7\u00e3o, que animam o Santu\u00e1rio, e regressou a Castel Gandolfo, de onde, nesta noite, partir\u00e1 para retornar ao Vaticano.<\/div>\n<div class=\"title__separator\" style=\"text-align: justify;\"><\/div>\n<div class=\"article__text\">\n<p style=\"text-align: justify;\"><b>Vatican News<\/b><\/p>\n<p style=\"text-align: justify;\">Na manh\u00e3 desta ter\u00e7a-feira, 19 de agosto, Le\u00e3o XIV realizou uma visita privada ao Santu\u00e1rio de Nossa Senhora das Gra\u00e7as de Mentorella, na fra\u00e7\u00e3o de Guadagnolo de Capranica, na diocese de Palestrina. Depois de ter rezado e visitado o Santu\u00e1rio, o Pont\u00edfice permaneceu com os religiosos Poloneses da Ressurrei\u00e7\u00e3o, que animam este lugar, e em seguida retornou a Castel Gandolfo. Est\u00e1 previsto para esta noite o retorno do Papa ao Vaticano, ap\u00f3s a perman\u00eancia de seis dias na resid\u00eancia de ver\u00e3o.<\/p>\n<div style=\"text-align: justify;\">\n<div class=\"article__embed article__embed--unwrap article__embed--photo\">\n<figure><picture><img decoding=\"async\" class=\"initial loaded\" title=\"Papa conversa com um dos religiosos do Santu\u00e1rio de Mentorella\" src=\"https:\/\/www.vaticannews.va\/content\/dam\/vaticannews\/agenzie\/images\/srv\/2025\/08\/19\/2025-08-19-ss-leone-xiv----visita-santuario-madonna-della-mentor\/1755600767681.JPG\/_jcr_content\/renditions\/cq5dam.thumbnail.cropped.750.422.jpeg\" alt=\"Papa conversa com um dos religiosos do Santu\u00e1rio de Mentorella\" data-original=\"\/content\/dam\/vaticannews\/agenzie\/images\/srv\/2025\/08\/19\/2025-08-19-ss-leone-xiv----visita-santuario-madonna-della-mentor\/1755600767681.JPG\/_jcr_content\/renditions\/cq5dam.thumbnail.cropped.750.422.jpeg\" data-was-processed=\"true\" \/><\/picture><\/figure>\n<div class=\"photo_embed--Title\">Papa conversa com um dos religiosos do Santu\u00e1rio de Mentorella \u00a0 (@Vatican Media)<\/div>\n<\/div>\n<\/div>\n<p style=\"text-align: justify;\">O Santu\u00e1rio, localizado entre \u00e1speras rochas, ergue-se ao longo do versante oriental dos Montes Prenestinos, sobre um rochedo no verdejante vale do Giovenzano. No cume do monte Guadagnolo, o ponto habitado mais elevado da regi\u00e3o do L\u00e1cio (1.218 metros), ergue-se o Monumento ao Redentor, erguido no final do s\u00e9culo XIX por Le\u00e3o XIII, dominando a paisagem do vale do Tibre. Antigas tradi\u00e7\u00f5es remontam a funda\u00e7\u00e3o do Santu\u00e1rio ao tempo do imperador Constantino. Foi tamb\u00e9m lugar de ora\u00e7\u00e3o para S\u00e3o Bento \u2014 e ali ainda resta a gruta por ele habitada \u2014 e para S\u00e3o Greg\u00f3rio Magno.<\/p>\n<div style=\"text-align: justify;\">\n<div class=\"article__embed article__embed--unwrap article__embed--photo\">\n<figure><picture><img decoding=\"async\" class=\"loaded\" title=\"Um momento da visita do Papa ao Santu\u00e1rio de Mentorella\" src=\"https:\/\/www.vaticannews.va\/content\/dam\/vaticannews\/agenzie\/images\/srv\/2025\/08\/19\/2025-08-19-ss-leone-xiv----visita-santuario-madonna-della-mentor\/1755600763491.JPG\/_jcr_content\/renditions\/cq5dam.thumbnail.cropped.750.422.jpeg\" alt=\"Um momento da visita do Papa ao Santu\u00e1rio de Mentorella\" data-original=\"\/content\/dam\/vaticannews\/agenzie\/images\/srv\/2025\/08\/19\/2025-08-19-ss-leone-xiv----visita-santuario-madonna-della-mentor\/1755600763491.JPG\/_jcr_content\/renditions\/cq5dam.thumbnail.cropped.750.422.jpeg\" data-was-processed=\"true\" \/><\/picture><\/figure>\n<div class=\"photo_embed--Title\">Um momento da visita do Papa ao Santu\u00e1rio de Mentorella \u00a0 (@Vatican Media)<\/div>\n<\/div>\n<\/div>\n<p style=\"text-align: justify;\">V\u00e1rios Pont\u00edfices visitaram o Santu\u00e1rio, entre eles S\u00e3o Jo\u00e3o Paulo II e o Papa Inoc\u00eancio XIII. Wojty\u0142a, como cardeal e depois como Papa, visitou-o v\u00e1rias vezes, considerando-o um lugar de especial devo\u00e7\u00e3o. Em lembran\u00e7a de sua presen\u00e7a frequente neste local, existe um caminho a ele dedicado. A Congrega\u00e7\u00e3o dos Religiosos da Ressurrei\u00e7\u00e3o, fundada para exercer obra de apostolado entre os numerosos exilados e refugiados poloneses que chegaram \u00e0 Fran\u00e7a ap\u00f3s o fracasso da insurrei\u00e7\u00e3o de 1830-1831 contra o dom\u00ednio russo, dedica-se hoje \u00e0 pastoral paroquial e educativa. Presente em \u00e2mbito internacional, a Congrega\u00e7\u00e3o estabeleceu precisamente no Santu\u00e1rio de Mentorella o centro espiritual da comunidade.<\/p>\n<\/div>\n","protected":false},"excerpt":{"rendered":"<p>Na manh\u00e3 de hoje, 19\/08, o Papa dirigiu-se \u00e0 fra\u00e7\u00e3o de Guadagnolo de Capranica, na diocese de Palestrina, para rezar em um lugar que, no passado, foi particularmente caro a S\u00e3o Jo\u00e3o Paulo II. Permaneceu com os religiosos Poloneses da Ressurrei\u00e7\u00e3o, que animam o Santu\u00e1rio, e regressou a Castel Gandolfo, de onde, nesta noite, partir\u00e1 [&hellip;]<\/p>\n","protected":false},"author":1,"featured_media":95377,"comment_status":"open","ping_status":"closed","sticky":false,"template":"","format":"standard","meta":{"footnotes":""},"categories":[13,3],"tags":[],"class_list":["post-95376","post","type-post","status-publish","format-standard","has-post-thumbnail","hentry","category-featured","category-vaticano"],"_links":{"self":[{"href":"https:\/\/catolicanet.net\/wp-cnet\/wp-json\/wp\/v2\/posts\/95376","targetHints":{"allow":["GET"]}}],"collection":[{"href":"https:\/\/catolicanet.net\/wp-cnet\/wp-json\/wp\/v2\/posts"}],"about":[{"href":"https:\/\/catolicanet.net\/wp-cnet\/wp-json\/wp\/v2\/types\/post"}],"author":[{"embeddable":true,"href":"https:\/\/catolicanet.net\/wp-cnet\/wp-json\/wp\/v2\/users\/1"}],"replies":[{"embeddable":true,"href":"https:\/\/catolicanet.net\/wp-cnet\/wp-json\/wp\/v2\/comments?post=95376"}],"version-history":[{"count":1,"href":"https:\/\/catolicanet.net\/wp-cnet\/wp-json\/wp\/v2\/posts\/95376\/revisions"}],"predecessor-version":[{"id":95379,"href":"https:\/\/catolicanet.net\/wp-cnet\/wp-json\/wp\/v2\/posts\/95376\/revisions\/95379"}],"wp:featuredmedia":[{"embeddable":true,"href":"https:\/\/catolicanet.net\/wp-cnet\/wp-json\/wp\/v2\/media\/95377"}],"wp:attachment":[{"href":"https:\/\/catolicanet.net\/wp-cnet\/wp-json\/wp\/v2\/media?parent=95376"}],"wp:term":[{"taxonomy":"category","embeddable":true,"href":"https:\/\/catolicanet.net\/wp-cnet\/wp-json\/wp\/v2\/categories?post=95376"},{"taxonomy":"post_tag","embeddable":true,"href":"https:\/\/catolicanet.net\/wp-cnet\/wp-json\/wp\/v2\/tags?post=95376"}],"curies":[{"name":"wp","href":"https:\/\/api.w.org\/{rel}","templated":true}]}}