{"id":95341,"date":"2025-08-06T09:41:37","date_gmt":"2025-08-06T12:41:37","guid":{"rendered":"https:\/\/catolicanet.net\/wp-cnet\/?p=95341"},"modified":"2025-08-06T12:43:38","modified_gmt":"2025-08-06T15:43:38","slug":"leao-xiv-o-papel-da-igreja-e-ser-luz-um-farol-de-esperanca-para-as-nacoes","status":"publish","type":"post","link":"https:\/\/catolicanet.net\/wp-cnet\/leao-xiv-o-papel-da-igreja-e-ser-luz-um-farol-de-esperanca-para-as-nacoes\/","title":{"rendered":"Le\u00e3o XIV: o papel da Igreja \u00e9 ser luz, um farol de esperan\u00e7a para as na\u00e7\u00f5es"},"content":{"rendered":"<div class=\"mediaContent__inner \">\n<figure class=\"article__image\" style=\"text-align: justify;\"><span class=\"didascalia_img\">3\u00b0 Congresso da Rede Cat\u00f3lica Pan-Africana de Teologia e Pastoral se realiza em Abidjan, Costa do Marfim<\/span><\/figure>\n<\/div>\n<article class=\"article \">\n<div class=\"article__meta audioInside\" data-mediatype=\"foto\">\n<div class=\"article__subTitle\" style=\"text-align: justify;\">Na mensagem de v\u00eddeo enviada aos participantes do 3\u00b0 Congresso da Rede Cat\u00f3lica Pan-Africana de Teologia e Pastoral, na Costa do Marfim, o Papa os encoraja &#8220;a continuar construindo a fam\u00edlia das Igrejas locais em seus diferentes pa\u00edses e regi\u00f5es, para que haja redes de apoio dispon\u00edveis para todos os nossos irm\u00e3os e irm\u00e3s em Cristo, e tamb\u00e9m para a sociedade em geral, especialmente para aqueles que vivem nas periferias&#8221;.<\/div>\n<div class=\"title__separator\" style=\"text-align: justify;\"><\/div>\n<div class=\"article__text\">\n<p style=\"text-align: justify;\"><b>Mariangela Jaguraba \u2013 Vatican News<\/b><\/p>\n<p style=\"text-align: justify;\">Teve in\u00edcio, nesta ter\u00e7a-feira (05\/08), em Abidjan, Costa do Marfim, o 3\u00b0 Congresso da Rede Cat\u00f3lica Pan-Africana de Teologia e Pastoral intitulado &#8220;Caminhar juntos na esperan\u00e7a como Igreja Fam\u00edlia de Deus na \u00c1frica&#8221;.<\/p>\n<div style=\"text-align: justify;\">\n<div class=\"article__embed article__embed--unwrap article__embed--dark\">\n<div class=\"article__innerTitle\">Ou\u00e7a e compartilhe<\/div>\n<div>\n<!--[if lt IE 9]><script>document.createElement('audio');<\/script><![endif]-->\n<audio class=\"wp-audio-shortcode\" id=\"audio-95341-1\" preload=\"none\" style=\"width: 100%;\" controls=\"controls\"><source type=\"audio\/mpeg\" src=\"https:\/\/media.vaticannews.va\/media2\/audio\/s1\/2025\/08\/05\/16\/138759590_F138759590.mp3?_=1\" \/><a href=\"https:\/\/media.vaticannews.va\/media2\/audio\/s1\/2025\/08\/05\/16\/138759590_F138759590.mp3\">https:\/\/media.vaticannews.va\/media2\/audio\/s1\/2025\/08\/05\/16\/138759590_F138759590.mp3<\/a><\/audio>\n<\/div>\n<\/div>\n<\/div>\n<p style=\"text-align: justify;\">O Papa Le\u00e3o XIV enviou uma mensagem de v\u00eddeo aos participantes do evento, que prossegue at\u00e9 domingo, 10 de agosto, na qual agradece aos &#8220;organizadores pelo \u00e1rduo trabalho desempenhado na organiza\u00e7\u00e3o deste importante encontro&#8221;. &#8220;Ofere\u00e7o tamb\u00e9m minhas ora\u00e7\u00f5es aos bispos, te\u00f3logos, l\u00edderes pastorais, jovens e todos os fi\u00e9is leigos que se reuniram para refletir sobre o futuro da Igreja na \u00c1frica&#8221;, diz o Pont\u00edfice no v\u00eddeo.<\/p>\n<div style=\"text-align: justify;\">\n<div class=\"article__embed article__embed--border embed_style\">\n<blockquote><p>\u201cTr\u00eas anos atr\u00e1s, no segundo Congresso, o Papa Francisco falou sobre a import\u00e2ncia da f\u00e9. Agora, como parte do Jubileu deste ano, celebramos outra virtude teologal: a esperan\u00e7a.\u201d<\/p><\/blockquote>\n<\/div>\n<\/div>\n<p style=\"text-align: justify;\">Segundo o Papa, &#8220;talvez, em certos momentos, seja dada mais \u00eanfase \u00e0s virtudes da f\u00e9 e da caridade; contudo, a esperan\u00e7a desempenha um papel vital em nossa peregrina\u00e7\u00e3o terrena&#8221;.<\/p>\n<h2 style=\"text-align: justify;\">A esperan\u00e7a nos inspira e nos sustenta<\/h2>\n<div style=\"text-align: justify;\">\n<div class=\"article__embed article__embed--border embed_style\">\n<blockquote><p>\u201cDe fato, ela pode ser vista como a virtude que conecta as outras duas. Em certo sentido, a f\u00e9 e a teologia fornecem as bases para o conhecimento de Deus, enquanto a caridade \u00e9 a vida de amor que desfrutamos com Ele. No entanto, \u00e9 por meio da virtude da esperan\u00e7a que desejamos alcan\u00e7ar a plenitude dessa felicidade no C\u00e9u.\u201d<\/p><\/blockquote>\n<\/div>\n<\/div>\n<p style=\"text-align: justify;\">De acordo com o Papa Le\u00e3o, a esperan\u00e7a &#8220;nos inspira e nos sustenta a nos aproximarmos cada vez mais de Deus, mesmo diante das dificuldades da vida&#8221;.<\/p>\n<p style=\"text-align: justify;\">A seguir, o Pont\u00edfice recorda que a \u00c1frica, &#8220;como qualquer outra parte do mundo, enfrenta uma s\u00e9rie de dificuldades. Diante desses desafios e da percep\u00e7\u00e3o de que as coisas n\u00e3o mudam, \u00e9 f\u00e1cil desanimar&#8221;.<\/p>\n<h2 style=\"text-align: justify;\">A Igreja deve ser a luz do mundo<\/h2>\n<div style=\"text-align: justify;\">\n<div class=\"article__embed article__embed--border embed_style\">\n<blockquote><p>\u201cNo entanto, \u00e9 precisamente o papel da Igreja ser a luz do mundo, uma cidade erguida sobre um monte, para ser um farol de esperan\u00e7a para as na\u00e7\u00f5es.\u201d<\/p><\/blockquote>\n<\/div>\n<\/div>\n<p style=\"text-align: justify;\">A seguir, o Pont\u00edfice ressalta que o tema do congresso \u00e9 particularmente pertinente. &#8220;Embora cada um de n\u00f3s seja chamado a cultivar a sua pr\u00f3pria rela\u00e7\u00e3o pessoal com Deus, ao mesmo tempo, atrav\u00e9s do nosso batismo, somos unidos como filhos e filhas do nosso Pai Celestial&#8221;, sublinha.<\/p>\n<h2 style=\"text-align: justify;\">Responsabilidade de cuidar uns dos outros<\/h2>\n<div style=\"text-align: justify;\">\n<div class=\"article__embed article__embed--border embed_style\">\n<blockquote><p>\u201cTemos, portanto, a responsabilidade de cuidar uns dos outros. De fato, a fam\u00edlia \u00e9 geralmente o primeiro lugar onde recebemos o amor e o apoio de que precisamos para seguir em frente e vencer as prova\u00e7\u00f5es que a vida nos apresenta.\u201d<\/p><\/blockquote>\n<\/div>\n<\/div>\n<p style=\"text-align: justify;\">O Papa os encoraja &#8220;a continuar construindo a fam\u00edlia das Igrejas locais em seus diferentes pa\u00edses e regi\u00f5es, para que haja redes de apoio dispon\u00edveis para todos os nossos irm\u00e3os e irm\u00e3s em Cristo, e tamb\u00e9m para a sociedade em geral, especialmente para aqueles que vivem nas periferias&#8221;.<\/p>\n<h2 style=\"text-align: justify;\">Unidade entre teologia e pastoral<\/h2>\n<p style=\"text-align: justify;\">O Santo Padre enfatiza &#8220;a import\u00e2ncia de ver a unidade entre teologia e pastoral&#8221;. &#8220;Devemos viver aquilo em que cremos. Cristo nos disse que veio n\u00e3o apenas para nos dar vida, mas para d\u00e1-la em abund\u00e2ncia&#8221;, ressalta.<\/p>\n<p style=\"text-align: justify;\">O Papa diz aos participantes do 3\u00b0 Congresso da Rede Cat\u00f3lica Pan-Africana de Teologia e Pastoral que cabe a eles &#8220;trabalhar juntos para implementar programas pastorais que demonstrem como os ensinamentos da Igreja ajudam a abrir os cora\u00e7\u00f5es e as mentes das pessoas para a verdade e o amor de Deus&#8221;.<\/p>\n<p style=\"text-align: justify;\">Le\u00e3o XIV confia os trabalhos do encontro \u00e0 intercess\u00e3o da Bem-Aventurada Virgem Maria, M\u00e3e da Igreja, para que guie e inspire os participantes em seus esfor\u00e7os.<\/p>\n<\/div>\n<\/div>\n<\/article>\n","protected":false},"excerpt":{"rendered":"<p>3\u00b0 Congresso da Rede Cat\u00f3lica Pan-Africana de Teologia e Pastoral se realiza em Abidjan, Costa do Marfim Na mensagem de v\u00eddeo enviada aos participantes do 3\u00b0 Congresso da Rede Cat\u00f3lica Pan-Africana de Teologia e Pastoral, na Costa do Marfim, o Papa os encoraja &#8220;a continuar construindo a fam\u00edlia das Igrejas locais em seus diferentes pa\u00edses [&hellip;]<\/p>\n","protected":false},"author":1,"featured_media":95342,"comment_status":"open","ping_status":"closed","sticky":false,"template":"","format":"standard","meta":{"footnotes":""},"categories":[3],"tags":[],"class_list":["post-95341","post","type-post","status-publish","format-standard","has-post-thumbnail","hentry","category-vaticano"],"_links":{"self":[{"href":"https:\/\/catolicanet.net\/wp-cnet\/wp-json\/wp\/v2\/posts\/95341","targetHints":{"allow":["GET"]}}],"collection":[{"href":"https:\/\/catolicanet.net\/wp-cnet\/wp-json\/wp\/v2\/posts"}],"about":[{"href":"https:\/\/catolicanet.net\/wp-cnet\/wp-json\/wp\/v2\/types\/post"}],"author":[{"embeddable":true,"href":"https:\/\/catolicanet.net\/wp-cnet\/wp-json\/wp\/v2\/users\/1"}],"replies":[{"embeddable":true,"href":"https:\/\/catolicanet.net\/wp-cnet\/wp-json\/wp\/v2\/comments?post=95341"}],"version-history":[{"count":1,"href":"https:\/\/catolicanet.net\/wp-cnet\/wp-json\/wp\/v2\/posts\/95341\/revisions"}],"predecessor-version":[{"id":95344,"href":"https:\/\/catolicanet.net\/wp-cnet\/wp-json\/wp\/v2\/posts\/95341\/revisions\/95344"}],"wp:featuredmedia":[{"embeddable":true,"href":"https:\/\/catolicanet.net\/wp-cnet\/wp-json\/wp\/v2\/media\/95342"}],"wp:attachment":[{"href":"https:\/\/catolicanet.net\/wp-cnet\/wp-json\/wp\/v2\/media?parent=95341"}],"wp:term":[{"taxonomy":"category","embeddable":true,"href":"https:\/\/catolicanet.net\/wp-cnet\/wp-json\/wp\/v2\/categories?post=95341"},{"taxonomy":"post_tag","embeddable":true,"href":"https:\/\/catolicanet.net\/wp-cnet\/wp-json\/wp\/v2\/tags?post=95341"}],"curies":[{"name":"wp","href":"https:\/\/api.w.org\/{rel}","templated":true}]}}