{"id":95284,"date":"2025-08-01T09:30:13","date_gmt":"2025-08-01T12:30:13","guid":{"rendered":"https:\/\/catolicanet.net\/wp-cnet\/?p=95284"},"modified":"2025-08-01T12:31:19","modified_gmt":"2025-08-01T15:31:19","slug":"jovens-precisam-encontrar-jesus-e-nao-apenas-conhece-lo","status":"publish","type":"post","link":"https:\/\/catolicanet.net\/wp-cnet\/jovens-precisam-encontrar-jesus-e-nao-apenas-conhece-lo\/","title":{"rendered":"Jovens precisam encontrar Jesus e n\u00e3o apenas conhec\u00ea-lo"},"content":{"rendered":"<p style=\"text-align: justify;\"><span class=\"SubHeading_subheading__NJ_eJ\" aria-label=\"post subtitle\">Muitos jovens foram ensinados sobre Jesus desde o nascimento, mas esse conhecimento precisa levar a um encontro que torne a f\u00e9 duradoura.<\/span><\/p>\n<div style=\"text-align: justify;\"><\/div>\n<div class=\"\" style=\"text-align: justify;\">\n<p>\u00c9comum ouvir cat\u00f3licos mais velhos lamentarem o fato de tantos jovens perderem a f\u00e9 ap\u00f3s se formarem no ensino m\u00e9dio. Muitos desses jovens aprenderam a f\u00e9 cat\u00f3lica desde pequenos e at\u00e9 frequentaram escolas cat\u00f3licas.<\/p>\n<\/div>\n<div class=\"\" style=\"text-align: justify;\">\n<p>No entanto, todo esse conhecimento sobre Jesus e a Igreja n\u00e3o sustentou sua f\u00e9 diante das tempestades da vida.<\/p>\n<\/div>\n<h2 class=\"Heading_heading__PlVsb\" style=\"text-align: justify;\"><strong>O que faltou em suas vidas? O que poderia aproxim\u00e1-los verdadeiramente de Cristo?<\/strong><\/h2>\n<div class=\"\" style=\"text-align: justify;\">\n<p><strong>Um encontro com Jesus<\/strong><\/p>\n<\/div>\n<div class=\"\" style=\"text-align: justify;\">\n<p>S\u00e3o Jo\u00e3o Paulo II abordou diretamente esse tema em uma carta aos jovens de Roma, em 1997:<\/p>\n<\/div>\n<blockquote class=\"Quote_container__XMwM_\">\n<div class=\"\">\n<p>\u201cVoc\u00eas certamente j\u00e1 ouviram falar d\u2019Ele desde pequenos. Mas deixem-me fazer uma pergunta: voc\u00eas realmente O encontraram? Pela f\u00e9, j\u00e1 tiveram uma experi\u00eancia viva d\u2019Ele como um amigo leal e fiel, ou sua imagem ainda parece distante demais dos seus problemas reais para despertar qualquer interesse?\u201d<\/p>\n<\/div>\n<div><\/div>\n<\/blockquote>\n<div class=\"\" style=\"text-align: justify;\">\n<p>\u00c9 poss\u00edvel frequentar escolas cat\u00f3licas a vida toda e ainda assim nunca ter\u00a0<em>\u201cencontrado\u201d<\/em>\u00a0Jesus de maneira \u00edntima.<\/p>\n<\/div>\n<div class=\"\" style=\"text-align: justify;\">\n<p>Isso significa mudar nossa vis\u00e3o de Jesus: de uma figura hist\u00f3rica para algu\u00e9m vivo e ao nosso lado, como explica S\u00e3o Jo\u00e3o Paulo II:<\/p>\n<\/div>\n<blockquote class=\"Quote_container__XMwM_\">\n<div class=\"\">\n<p>\u201cJesus n\u00e3o \u00e9 apenas uma grande figura do passado, um mestre de vida e moral. Ele \u00e9 o Senhor ressuscitado, o Deus pr\u00f3ximo de cada pessoa, com quem podemos falar e com quem podemos experimentar a alegria da amizade, a esperan\u00e7a nas dificuldades e a certeza de um futuro melhor.\u201d<\/p>\n<\/div>\n<div><\/div>\n<\/blockquote>\n<div class=\"\" style=\"text-align: justify;\">\n<p>Muitas vezes, os jovens n\u00e3o s\u00e3o apresentados a essa realidade simples: Deus n\u00e3o est\u00e1 \u201cnas nuvens\u201d, mas ao lado deles. Ele est\u00e1 \u00e0 porta, batendo nos cora\u00e7\u00f5es.<\/p>\n<\/div>\n<div style=\"text-align: justify;\"><\/div>\n<div class=\"\" style=\"text-align: justify;\">\n<p>Jesus \u00e9 algu\u00e9m que quer fazer parte da vida de cada pessoa. Ele quer estar conosco nas alegrias e nas tristezas e, acima de tudo, quer nos amar.<\/p>\n<\/div>\n<div class=\"\" style=\"text-align: justify;\">\n<p><strong>O que os jovens precisam fazer \u00e9 se abrir a esse amor<\/strong>, como proclama S\u00e3o Jo\u00e3o Paulo II:<\/p>\n<\/div>\n<blockquote class=\"Quote_container__XMwM_\">\n<div class=\"\">\n<p>\u201cQueridos jovens, quem n\u00e3o quer amar e ser amado? Mas, para experimentar um amor sincero, \u00e9 preciso abrir a porta do cora\u00e7\u00e3o a Jesus e seguir o caminho que Ele tra\u00e7ou com a pr\u00f3pria vida: o caminho da doa\u00e7\u00e3o de si. Esse \u00e9 o segredo do sucesso de qualquer verdadeiro chamado ao amor \u2014 especialmente daquele que nasce de forma surpreendente no cora\u00e7\u00e3o de um adolescente e que conduz ao matrim\u00f4nio, ao sacerd\u00f3cio ou \u00e0 vida consagrada.\u201d<\/p>\n<\/div>\n<div><\/div>\n<\/blockquote>\n<div class=\"\" style=\"text-align: justify;\">\n<p>Se queremos que os jovens permane\u00e7am firmes na f\u00e9 ao crescerem, eles precisam \u201cencontrar\u201d Jesus no caminho de suas vidas.<\/p>\n<\/div>\n<div class=\"\">\n<p style=\"text-align: justify;\">O conhecimento \u00e9 bom \u2014 mas precisa conduzir a algo mais profundo:\u00a0<strong>um encontro com o Senhor Ressuscitado<\/strong>.<\/p>\n<\/div>\n","protected":false},"excerpt":{"rendered":"<p>Muitos jovens foram ensinados sobre Jesus desde o nascimento, mas esse conhecimento precisa levar a um encontro que torne a f\u00e9 duradoura. \u00c9comum ouvir cat\u00f3licos mais velhos lamentarem o fato de tantos jovens perderem a f\u00e9 ap\u00f3s se formarem no ensino m\u00e9dio. Muitos desses jovens aprenderam a f\u00e9 cat\u00f3lica desde pequenos e at\u00e9 frequentaram escolas [&hellip;]<\/p>\n","protected":false},"author":1,"featured_media":95285,"comment_status":"open","ping_status":"closed","sticky":false,"template":"","format":"standard","meta":{"footnotes":""},"categories":[4],"tags":[],"class_list":["post-95284","post","type-post","status-publish","format-standard","has-post-thumbnail","hentry","category-cotidiano"],"_links":{"self":[{"href":"https:\/\/catolicanet.net\/wp-cnet\/wp-json\/wp\/v2\/posts\/95284","targetHints":{"allow":["GET"]}}],"collection":[{"href":"https:\/\/catolicanet.net\/wp-cnet\/wp-json\/wp\/v2\/posts"}],"about":[{"href":"https:\/\/catolicanet.net\/wp-cnet\/wp-json\/wp\/v2\/types\/post"}],"author":[{"embeddable":true,"href":"https:\/\/catolicanet.net\/wp-cnet\/wp-json\/wp\/v2\/users\/1"}],"replies":[{"embeddable":true,"href":"https:\/\/catolicanet.net\/wp-cnet\/wp-json\/wp\/v2\/comments?post=95284"}],"version-history":[{"count":1,"href":"https:\/\/catolicanet.net\/wp-cnet\/wp-json\/wp\/v2\/posts\/95284\/revisions"}],"predecessor-version":[{"id":95287,"href":"https:\/\/catolicanet.net\/wp-cnet\/wp-json\/wp\/v2\/posts\/95284\/revisions\/95287"}],"wp:featuredmedia":[{"embeddable":true,"href":"https:\/\/catolicanet.net\/wp-cnet\/wp-json\/wp\/v2\/media\/95285"}],"wp:attachment":[{"href":"https:\/\/catolicanet.net\/wp-cnet\/wp-json\/wp\/v2\/media?parent=95284"}],"wp:term":[{"taxonomy":"category","embeddable":true,"href":"https:\/\/catolicanet.net\/wp-cnet\/wp-json\/wp\/v2\/categories?post=95284"},{"taxonomy":"post_tag","embeddable":true,"href":"https:\/\/catolicanet.net\/wp-cnet\/wp-json\/wp\/v2\/tags?post=95284"}],"curies":[{"name":"wp","href":"https:\/\/api.w.org\/{rel}","templated":true}]}}