{"id":95202,"date":"2025-07-24T10:08:41","date_gmt":"2025-07-24T13:08:41","guid":{"rendered":"https:\/\/catolicanet.net\/wp-cnet\/?p=95202"},"modified":"2025-07-24T10:08:41","modified_gmt":"2025-07-24T13:08:41","slug":"pastoral-da-pessoa-idosa-promove-acoes-e-disponibiliza-material-para-a-5a-jornada-mundial-dos-avos","status":"publish","type":"post","link":"https:\/\/catolicanet.net\/wp-cnet\/pastoral-da-pessoa-idosa-promove-acoes-e-disponibiliza-material-para-a-5a-jornada-mundial-dos-avos\/","title":{"rendered":"Pastoral da Pessoa Idosa promove a\u00e7\u00f5es e disponibiliza material para a 5\u00aa Jornada Mundial dos Av\u00f3s"},"content":{"rendered":"<p style=\"text-align: justify;\">A Pastoral da Pessoa Idosa (PPI), organismo da Confer\u00eancia Nacional dos Bispos do Brasil (CNBB), promove durante todo o m\u00eas de julho uma s\u00e9rie de a\u00e7\u00f5es em comemora\u00e7\u00e3o \u00e0\u00a0<strong>5\u00aa Jornada Mundial dos Av\u00f3s e das Pessoas Idosas<\/strong>, institu\u00edda pelo Papa Francisco e celebrada este ano em 27 de julho. A data, em comunh\u00e3o com o Jubileu da Esperan\u00e7a 2025, tem como tema a cita\u00e7\u00e3o b\u00edblica: \u201cBem-aventurado aquele que n\u00e3o perdeu a esperan\u00e7a\u201d (Eclo 14,2).<\/p>\n<p style=\"text-align: justify;\"><a href=\"https:\/\/www.vatican.va\/content\/leo-xiv\/pt\/messages\/grandparents\/documents\/20250626-messaggio-nonni-anziani.html\" target=\"_blank\" rel=\"noopener\">Em sua primeira mensagem dedicada \u00e0 Jornada<\/a>, o Papa Le\u00e3o XIV recorda que a velhice \u00e9 um tempo de b\u00ean\u00e7\u00e3o e gra\u00e7a, e destaca o papel ativo das pessoas idosas na vida da Igreja. \u201cPara Deus, os idosos s\u00e3o as primeiras testemunhas da esperan\u00e7a\u201d, escreveu o Santo Padre. Ele tamb\u00e9m faz um apelo \u00e0 supera\u00e7\u00e3o da solid\u00e3o: \u201cEste ano \u00e9 o momento prop\u00edcio para derrubar os muros da indiferen\u00e7a na qual os idosos est\u00e3o frequentemente encerrados\u201d.<\/p>\n<p style=\"text-align: justify;\">A PPI convida comunidades, fam\u00edlias, par\u00f3quias e agentes de pastoral a se unirem neste m\u00eas de celebra\u00e7\u00e3o, reconhecendo nas pessoas idosas um verdadeiro sinal de esperan\u00e7a e f\u00e9 para a Igreja e para o mundo. Abaixo seguem os materiais e links que podem ser acessados para animar\u00a0<strong>5\u00aa Jornada Mundial dos Av\u00f3s e das Pessoas Idosas<\/strong>\u00a0em todo pa\u00eds.<\/p>\n<h3 style=\"text-align: justify;\">Programa\u00e7\u00e3o da PPI em julho<\/h3>\n<p style=\"text-align: justify;\">Para celebrar a data, a Pastoral da Pessoa Idosa preparou uma programa\u00e7\u00e3o especial, voltada a fortalecer o v\u00ednculo entre gera\u00e7\u00f5es, valorizar a presen\u00e7a das pessoas idosas nas comunidades e ampliar a escuta e o cuidado pastoral.<br \/>\nEntre os destaques, est\u00e3o:<\/p>\n<p style=\"text-align: justify;\"><strong>Live Especial \u2013 Jornada Mundial dos Av\u00f3s e das Pessoas Idosas<\/strong><br \/>\n10 de julho (quarta-feira) | 20h<br \/>\nFoi transmitida ao vivo pelo canal do YouTube da PPI: youtube.com\/@CNPPI. Confira abaixo.<br \/>\n<strong>Participa\u00e7\u00f5es:<\/strong>\u00a0Sandra Michellim (Coordenadora Nacional da PPI); Ir. Terezinha Tortelli (Secret\u00e1ria Executiva da PPI); Alisson e Solange Schila (Casal Coordenador Nacional da Pastoral Familiar); Pe. Rodolfo Chagas Pinho (Assessor da Comiss\u00e3o Episcopal para a Vida e a Fam\u00edlia da CNBB)<\/p>\n<div class=\"ast-oembed-container\" style=\"text-align: justify;\"><iframe loading=\"lazy\" title=\"Live Especial Conjunta - sobre a 5\u00aa Jornada Mundial dos Av\u00f3s e das Pessoas idosa\" src=\"https:\/\/www.youtube.com\/embed\/I8Bf--VCZ74?feature=oembed\" width=\"1200\" height=\"675\" frameborder=\"0\" allowfullscreen=\"allowfullscreen\" data-mce-fragment=\"1\"><\/iframe><\/div>\n<p style=\"text-align: justify;\">\n<p style=\"text-align: justify;\"><strong>Jornal da PPI \u2013 Edi\u00e7\u00e3o Especial<\/strong><br \/>\n11 de julho (quinta-feira) | 16h<br \/>\nTransmitido ao vivo pelo canal do YouTube da PPI:<a title=\"\" href=\"https:\/\/www.youtube.com\/watch?v=n5mj62rvJjE\" target=\"_blank\" rel=\"noopener\" data-rel=\"lightbox-video-0\">\u00a0youtube.com\/@CNPPI<\/a><br \/>\nCom presen\u00e7a internacional de Vittorio Scelzo, membro do Dicast\u00e9rio para os Leigos, a Fam\u00edlia e a Vida do Vaticano, respons\u00e1vel pelo acompanhamento da Jornada no \u00e2mbito mundial.<\/p>\n<h3 style=\"text-align: justify;\">Missas comemorativas no dia 27 de julho<\/h3>\n<p style=\"text-align: justify;\"><strong>Santu\u00e1rio Nacional de Aparecida (SP)<\/strong><br \/>\n8h | Presidida por Dom Orlando Brandes<br \/>\nTransmiss\u00e3o nacional pela TV Aparecida<\/p>\n<p style=\"text-align: justify;\"><strong>Santu\u00e1rio de Nossa Senhora de Guadalupe (Curitiba\/PR)<\/strong><br \/>\n11h | Transmiss\u00e3o nacional pela TV Evangelizar<\/p>\n<p style=\"text-align: justify;\"><strong>Materiais oficiais dispon\u00edveis<\/strong><br \/>\nA PPI tamb\u00e9m disponibilizou em seu site uma s\u00e9rie de materiais pastorais para apoiar as celebra\u00e7\u00f5es em todo o Brasil. Est\u00e3o dispon\u00edveis gratuitamente: identidade visual oficial da Jornada no Brasil, sugest\u00f5es de celebra\u00e7\u00f5es, ora\u00e7\u00e3o oficial, cards para redes sociais e outros conte\u00fados voltados \u00e0 valoriza\u00e7\u00e3o da pessoa idosa.<\/p>\n<p style=\"text-align: justify;\">Acesse a pasta com os conte\u00fados (<a href=\"https:\/\/drive.google.com\/drive\/folders\/1dix6ZjehbMMTMj-D50cFvmMFbZxlRbr5\" target=\"_blank\" rel=\"noopener\">aqui<\/a>)<\/p>\n","protected":false},"excerpt":{"rendered":"<p>A Pastoral da Pessoa Idosa (PPI), organismo da Confer\u00eancia Nacional dos Bispos do Brasil (CNBB), promove durante todo o m\u00eas de julho uma s\u00e9rie de a\u00e7\u00f5es em comemora\u00e7\u00e3o \u00e0\u00a05\u00aa Jornada Mundial dos Av\u00f3s e das Pessoas Idosas, institu\u00edda pelo Papa Francisco e celebrada este ano em 27 de julho. A data, em comunh\u00e3o com o [&hellip;]<\/p>\n","protected":false},"author":1,"featured_media":95203,"comment_status":"open","ping_status":"closed","sticky":false,"template":"","format":"standard","meta":{"footnotes":""},"categories":[7,13],"tags":[],"class_list":["post-95202","post","type-post","status-publish","format-standard","has-post-thumbnail","hentry","category-cnbb","category-featured"],"_links":{"self":[{"href":"https:\/\/catolicanet.net\/wp-cnet\/wp-json\/wp\/v2\/posts\/95202","targetHints":{"allow":["GET"]}}],"collection":[{"href":"https:\/\/catolicanet.net\/wp-cnet\/wp-json\/wp\/v2\/posts"}],"about":[{"href":"https:\/\/catolicanet.net\/wp-cnet\/wp-json\/wp\/v2\/types\/post"}],"author":[{"embeddable":true,"href":"https:\/\/catolicanet.net\/wp-cnet\/wp-json\/wp\/v2\/users\/1"}],"replies":[{"embeddable":true,"href":"https:\/\/catolicanet.net\/wp-cnet\/wp-json\/wp\/v2\/comments?post=95202"}],"version-history":[{"count":1,"href":"https:\/\/catolicanet.net\/wp-cnet\/wp-json\/wp\/v2\/posts\/95202\/revisions"}],"predecessor-version":[{"id":95205,"href":"https:\/\/catolicanet.net\/wp-cnet\/wp-json\/wp\/v2\/posts\/95202\/revisions\/95205"}],"wp:featuredmedia":[{"embeddable":true,"href":"https:\/\/catolicanet.net\/wp-cnet\/wp-json\/wp\/v2\/media\/95203"}],"wp:attachment":[{"href":"https:\/\/catolicanet.net\/wp-cnet\/wp-json\/wp\/v2\/media?parent=95202"}],"wp:term":[{"taxonomy":"category","embeddable":true,"href":"https:\/\/catolicanet.net\/wp-cnet\/wp-json\/wp\/v2\/categories?post=95202"},{"taxonomy":"post_tag","embeddable":true,"href":"https:\/\/catolicanet.net\/wp-cnet\/wp-json\/wp\/v2\/tags?post=95202"}],"curies":[{"name":"wp","href":"https:\/\/api.w.org\/{rel}","templated":true}]}}