{"id":95194,"date":"2025-07-24T10:03:47","date_gmt":"2025-07-24T13:03:47","guid":{"rendered":"https:\/\/catolicanet.net\/wp-cnet\/?p=95194"},"modified":"2025-07-24T10:03:47","modified_gmt":"2025-07-24T13:03:47","slug":"papa-aos-dominicanos-escutar-atentamente-o-espirito-santo","status":"publish","type":"post","link":"https:\/\/catolicanet.net\/wp-cnet\/papa-aos-dominicanos-escutar-atentamente-o-espirito-santo\/","title":{"rendered":"Papa aos dominicanos: \u201cescutar atentamente o Esp\u00edrito Santo&#8221;"},"content":{"rendered":"<div class=\"article__subTitle\" style=\"text-align: justify;\">O Papa Le\u00e3o XIV escreveu nos dias passados uma mensagem aos Priores Provinciais Dominicanos &#8211; Ordem dos Pregadores &#8211; por ocasi\u00e3o do Cap\u00edtulo Geral em Crac\u00f3via, Pol\u00f4nia, de 17 de julho a 8 de agosto, na qual assegura ao padre geral Gerard Francisco Timoner III e a todos os participantes a sua proximidade na ora\u00e7\u00e3o.<\/div>\n<div class=\"title__separator\" style=\"text-align: justify;\"><\/div>\n<div class=\"article__text\">\n<p style=\"text-align: justify;\"><b>Silvonei Jos\u00e9 \u2013 Vatican News<\/b><\/p>\n<p style=\"text-align: justify;\">O Santo Padre destacou na sua mensagem aos Priores Provinciais Dominicanos, que, ao se reunirem durante este Ano Jubilar, confia que estes dias de gra\u00e7a sejam uma oportunidade de renova\u00e7\u00e3o, enraizada na esperan\u00e7a que nunca desilude e no conhecimento de que o Senhor os chamou como pregadores para proclamar a Boa Nova em meio aos desafios \u00fanicos de hoje (cf. Rm 5, 5; Mt 10, 7).<\/p>\n<div style=\"text-align: justify;\">\n<div class=\"article__embed article__embed--unwrap article__embed--dark\">\n<div class=\"article__innerTitle\">Ou\u00e7a e compartilhe<\/div>\n<div>\n<!--[if lt IE 9]><script>document.createElement('audio');<\/script><![endif]-->\n<audio class=\"wp-audio-shortcode\" id=\"audio-95194-1\" preload=\"none\" style=\"width: 100%;\" controls=\"controls\"><source type=\"audio\/mpeg\" src=\"https:\/\/media.vaticannews.va\/media\/audio\/s1\/2025\/07\/24\/11\/138746286_F138746286.mp3?_=1\" \/><a href=\"https:\/\/media.vaticannews.va\/media\/audio\/s1\/2025\/07\/24\/11\/138746286_F138746286.mp3\">https:\/\/media.vaticannews.va\/media\/audio\/s1\/2025\/07\/24\/11\/138746286_F138746286.mp3<\/a><\/audio>\n<\/div>\n<\/div>\n<\/div>\n<p style=\"text-align: justify;\">O tema que voc\u00eas escolheram, &#8211; evidenciou o Papa &#8211; abordar de maneira mais espec\u00edfica as suas diversas formas de prega\u00e7\u00e3o a \u201cquatro p\u00fablicos\u201d \u2013 aqueles que ainda n\u00e3o conhecem Jesus, os fi\u00e9is crist\u00e3os, aqueles que se afastaram da Igreja e os jovens que se encontram nessas situa\u00e7\u00f5es \u2013, \u00e9 particularmente oportuno. Rezo, \u2013 escreveu Le\u00e3o XVI &#8211; para que as suas delibera\u00e7\u00f5es os permitam escutar atentamente o Esp\u00edrito Santo, que continua a guiar a Igreja na plenitude da verdade (cf. Jo 16, 13).<\/p>\n<p style=\"text-align: justify;\">O Santo Padre espera ainda \u201cque este tempo juntos fortale\u00e7a o compromisso de servir o Corpo de Cristo na forma de vida evang\u00e9lica escolhida por S\u00e3o Domingos. \u201cQue a sua experi\u00eancia compartilhada de fraternidade e ora\u00e7\u00e3o fortale\u00e7a os la\u00e7os de comunh\u00e3o que os unem como dominicanos e os inspire a viver cada vez mais plenamente a sua voca\u00e7\u00e3o de pregadores contemplativos. Desta forma, fi\u00e9is ao carisma e \u00e0 espiritualidade do seu fundador, voc\u00eas continuar\u00e3o sem d\u00favida a realizar a sua miss\u00e3o no cora\u00e7\u00e3o da Igreja.<\/p>\n<p style=\"text-align: justify;\">O Papa conclui a sua mensagem encomendando o Cap\u00edtulo Geral \u00e0 intercess\u00e3o de Nossa Senhora do Ros\u00e1rio, e concedendo de cora\u00e7\u00e3o a sua b\u00ean\u00e7\u00e3o apost\u00f3lica a todos os membros da Ordem, como penhor de sabedoria, alegria e paz no Senhor.<\/p>\n<\/div>\n","protected":false},"excerpt":{"rendered":"<p>O Papa Le\u00e3o XIV escreveu nos dias passados uma mensagem aos Priores Provinciais Dominicanos &#8211; Ordem dos Pregadores &#8211; por ocasi\u00e3o do Cap\u00edtulo Geral em Crac\u00f3via, Pol\u00f4nia, de 17 de julho a 8 de agosto, na qual assegura ao padre geral Gerard Francisco Timoner III e a todos os participantes a sua proximidade na ora\u00e7\u00e3o. [&hellip;]<\/p>\n","protected":false},"author":1,"featured_media":95195,"comment_status":"open","ping_status":"closed","sticky":false,"template":"","format":"standard","meta":{"footnotes":""},"categories":[3],"tags":[],"class_list":["post-95194","post","type-post","status-publish","format-standard","has-post-thumbnail","hentry","category-vaticano"],"_links":{"self":[{"href":"https:\/\/catolicanet.net\/wp-cnet\/wp-json\/wp\/v2\/posts\/95194","targetHints":{"allow":["GET"]}}],"collection":[{"href":"https:\/\/catolicanet.net\/wp-cnet\/wp-json\/wp\/v2\/posts"}],"about":[{"href":"https:\/\/catolicanet.net\/wp-cnet\/wp-json\/wp\/v2\/types\/post"}],"author":[{"embeddable":true,"href":"https:\/\/catolicanet.net\/wp-cnet\/wp-json\/wp\/v2\/users\/1"}],"replies":[{"embeddable":true,"href":"https:\/\/catolicanet.net\/wp-cnet\/wp-json\/wp\/v2\/comments?post=95194"}],"version-history":[{"count":1,"href":"https:\/\/catolicanet.net\/wp-cnet\/wp-json\/wp\/v2\/posts\/95194\/revisions"}],"predecessor-version":[{"id":95197,"href":"https:\/\/catolicanet.net\/wp-cnet\/wp-json\/wp\/v2\/posts\/95194\/revisions\/95197"}],"wp:featuredmedia":[{"embeddable":true,"href":"https:\/\/catolicanet.net\/wp-cnet\/wp-json\/wp\/v2\/media\/95195"}],"wp:attachment":[{"href":"https:\/\/catolicanet.net\/wp-cnet\/wp-json\/wp\/v2\/media?parent=95194"}],"wp:term":[{"taxonomy":"category","embeddable":true,"href":"https:\/\/catolicanet.net\/wp-cnet\/wp-json\/wp\/v2\/categories?post=95194"},{"taxonomy":"post_tag","embeddable":true,"href":"https:\/\/catolicanet.net\/wp-cnet\/wp-json\/wp\/v2\/tags?post=95194"}],"curies":[{"name":"wp","href":"https:\/\/api.w.org\/{rel}","templated":true}]}}