{"id":95176,"date":"2025-07-17T09:11:54","date_gmt":"2025-07-17T12:11:54","guid":{"rendered":"https:\/\/catolicanet.net\/wp-cnet\/?p=95176"},"modified":"2025-07-21T17:14:26","modified_gmt":"2025-07-21T20:14:26","slug":"ataque-a-paroquia-catolica-em-gaza-duas-mortes-confirmadas","status":"publish","type":"post","link":"https:\/\/catolicanet.net\/wp-cnet\/ataque-a-paroquia-catolica-em-gaza-duas-mortes-confirmadas\/","title":{"rendered":"Ataque \u00e0 par\u00f3quia cat\u00f3lica em Gaza: duas mortes confirmadas"},"content":{"rendered":"<p style=\"text-align: center;\" align=\"center\"><i><span style=\"font-family: 'Arial','sans-serif';\">Igreja sofreu grandes danos estruturais e a comunidade crist\u00e3 em Gaza continua em choque enquanto o conflito em curso continua a devastar a regi\u00e3o<\/span><\/i><\/p>\n<p style=\"text-align: justify;\"><span style=\"font-size: 11.0pt; font-family: 'Arial','sans-serif';\">A par\u00f3quia cat\u00f3lica da Sagrada Fam\u00edlia, em Gaza, foi severamente danificada hoje em um ataque. De acordo com o Patriarcado Latino, duas pessoas foram mortas. Dois outros paroquianos permanecem em estado grave. Entre os feridos, o p\u00e1roco, padre Gabriel Romanelli, sofreu um ferimento leve na perna.<\/span><span style=\"font-size: 11.0pt; font-family: 'Arial','sans-serif';\">\u00a0<\/span><\/p>\n<p style=\"text-align: justify;\"><span style=\"font-size: 11.0pt; font-family: 'Arial','sans-serif';\">H\u00e1 poucos dias, em uma mensagem de v\u00eddeo enviada \u00e0 funda\u00e7\u00e3o pontif\u00edcia ACN &#8211; Ajuda \u00e0 Igreja que Sofre, o padre Gabriel Romanelli alertou sobre a deteriora\u00e7\u00e3o da situa\u00e7\u00e3o: &#8220;A situa\u00e7\u00e3o no munic\u00edpio continua muito, muito grave. Os bombardeios continuam, como voc\u00ea sabe, em Rafah, no sul da Faixa, mas tamb\u00e9m no norte &#8211; a \u00e1rea de Jabalia e outros lugares tamb\u00e9m. Mais um dia de guerra &#8211; mais uma hora de guerra &#8211; complica a vida de milhares de pessoas\u201d, disse.<\/span><span style=\"font-size: 11.0pt; font-family: 'Arial','sans-serif';\">\u00a0<\/span><\/p>\n<p style=\"text-align: justify;\"><span style=\"font-size: 11.0pt; font-family: 'Arial','sans-serif';\">Apesar das terr\u00edveis circunst\u00e2ncias, o padre Gabriel enfatizou a import\u00e2ncia da ora\u00e7\u00e3o e da solidariedade: &#8220;Pedimos que continuem nos ajudando, rezem muito e encorajem os outros a rezar. Buscar paz e justi\u00e7a por todos os meios, e tamb\u00e9m ajudar essas pobres pessoas. Que Nossa Senhora nos d\u00ea for\u00e7as para semear a paz e um pouco de esperan\u00e7a, e que isso termine o mais r\u00e1pido poss\u00edvel&#8221;.<\/span><strong><span style=\"font-size: 11.0pt; font-family: 'Arial','sans-serif';\">\u00a0<\/span><\/strong><\/p>\n<p style=\"text-align: justify;\"><strong><span style=\"font-size: 11.0pt; font-family: 'Arial','sans-serif';\">Crian\u00e7as tamb\u00e9m sofrem com o bombardeio<\/span><\/strong><\/p>\n<p style=\"text-align: justify;\"><span style=\"font-size: 11.0pt; font-family: 'Arial','sans-serif';\">Durante meses, a par\u00f3quia da Sagrada Fam\u00edlia foi um ref\u00fagio para cerca de 500 crist\u00e3os, incluindo fam\u00edlias deslocadas de toda a Faixa de Gaza. Entre eles estavam crian\u00e7as que compartilharam seus sonhos e medos com a ACN apenas alguns dias antes do ataque \u2013 sonhos agora ofuscados pela incerteza, j\u00e1 que as salas de aula onde encontraram abrigo agora est\u00e3o danificadas.<\/span><span style=\"font-size: 11.0pt; font-family: 'Arial','sans-serif';\">\u00a0<\/span><\/p>\n<p style=\"text-align: justify;\"><span style=\"font-size: 11.0pt; font-family: 'Arial','sans-serif';\">Julia, de 10 anos, disse: &#8220;Estou na igreja desde o in\u00edcio da guerra. Eu moro com minha fam\u00edlia em uma sala de aula no convento. Tenho duas irm\u00e3s: Leila, de 13 anos, e Natalie, de 9. Sinto falta da escola e dos meus amigos. Eu sonho em me tornar uma dermatologista. Quando estou com medo, minha fam\u00edlia me d\u00e1 uma sensa\u00e7\u00e3o de seguran\u00e7a. Espero que a guerra termine, que tudo reabra e que todos voltem para casa.&#8221;<\/span><span style=\"font-size: 11.0pt; font-family: 'Arial','sans-serif';\">\u00a0<\/span><\/p>\n<p style=\"text-align: justify;\"><span style=\"font-size: 11.0pt; font-family: 'Arial','sans-serif';\">Tarek, de 14 anos, ecoou o mesmo anseio pela vida normal: &#8220;Estou hospedado na Igreja Latina h\u00e1 cerca de oito meses. Eu moro com minha fam\u00edlia em uma sala de aula. Eu tenho duas irm\u00e3s. Sinto falta da escola e dos meus colegas de classe. \u00c0s vezes acordo e as coisas est\u00e3o calmas, n\u00e3o h\u00e1 bombardeios, ent\u00e3o vou ajudar na Igreja. Eu sonho em me tornar um m\u00e9dico. Meus pais me d\u00e3o uma sensa\u00e7\u00e3o de seguran\u00e7a. Espero que a guerra termine, que todos voltem para suas casas e que a travessia seja reaberta.&#8221;<\/span><span style=\"font-size: 11.0pt; font-family: 'Arial','sans-serif';\">\u00a0<\/span><\/p>\n<p style=\"text-align: justify;\"><span style=\"font-size: 11.0pt; font-family: 'Arial','sans-serif';\">A situa\u00e7\u00e3o de Julia, Tarek e as outras crian\u00e7as que est\u00e3o abrigadas na par\u00f3quia \u00e9 atualmente incerta. Devido aos extensos danos ao complexo, nenhuma informa\u00e7\u00e3o sobre sua condi\u00e7\u00e3o est\u00e1 dispon\u00edvel no momento. Esta situa\u00e7\u00e3o destaca a necessidade cr\u00edtica de paz e acesso humanit\u00e1rio.<\/span><strong><span style=\"font-size: 11.0pt; font-family: 'Arial','sans-serif';\">\u00a0<\/span><\/strong><\/p>\n<p style=\"text-align: justify;\"><strong><span style=\"font-size: 11.0pt; font-family: 'Arial','sans-serif';\">Chamada para Ora\u00e7\u00e3o e Apoio<\/span><\/strong><\/p>\n<p style=\"text-align: justify;\"><span style=\"font-size: 11.0pt; font-family: 'Arial','sans-serif';\">A Ajuda \u00e0 Igreja que Sofre est\u00e1 pedindo urgentemente ora\u00e7\u00f5es pela paz, o repouso das almas do Sr. Saed Salameh (com quase \u00a050 anos) e da Sra. Fumia Ayyad (com 80 anos), que morreram, e todos os afetados por esta trag\u00e9dia, incluindo o padre Gabriel Romanelli e as crian\u00e7as abrigadas na par\u00f3quia.<\/span><span style=\"font-size: 11.0pt; font-family: 'Arial','sans-serif';\">\u00a0<\/span><\/p>\n<p style=\"text-align: justify;\"><span style=\"font-size: 11.0pt; font-family: 'Arial','sans-serif';\">A ajuda humanit\u00e1ria \u00e9 extremamente necess\u00e1ria, pois milhares permanecem sem acesso a cuidados m\u00e9dicos e recursos essenciais.<\/span><span style=\"font-size: 11.0pt; font-family: 'Arial','sans-serif';\">\u00a0<\/span><\/p>\n<p style=\"text-align: justify;\"><span style=\"font-size: 11.0pt; font-family: 'Arial','sans-serif';\">A comunidade crist\u00e3 em Gaza conta com cerca de 500 pessoas, incluindo refugiados de outras par\u00f3quias e cerca de 200 membros da Igreja Ortodoxa Grega. A par\u00f3quia latina tornou-se um ref\u00fagio vital, oferecendo abrigo, rem\u00e9dios e apoio n\u00e3o apenas aos crist\u00e3os, mas tamb\u00e9m a milhares de pessoas fora do complexo que carecem de necessidades b\u00e1sicas.<\/span><span style=\"font-size: 11.0pt; font-family: 'Arial','sans-serif';\">\u00a0<\/span><\/p>\n<p style=\"text-align: justify;\"><span style=\"font-size: 11.0pt; font-family: 'Arial','sans-serif';\">\u00c0 luz desses graves acontecimentos, a ACN est\u00e1 pedindo aos crist\u00e3os de todo o mundo que rezem pelas v\u00edtimas, pela paz e pela prote\u00e7\u00e3o das comunidades mais vulner\u00e1veis. No dia 6 de agosto, a ACN convoca para a 11\u00aa edi\u00e7\u00e3o do <a href=\"https:\/\/www.acn.org.br\/dia-de-oracao-pelos-cristaos-perseguidos\/\">Dia de Ora\u00e7\u00e3o pelos Crist\u00e3os Perseguidos<\/a>. Com o apoio da Confer\u00eancia Nacional dos Bispos do Brasil (CNBB), a ACN promove essa iniciativa convidando todas as par\u00f3quias e comunidades crist\u00e3s do pa\u00eds a participarem.<\/span><\/p>\n","protected":false},"excerpt":{"rendered":"<p>Igreja sofreu grandes danos estruturais e a comunidade crist\u00e3 em Gaza continua em choque enquanto o conflito em curso continua a devastar a regi\u00e3o A par\u00f3quia cat\u00f3lica da Sagrada Fam\u00edlia, em Gaza, foi severamente danificada hoje em um ataque. De acordo com o Patriarcado Latino, duas pessoas foram mortas. Dois outros paroquianos permanecem em estado [&hellip;]<\/p>\n","protected":false},"author":1,"featured_media":67995,"comment_status":"open","ping_status":"closed","sticky":false,"template":"","format":"standard","meta":{"footnotes":""},"categories":[4,13],"tags":[],"class_list":["post-95176","post","type-post","status-publish","format-standard","has-post-thumbnail","hentry","category-cotidiano","category-featured"],"_links":{"self":[{"href":"https:\/\/catolicanet.net\/wp-cnet\/wp-json\/wp\/v2\/posts\/95176","targetHints":{"allow":["GET"]}}],"collection":[{"href":"https:\/\/catolicanet.net\/wp-cnet\/wp-json\/wp\/v2\/posts"}],"about":[{"href":"https:\/\/catolicanet.net\/wp-cnet\/wp-json\/wp\/v2\/types\/post"}],"author":[{"embeddable":true,"href":"https:\/\/catolicanet.net\/wp-cnet\/wp-json\/wp\/v2\/users\/1"}],"replies":[{"embeddable":true,"href":"https:\/\/catolicanet.net\/wp-cnet\/wp-json\/wp\/v2\/comments?post=95176"}],"version-history":[{"count":1,"href":"https:\/\/catolicanet.net\/wp-cnet\/wp-json\/wp\/v2\/posts\/95176\/revisions"}],"predecessor-version":[{"id":95178,"href":"https:\/\/catolicanet.net\/wp-cnet\/wp-json\/wp\/v2\/posts\/95176\/revisions\/95178"}],"wp:featuredmedia":[{"embeddable":true,"href":"https:\/\/catolicanet.net\/wp-cnet\/wp-json\/wp\/v2\/media\/67995"}],"wp:attachment":[{"href":"https:\/\/catolicanet.net\/wp-cnet\/wp-json\/wp\/v2\/media?parent=95176"}],"wp:term":[{"taxonomy":"category","embeddable":true,"href":"https:\/\/catolicanet.net\/wp-cnet\/wp-json\/wp\/v2\/categories?post=95176"},{"taxonomy":"post_tag","embeddable":true,"href":"https:\/\/catolicanet.net\/wp-cnet\/wp-json\/wp\/v2\/tags?post=95176"}],"curies":[{"name":"wp","href":"https:\/\/api.w.org\/{rel}","templated":true}]}}