{"id":95149,"date":"2025-07-21T10:26:32","date_gmt":"2025-07-21T13:26:32","guid":{"rendered":"https:\/\/catolicanet.net\/wp-cnet\/?p=95149"},"modified":"2025-07-21T16:27:48","modified_gmt":"2025-07-21T19:27:48","slug":"oracao-a-santa-rita-de-cassia-por-uma-causa-impossivel-2","status":"publish","type":"post","link":"https:\/\/catolicanet.net\/wp-cnet\/oracao-a-santa-rita-de-cassia-por-uma-causa-impossivel-2\/","title":{"rendered":"Ora\u00e7\u00e3o a santa Rita de C\u00e1ssia por uma causa imposs\u00edvel"},"content":{"rendered":"<p style=\"text-align: justify;\"><span class=\"SubHeading_subheading__NJ_eJ\" aria-label=\"post subtitle\">Descubra por que ela \u00e9 a santa das causas imposs\u00edveis e pe\u00e7a com f\u00e9 sua intercess\u00e3o<\/span><\/p>\n<div style=\"text-align: justify;\"><\/div>\n<div class=\"\" style=\"text-align: justify;\">\n<p>Imediatamente ap\u00f3s sua morte,\u00a0<a title=\"\" href=\"https:\/\/santaritadacascia.org\/?gad_source=1&amp;gclid=Cj0KCQjw6uWyBhD1ARIsAIMcADo6bzBn3XspiP3oFMyIXOhNA3JD8h6liwvFecOuapuhqWe2JppOtGoaAgdKEALw_wcB\" target=\"_blank\" rel=\"noopener\">Santa Rita de C\u00e1ssia<\/a>\u00a0j\u00e1 era venerada como protetora contra a peste, provavelmente pelo fato de ter se dedicado em vida ao cuidado dos enfermos de peste, sem contrair jamais a doen\u00e7a. Este foi o principal motivo pelo qual era come\u00e7ou a ser conhecida como a Santa das Causas Imposs\u00edveis.<\/p>\n<\/div>\n<h2 class=\"Heading_heading__PlVsb\" style=\"text-align: justify;\">Ora\u00e7\u00e3o a Santa Rita por uma causa imposs\u00edvel<\/h2>\n<blockquote class=\"Quote_container__XMwM_\">\n<div class=\"\">\n<p>\u00d3 poderosa e gloriosa Santa Rita chamada Santa das causas imposs\u00edveis, advogada dos casos desesperados, auxiliadora da \u00faltima hora, ref\u00fagio e abrigo da dor que arrasta para o abismo do pecado e da desesperan\u00e7a, com toda a confian\u00e7a em vosso poder junto ao Cora\u00e7\u00e3o Sagrado de Jesus, a v\u00f3s recorro no caso dif\u00edcil e imprevisto, que dolorosamente oprime o meu cora\u00e7\u00e3o.<\/p>\n<\/div>\n<div class=\"\">\n<p>(Fa\u00e7a seu pedido)<\/p>\n<\/div>\n<div class=\"\">\n<p>Alcan\u00e7ai\u00a0a gra\u00e7a que desejo, pois sendo-me necess\u00e1ria, eu a quero. Apresentada por v\u00f3s a minha ora\u00e7\u00e3o, o meu pedido, por v\u00f3s que sois t\u00e3o amada por Deus, certamente ser\u00e1 atendido. Dizei a Nosso Senhor que me valerei da gra\u00e7a para melhorar a minha vida e os meus costumes e para cantar na Terra e no C\u00e9u a Divina Miseric\u00f3rdia.<\/p>\n<\/div>\n<div class=\"\">\n<p>Santa Rita das causas imposs\u00edveis, intercedei por n\u00f3s! Am\u00e9m.<\/p>\n<\/div>\n<\/blockquote>\n","protected":false},"excerpt":{"rendered":"<p>Descubra por que ela \u00e9 a santa das causas imposs\u00edveis e pe\u00e7a com f\u00e9 sua intercess\u00e3o Imediatamente ap\u00f3s sua morte,\u00a0Santa Rita de C\u00e1ssia\u00a0j\u00e1 era venerada como protetora contra a peste, provavelmente pelo fato de ter se dedicado em vida ao cuidado dos enfermos de peste, sem contrair jamais a doen\u00e7a. Este foi o principal motivo [&hellip;]<\/p>\n","protected":false},"author":1,"featured_media":95150,"comment_status":"open","ping_status":"closed","sticky":false,"template":"","format":"standard","meta":{"footnotes":""},"categories":[4],"tags":[],"class_list":["post-95149","post","type-post","status-publish","format-standard","has-post-thumbnail","hentry","category-cotidiano"],"_links":{"self":[{"href":"https:\/\/catolicanet.net\/wp-cnet\/wp-json\/wp\/v2\/posts\/95149","targetHints":{"allow":["GET"]}}],"collection":[{"href":"https:\/\/catolicanet.net\/wp-cnet\/wp-json\/wp\/v2\/posts"}],"about":[{"href":"https:\/\/catolicanet.net\/wp-cnet\/wp-json\/wp\/v2\/types\/post"}],"author":[{"embeddable":true,"href":"https:\/\/catolicanet.net\/wp-cnet\/wp-json\/wp\/v2\/users\/1"}],"replies":[{"embeddable":true,"href":"https:\/\/catolicanet.net\/wp-cnet\/wp-json\/wp\/v2\/comments?post=95149"}],"version-history":[{"count":1,"href":"https:\/\/catolicanet.net\/wp-cnet\/wp-json\/wp\/v2\/posts\/95149\/revisions"}],"predecessor-version":[{"id":95152,"href":"https:\/\/catolicanet.net\/wp-cnet\/wp-json\/wp\/v2\/posts\/95149\/revisions\/95152"}],"wp:featuredmedia":[{"embeddable":true,"href":"https:\/\/catolicanet.net\/wp-cnet\/wp-json\/wp\/v2\/media\/95150"}],"wp:attachment":[{"href":"https:\/\/catolicanet.net\/wp-cnet\/wp-json\/wp\/v2\/media?parent=95149"}],"wp:term":[{"taxonomy":"category","embeddable":true,"href":"https:\/\/catolicanet.net\/wp-cnet\/wp-json\/wp\/v2\/categories?post=95149"},{"taxonomy":"post_tag","embeddable":true,"href":"https:\/\/catolicanet.net\/wp-cnet\/wp-json\/wp\/v2\/tags?post=95149"}],"curies":[{"name":"wp","href":"https:\/\/api.w.org\/{rel}","templated":true}]}}