{"id":95107,"date":"2025-07-03T10:03:07","date_gmt":"2025-07-03T13:03:07","guid":{"rendered":"https:\/\/catolicanet.net\/wp-cnet\/?p=95107"},"modified":"2025-07-03T17:04:55","modified_gmt":"2025-07-03T20:04:55","slug":"abencoe-o-casamento-com-esta-oracao-pelo-seu-marido","status":"publish","type":"post","link":"https:\/\/catolicanet.net\/wp-cnet\/abencoe-o-casamento-com-esta-oracao-pelo-seu-marido\/","title":{"rendered":"Aben\u00e7oe o casamento com esta ora\u00e7\u00e3o pelo seu marido"},"content":{"rendered":"<p><span class=\"SubHeading_subheading__NJ_eJ\" aria-label=\"post subtitle\">Esta ora\u00e7\u00e3o por seu marido pede a Deus que o preencha de amor, f\u00e9 e confian\u00e7a<\/span><\/p>\n<div><\/div>\n<div class=\"\">\n<p>Senhor, Tu que conheces os cora\u00e7\u00f5es<br \/>\ne o que h\u00e1 no profundo de cada alma,<br \/>\nhoje quero orar pelo meu esposo,<br \/>\no homem a quem amo,<br \/>\no homem a quem escolhi gra\u00e7as a Ti<br \/>\npara que fosse meu companheiro<br \/>\ne meu melhor amigo,<br \/>\naquele a quem preferi e escolhi<br \/>\nentre as p\u00e1ginas da minha vida.<\/p>\n<\/div>\n<div class=\"\">\n<p>Quero te pedir pelo cora\u00e7\u00e3o do meu marido, Senhor:<br \/>\nolha para ele com ternura e cura suas feridas mais profundas,<br \/>\ncura sua mem\u00f3ria de lembran\u00e7as dolorosas,<br \/>\nd\u00e1-lhe sempre um sorriso renovado.<br \/>\nEnche seu cora\u00e7\u00e3o de amor,<br \/>\npara que suas palavras e gestos transmitam<br \/>\naos que est\u00e3o ao seu redor a companhia<br \/>\ne a seguran\u00e7a de que tanto precisam.<\/p>\n<\/div>\n<div class=\"\">\n<p>Fortalece suas m\u00e3os para que<br \/>\nseu trabalho seja digno e bom;<br \/>\nguia seus pensamentos para que<br \/>\nseus passos sejam aben\u00e7oados.<br \/>\nN\u00e3o afastes tua mirada do meu esposo,<br \/>\npara que ele se sinta sempre amado por Ti.<br \/>\nLeva-o \u00e0 fonte do teu amor quando ele se afastar.<\/p>\n<\/div>\n<div class=\"\">\n<p>Que nossos filhos descubram nele<br \/>\num modelo de amor e doa\u00e7\u00e3o;<br \/>\nque aprendam com ele o valor<br \/>\ndo trabalho e da fidelidade;<br \/>\nque pelas suas palavras bebam<br \/>\nhonestidade e responsabilidade.<\/p>\n<\/div>\n<div class=\"\">\n<p>E que eu, esposa, sempre descubra nele<br \/>\no amor verdadeiro e eterno pelo qual sempre ansiei.<br \/>\nD\u00e1-me, Senhor, capacidade de entend\u00ea-lo e am\u00e1-lo,<br \/>\nsem pretender mudar seu jeito de ser,<br \/>\ne sim valorizar quem ele \u00e9.<\/p>\n<\/div>\n<div><\/div>\n<div class=\"\">\n<p>Ensina-me a caminhar ao seu lado.<br \/>\nQue eu o ame e o conduza,<br \/>\ncom minhas ora\u00e7\u00f5es e meu exemplo,<br \/>\nat\u00e9 nosso fim, que \u00e9 o c\u00e9u.<br \/>\nQue todos possam ver em n\u00f3s<br \/>\na for\u00e7a do teu amor.<br \/>\nAm\u00e9m.<\/p>\n<\/div>\n","protected":false},"excerpt":{"rendered":"<p>Esta ora\u00e7\u00e3o por seu marido pede a Deus que o preencha de amor, f\u00e9 e confian\u00e7a Senhor, Tu que conheces os cora\u00e7\u00f5es e o que h\u00e1 no profundo de cada alma, hoje quero orar pelo meu esposo, o homem a quem amo, o homem a quem escolhi gra\u00e7as a Ti para que fosse meu companheiro [&hellip;]<\/p>\n","protected":false},"author":1,"featured_media":95108,"comment_status":"open","ping_status":"closed","sticky":false,"template":"","format":"standard","meta":{"footnotes":""},"categories":[4],"tags":[],"class_list":["post-95107","post","type-post","status-publish","format-standard","has-post-thumbnail","hentry","category-cotidiano"],"_links":{"self":[{"href":"https:\/\/catolicanet.net\/wp-cnet\/wp-json\/wp\/v2\/posts\/95107","targetHints":{"allow":["GET"]}}],"collection":[{"href":"https:\/\/catolicanet.net\/wp-cnet\/wp-json\/wp\/v2\/posts"}],"about":[{"href":"https:\/\/catolicanet.net\/wp-cnet\/wp-json\/wp\/v2\/types\/post"}],"author":[{"embeddable":true,"href":"https:\/\/catolicanet.net\/wp-cnet\/wp-json\/wp\/v2\/users\/1"}],"replies":[{"embeddable":true,"href":"https:\/\/catolicanet.net\/wp-cnet\/wp-json\/wp\/v2\/comments?post=95107"}],"version-history":[{"count":1,"href":"https:\/\/catolicanet.net\/wp-cnet\/wp-json\/wp\/v2\/posts\/95107\/revisions"}],"predecessor-version":[{"id":95110,"href":"https:\/\/catolicanet.net\/wp-cnet\/wp-json\/wp\/v2\/posts\/95107\/revisions\/95110"}],"wp:featuredmedia":[{"embeddable":true,"href":"https:\/\/catolicanet.net\/wp-cnet\/wp-json\/wp\/v2\/media\/95108"}],"wp:attachment":[{"href":"https:\/\/catolicanet.net\/wp-cnet\/wp-json\/wp\/v2\/media?parent=95107"}],"wp:term":[{"taxonomy":"category","embeddable":true,"href":"https:\/\/catolicanet.net\/wp-cnet\/wp-json\/wp\/v2\/categories?post=95107"},{"taxonomy":"post_tag","embeddable":true,"href":"https:\/\/catolicanet.net\/wp-cnet\/wp-json\/wp\/v2\/tags?post=95107"}],"curies":[{"name":"wp","href":"https:\/\/api.w.org\/{rel}","templated":true}]}}