{"id":95099,"date":"2025-07-03T09:56:26","date_gmt":"2025-07-03T12:56:26","guid":{"rendered":"https:\/\/catolicanet.net\/wp-cnet\/?p=95099"},"modified":"2025-07-03T16:58:23","modified_gmt":"2025-07-03T19:58:23","slug":"meio-ambiente-nao-deve-servir-para-exercer-poder-e-explorar-os-pobres-diz-leao-xiv","status":"publish","type":"post","link":"https:\/\/catolicanet.net\/wp-cnet\/meio-ambiente-nao-deve-servir-para-exercer-poder-e-explorar-os-pobres-diz-leao-xiv\/","title":{"rendered":"Meio ambiente n\u00e3o deve servir para exercer poder e explorar os pobres, diz Le\u00e3o XIV"},"content":{"rendered":"<p style=\"text-align: justify;\">O papa Le\u00e3o XIV disse ontem (2) que a natureza n\u00e3o deve ser uma \u201cmoeda de troca\u201d em sua mensagem anunciando o tema<em>\u00a0Sementes de Paz e Esperan\u00e7a\u00a0<\/em>para o 10\u00ba Dia Mundial de Ora\u00e7\u00e3o pelo Cuidado da Cria\u00e7\u00e3o, marcado para 1\u00ba de setembro.<\/p>\n<p style=\"text-align: justify;\">Inspirando-se na enc\u00edclica\u00a0<a href=\"https:\/\/www.vatican.va\/content\/francesco\/pt\/encyclicals\/documents\/papa-francesco_20150524_enciclica-laudato-si.html\" rel=\"noopener noreferrer nofollow\"><em><u>Laudato si&#8217;<\/u><\/em><\/a>, escrita pelo papa Francisco h\u00e1 dez anos, o papa disse que \u201ca B\u00edblia n\u00e3o promove o dom\u00ednio desp\u00f3tico do ser humano sobre a cria\u00e7\u00e3o\u201d e, portanto, n\u00e3o deve ser explorada.<\/p>\n<p style=\"text-align: justify;\">\u201cA pr\u00f3pria natureza se torna, por vezes, um instrumento de troca, uma mercadoria a negociar para obter ganhos econ\u00f4micos ou pol\u00edticos\u201d, disse Le\u00e3o XIV. \u201cNessas din\u00e2micas, a cria\u00e7\u00e3o transforma-se num campo de batalha pelo controle dos recursos vitais\u201d.<\/p>\n<p style=\"text-align: justify;\">O papa disse que pa\u00edses pobres, sociedades marginalizadas e comunidades ind\u00edgenas s\u00e3o desestabilizadas e penalizadas como resultado de conflitos por \u00e1gua e recursos naturais, e pela destrui\u00e7\u00e3o de florestas e \u00e1reas agr\u00edcolas.<\/p>\n<p style=\"text-align: justify;\">\u201cEssas v\u00e1rias feridas devem-se ao pecado\u201d, disse tamb\u00e9m Le\u00e3o XIV. \u201cN\u00e3o era certamente isso que Deus tinha em mente quando confiou a Terra ao homem criado \u00e0 sua imagem (<em>cf.<\/em>\u00a0Gn 1, 24-29)\u201d.<\/p>\n<p style=\"text-align: justify;\">Em sua mensagem divulgada ontem, o papa disse que tr\u00eas coisas s\u00e3o necess\u00e1rias para uma verdadeira justi\u00e7a ambiental: ora\u00e7\u00e3o, determina\u00e7\u00e3o e a\u00e7\u00f5es concretas.<\/p>\n<p style=\"text-align: justify;\">Le\u00e3o XIV convidou os fi\u00e9is a considerarem em ora\u00e7\u00e3o o significado das sementes como uma met\u00e1fora da vinda do reino de Deus nas Escrituras, dizendo: \u201cJesus usa com frequ\u00eancia a imagem da semente\u201d.<\/p>\n<div class=\"donation-box box-shadow mb-7\" style=\"text-align: justify;\"><\/div>\n<p style=\"text-align: justify;\">\u201cAssim, em Cristo, somos sementes. N\u00e3o s\u00f3 isso, mas sementes de Paz e Esperan\u00e7a\u201d, disse o papa. \u201cComo diz o profeta Isa\u00edas, o Esp\u00edrito de Deus \u00e9 capaz de transformar o deserto \u00e1rido e ressequido num jardim, num lugar de repouso e serenidade\u201d.<\/p>\n<p style=\"text-align: justify;\">Segundo Le\u00e3o XIV, a justi\u00e7a ambiental n\u00e3o \u00e9 um \u201cconceito abstrato\u201d ou um \u201cobjetivo distante\u201d. \u201cChegou verdadeiramente o tempo de dar seguimento \u00e0s palavras com obras concretas\u201d, disse o papa. \u201cTrabalhando com dedica\u00e7\u00e3o e ternura, muitas sementes de justi\u00e7a podem germinar, contribuindo para a paz e a esperan\u00e7a\u201d.<\/p>\n<p style=\"text-align: justify;\">Este ano, Le\u00e3o XIV visitou duas vezes locais ligados aos projetos de ecologia integral da Santa S\u00e9 fora de Roma. Al\u00e9m de visitar o projeto\u00a0<em>Borgo Laudato si<\/em>&#8216; em Castel Gandolfo em maio, ele visitou o local proposto para o projeto de energia solar da Santa S\u00e9 em Santa Maria di Galeria no m\u00eas passado.<\/p>\n<p style=\"text-align: justify;\">O papa elogiou essas iniciativas, como exemplos de \u201ccomo as pessoas podem viver, trabalhar e construir comunidades aplicando os princ\u00edpios da enc\u00edclica\u00a0<em>Laudato si\u2019\u00a0<\/em>\u201d.<\/p>\n<p style=\"text-align: justify;\">\u201cPe\u00e7o ao Todo-Poderoso que nos envie em abund\u00e2ncia o seu esp\u00edrito do alto (<em>cf<\/em>.\u00a0<em>Is\u00a0<\/em>32, 15), para que essas sementes e outras semelhantes possam dar frutos abundantes de paz e esperan\u00e7a\u201d, disse Le\u00e3o XIV.<\/p>\n","protected":false},"excerpt":{"rendered":"<p>O papa Le\u00e3o XIV disse ontem (2) que a natureza n\u00e3o deve ser uma \u201cmoeda de troca\u201d em sua mensagem anunciando o tema\u00a0Sementes de Paz e Esperan\u00e7a\u00a0para o 10\u00ba Dia Mundial de Ora\u00e7\u00e3o pelo Cuidado da Cria\u00e7\u00e3o, marcado para 1\u00ba de setembro. Inspirando-se na enc\u00edclica\u00a0Laudato si&#8217;, escrita pelo papa Francisco h\u00e1 dez anos, o papa [&hellip;]<\/p>\n","protected":false},"author":1,"featured_media":95100,"comment_status":"open","ping_status":"closed","sticky":false,"template":"","format":"standard","meta":{"footnotes":""},"categories":[4],"tags":[],"class_list":["post-95099","post","type-post","status-publish","format-standard","has-post-thumbnail","hentry","category-cotidiano"],"_links":{"self":[{"href":"https:\/\/catolicanet.net\/wp-cnet\/wp-json\/wp\/v2\/posts\/95099","targetHints":{"allow":["GET"]}}],"collection":[{"href":"https:\/\/catolicanet.net\/wp-cnet\/wp-json\/wp\/v2\/posts"}],"about":[{"href":"https:\/\/catolicanet.net\/wp-cnet\/wp-json\/wp\/v2\/types\/post"}],"author":[{"embeddable":true,"href":"https:\/\/catolicanet.net\/wp-cnet\/wp-json\/wp\/v2\/users\/1"}],"replies":[{"embeddable":true,"href":"https:\/\/catolicanet.net\/wp-cnet\/wp-json\/wp\/v2\/comments?post=95099"}],"version-history":[{"count":1,"href":"https:\/\/catolicanet.net\/wp-cnet\/wp-json\/wp\/v2\/posts\/95099\/revisions"}],"predecessor-version":[{"id":95102,"href":"https:\/\/catolicanet.net\/wp-cnet\/wp-json\/wp\/v2\/posts\/95099\/revisions\/95102"}],"wp:featuredmedia":[{"embeddable":true,"href":"https:\/\/catolicanet.net\/wp-cnet\/wp-json\/wp\/v2\/media\/95100"}],"wp:attachment":[{"href":"https:\/\/catolicanet.net\/wp-cnet\/wp-json\/wp\/v2\/media?parent=95099"}],"wp:term":[{"taxonomy":"category","embeddable":true,"href":"https:\/\/catolicanet.net\/wp-cnet\/wp-json\/wp\/v2\/categories?post=95099"},{"taxonomy":"post_tag","embeddable":true,"href":"https:\/\/catolicanet.net\/wp-cnet\/wp-json\/wp\/v2\/tags?post=95099"}],"curies":[{"name":"wp","href":"https:\/\/api.w.org\/{rel}","templated":true}]}}