{"id":95065,"date":"2025-07-03T09:18:02","date_gmt":"2025-07-03T12:18:02","guid":{"rendered":"https:\/\/catolicanet.net\/wp-cnet\/?p=95065"},"modified":"2025-07-03T16:21:38","modified_gmt":"2025-07-03T19:21:38","slug":"leao-xiv-pecamos-ao-espirito-santo-a-graca-de-aprender-a-discernir","status":"publish","type":"post","link":"https:\/\/catolicanet.net\/wp-cnet\/leao-xiv-pecamos-ao-espirito-santo-a-graca-de-aprender-a-discernir\/","title":{"rendered":"Le\u00e3o XIV: pe\u00e7amos ao Esp\u00edrito Santo a gra\u00e7a de aprender a discernir"},"content":{"rendered":"<div class=\"article__subTitle\" style=\"text-align: justify;\">O Pont\u00edfice, no v\u00eddeo de inten\u00e7\u00e3o de ora\u00e7\u00e3o para julho, pede que rezemos para que aprendamos cada vez mais a discernir, a saber escolher caminhos de vida e a rejeitar tudo o que nos distancie de Cristo e do Evangelho. No V\u00eddeo do Papa deste m\u00eas, Le\u00e3o XIV l\u00ea uma ora\u00e7\u00e3o in\u00e9dita sobre a forma\u00e7\u00e3o ao discernimento, t\u00e3o necess\u00e1rio num mundo em constante mudan\u00e7a para decidir com sabedoria.<\/div>\n<div class=\"title__separator\" style=\"text-align: justify;\"><\/div>\n<div class=\"article__text\">\n<div style=\"text-align: justify;\">\n<div class=\"article__embed article__embed--unwrap article__embed--dark\">\n<div class=\"article__innerTitle\">Ou\u00e7a a reportagem com a voz do Papa e compartilhe<\/div>\n<div>\n<!--[if lt IE 9]><script>document.createElement('audio');<\/script><![endif]-->\n<audio class=\"wp-audio-shortcode\" id=\"audio-95065-1\" preload=\"none\" style=\"width: 100%;\" controls=\"controls\"><source type=\"audio\/mpeg\" src=\"https:\/\/media.vaticannews.va\/media\/audio\/s1\/2025\/07\/03\/14\/138724494_F138724494.mp3?_=1\" \/><a href=\"https:\/\/media.vaticannews.va\/media\/audio\/s1\/2025\/07\/03\/14\/138724494_F138724494.mp3\">https:\/\/media.vaticannews.va\/media\/audio\/s1\/2025\/07\/03\/14\/138724494_F138724494.mp3<\/a><\/audio>\n<\/div>\n<\/div>\n<\/div>\n<p style=\"text-align: justify;\"><b>Vatican News<\/b><\/p>\n<p><iframe loading=\"lazy\" title=\"Pela forma\u00e7\u00e3o para o discernimento - O V\u00eddeo do Papa - julho de 2025\" width=\"696\" height=\"392\" src=\"https:\/\/www.youtube.com\/embed\/1Y7JgV1n3KI?feature=oembed\" frameborder=\"0\" allow=\"accelerometer; autoplay; clipboard-write; encrypted-media; gyroscope; picture-in-picture; web-share\" referrerpolicy=\"strict-origin-when-cross-origin\" allowfullscreen><\/iframe><\/p>\n<p style=\"text-align: justify;\">A mensagem em v\u00eddeo de julho com a inten\u00e7\u00e3o de ora\u00e7\u00e3o que o Pont\u00edfice confia \u00e0 Igreja Cat\u00f3lica atrav\u00e9s da Rede Mundial de Ora\u00e7\u00e3o do Papa \u00e9 dedicada \u00e0 forma\u00e7\u00e3o para o discernimento. Nas imagens que narram uma jovem que caminha por uma floresta, perde-se e encontra orienta\u00e7\u00e3o atrav\u00e9s do Evangelho, Le\u00e3o XIV l\u00ea uma ora\u00e7\u00e3o in\u00e9dita para pedir ao Esp\u00edrito Santo a gra\u00e7a de aprender a discernir:<\/p>\n<blockquote><p><i>&#8220;Esp\u00edrito Santo, luz do nosso entendimento,<\/i><\/p><\/blockquote>\n<blockquote><p><i>sopro e suavidade nas nossas decis\u00f5es,<\/i><\/p><\/blockquote>\n<blockquote><p><i>concede-me a gra\u00e7a de escutar atentamente a tua voz<\/i><\/p><\/blockquote>\n<blockquote><p><i>para discernir os caminhos secretos do meu cora\u00e7\u00e3o,<\/i><\/p><\/blockquote>\n<blockquote><p><i>a fim de compreender o que realmente \u00e9 importante para ti<\/i><\/p><\/blockquote>\n<blockquote><p><i>e libertar o meu cora\u00e7\u00e3o dos seus sofrimentos.<\/i><\/p><\/blockquote>\n<blockquote><p><i>Pe\u00e7o-te a gra\u00e7a de aprender a parar<\/i><\/p><\/blockquote>\n<blockquote><p><i>para tomar consci\u00eancia da minha maneira de agir,<\/i><\/p><\/blockquote>\n<blockquote><p><i>dos sentimentos que habitam em mim,<\/i><\/p><\/blockquote>\n<blockquote><p><i>dos pensamentos que me invadem<\/i><\/p><\/blockquote>\n<blockquote><p><i>e que, muitas vezes, n\u00e3o percebo.<\/i><\/p><\/blockquote>\n<blockquote><p><i>Desejo que as minhas escolhas<\/i><\/p><\/blockquote>\n<blockquote><p><i>me conduzam \u00e0 alegria do Evangelho.<\/i><\/p><\/blockquote>\n<blockquote><p><i>Mesmo que tenha de passar por momentos de d\u00favida e cansa\u00e7o,<\/i><\/p><\/blockquote>\n<blockquote><p><i>mesmo que tenha de lutar, refletir, procurar e recome\u00e7ar&#8230;<\/i><\/p><\/blockquote>\n<blockquote><p><i>Porque, no fim do caminho,<\/i><\/p><\/blockquote>\n<blockquote><p><i>A tua consola\u00e7\u00e3o \u00e9 o fruto da boa decis\u00e3o.<\/i><\/p><\/blockquote>\n<blockquote><p><i>Concede-me conhecer melhor o que me move,<\/i><\/p><\/blockquote>\n<blockquote><p><i>para rejeitar o que me afasta de Cristo,<\/i><\/p><\/blockquote>\n<blockquote><p><i>e am\u00e1-lo e servi-lo mais.<\/i><\/p><\/blockquote>\n<blockquote><p><i>Am\u00e9m.&#8221;<\/i><\/p><\/blockquote>\n<h2 style=\"text-align: justify;\">Conhecer-se a si mesmo para conhecer Deus<\/h2>\n<p style=\"text-align: justify;\">Na ora\u00e7\u00e3o do Papa, percebe-se o eco da famosa s\u00faplica de Santo Agostinho nas\u00a0<i>Confiss\u00f5es<\/i>: \u201c\u00d3 Deus, que me conhe\u00e7a a mim, que Te conhe\u00e7a a Ti!\u201d. Podemos dizer brevemente que, segundo Agostinho, o conhecimento de si mesmo leva ao conhecimento de Deus: para discernir, \u00e9 preciso situar-se na verdade diante de Deus, entrar em si mesmo, admitir as pr\u00f3prias fraquezas e pedir ao Senhor que nos cure. A partir da\u00ed, \u00e9 poss\u00edvel renascer atrav\u00e9s de uma rela\u00e7\u00e3o aut\u00eantica com Deus.<\/p>\n<p style=\"text-align: justify;\">O discernimento tem estado presente na hist\u00f3ria da Igreja desde o in\u00edcio. S\u00e3o Paulo escreve sobre este tema v\u00e1rias vezes nas suas cartas, por exemplo, em Rm 12,1-2: \u201cQue saibais discernir qual \u00e9 a vontade de Deus, o que \u00e9 bom, o que lhe agrada\u201d. Hoje, por\u00e9m, a antiga arte do discernimento \u00e9 talvez mais necess\u00e1ria do que nunca. A velocidade com que as mudan\u00e7as ocorrem atualmente, a enorme quantidade de informa\u00e7\u00e3o dispon\u00edvel \u2014 e nem sempre verdadeira \u2014, a aparente realidade criada pela intelig\u00eancia artificial e a complexidade dos desafios globais, entre outros fatores, tornam o discernimento uma habilidade essencial para tomar decis\u00f5es acertadas que nos permitam viver uma vida boa e nos aproximem de Deus.<\/p>\n<h2 style=\"text-align: justify;\">Reconhecer a voz de Jesus<\/h2>\n<p style=\"text-align: justify;\">\u201cNo meio da pressa da vida quotidiana, devemos aprender a fazer uma pausa e criar momentos sagrados para a ora\u00e7\u00e3o\u201d, comenta dom Robert J. Brennan, bispo de Brooklyn, diocese que colabora com o v\u00eddeo deste m\u00eas, junto a\u00a0<a href=\"https:\/\/desalesmedia.org\/religion-to-reality\/\" target=\"_blank\" rel=\"external nofollow noopener\">DeSales Media<\/a>. \u201cS\u00e3o nesses espa\u00e7os silenciosos de escuta atenta \u2014 continua o bispo Brennan \u2014 que descobrimos quais os caminhos que realmente importam e encontramos o discernimento para escolher o que conduz verdadeiramente \u00e0 alegria que vem s\u00f3 de Deus\u201d.<\/p>\n<p style=\"text-align: justify;\">Neste sentido, o diretor internacional da Rede Mundial de Ora\u00e7\u00e3o do Papa, Pe. Crist\u00f3bal Fones,\u00a0explica que \u201ca forma\u00e7\u00e3o para o discernimento \u00e9 fundamental para navegar num mundo complexo. Ela inclui a ora\u00e7\u00e3o, a reflex\u00e3o pessoal, o estudo das Escrituras e o acompanhamento espiritual. Cultivar uma rela\u00e7\u00e3o profunda com Jesus \u00e9 o mais importante, pois assim podemos reconhecer a sua voz no meio de tantas vozes do mundo e ter a clareza necess\u00e1ria para tomar as nossas decis\u00f5es em fun\u00e7\u00e3o de um prop\u00f3sito e num horizonte mais humano\u201d.<\/p>\n<p style=\"text-align: justify;\">O Pe. Fones acrescenta que o discernimento tamb\u00e9m tem uma dimens\u00e3o comunit\u00e1ria: \u201caprender a discernir juntos, ouvindo as experi\u00eancias e perspetivas dos outros, enriquece o nosso pr\u00f3prio processo de discernimento e ajuda-nos a reconhecer a a\u00e7\u00e3o do Esp\u00edrito Santo na vida da comunidade\u201d.<\/p>\n<h2 style=\"text-align: justify;\">Uma ajuda para exercer melhor a liberdade<\/h2>\n<p style=\"text-align: justify;\">O discernimento \u00e9 essencial tamb\u00e9m para a nossa felicidade: \u201ca cultura atual \u2014 continua o Pe. Fones \u2014 apresenta-nos a felicidade como um fim e tende a identific\u00e1-la com o bem-estar. Ao contr\u00e1rio, para Santo In\u00e1cio de Loiola, em cuja espiritualidade o discernimento ocupa um lugar muito importante, \u00e9 antes uma consequ\u00eancia: fomos criados para sair de n\u00f3s mesmos, aprendendo a amar e a doar-nos, a servir os outros e a unir-nos a Deus. Por este caminho \u2014 o caminho de Jesus, o caminho do cora\u00e7\u00e3o, que certamente \u00e9 contr\u00e1rio \u00e0 cultura egoc\u00eantrica e utilitarista predominante \u2014, alcan\u00e7a-se a felicidade\u201d.<\/p>\n<p style=\"text-align: justify;\"><i>\u201cSanto In\u00e1cio oferece-nos algumas regras de discernimento para sentir e conhecer o que se passa dentro de n\u00f3s, as emo\u00e7\u00f5es, os movimentos do nosso esp\u00edrito, para que possamos escolher o que nos ajuda a amar e a ser amados, e rejeitar o que nos impede de o fazer. O discernimento espiritual ajuda-nos a exercer melhor a nossa liberdade.\u201d<\/i><\/p>\n<p style=\"text-align: justify;\">Para terminar, \u00e9 importante sublinhar que, no contexto do Ano Santo de 2025, O V\u00eddeo do Papa adquire uma relev\u00e2ncia especial, porque nos d\u00e1 a oportunidade de conhecer as inten\u00e7\u00f5es de ora\u00e7\u00e3o que o Santo Padre tem no seu cora\u00e7\u00e3o. Para receber adequadamente as gra\u00e7as da indulg\u00eancia jubilar \u00e9 necess\u00e1rio, precisamente, rezar pelas inten\u00e7\u00f5es do Papa.<\/p>\n<\/div>\n","protected":false},"excerpt":{"rendered":"<p>O Pont\u00edfice, no v\u00eddeo de inten\u00e7\u00e3o de ora\u00e7\u00e3o para julho, pede que rezemos para que aprendamos cada vez mais a discernir, a saber escolher caminhos de vida e a rejeitar tudo o que nos distancie de Cristo e do Evangelho. No V\u00eddeo do Papa deste m\u00eas, Le\u00e3o XIV l\u00ea uma ora\u00e7\u00e3o in\u00e9dita sobre a forma\u00e7\u00e3o [&hellip;]<\/p>\n","protected":false},"author":1,"featured_media":95066,"comment_status":"open","ping_status":"closed","sticky":false,"template":"","format":"standard","meta":{"footnotes":""},"categories":[13,3],"tags":[],"class_list":["post-95065","post","type-post","status-publish","format-standard","has-post-thumbnail","hentry","category-featured","category-vaticano"],"_links":{"self":[{"href":"https:\/\/catolicanet.net\/wp-cnet\/wp-json\/wp\/v2\/posts\/95065","targetHints":{"allow":["GET"]}}],"collection":[{"href":"https:\/\/catolicanet.net\/wp-cnet\/wp-json\/wp\/v2\/posts"}],"about":[{"href":"https:\/\/catolicanet.net\/wp-cnet\/wp-json\/wp\/v2\/types\/post"}],"author":[{"embeddable":true,"href":"https:\/\/catolicanet.net\/wp-cnet\/wp-json\/wp\/v2\/users\/1"}],"replies":[{"embeddable":true,"href":"https:\/\/catolicanet.net\/wp-cnet\/wp-json\/wp\/v2\/comments?post=95065"}],"version-history":[{"count":2,"href":"https:\/\/catolicanet.net\/wp-cnet\/wp-json\/wp\/v2\/posts\/95065\/revisions"}],"predecessor-version":[{"id":95071,"href":"https:\/\/catolicanet.net\/wp-cnet\/wp-json\/wp\/v2\/posts\/95065\/revisions\/95071"}],"wp:featuredmedia":[{"embeddable":true,"href":"https:\/\/catolicanet.net\/wp-cnet\/wp-json\/wp\/v2\/media\/95066"}],"wp:attachment":[{"href":"https:\/\/catolicanet.net\/wp-cnet\/wp-json\/wp\/v2\/media?parent=95065"}],"wp:term":[{"taxonomy":"category","embeddable":true,"href":"https:\/\/catolicanet.net\/wp-cnet\/wp-json\/wp\/v2\/categories?post=95065"},{"taxonomy":"post_tag","embeddable":true,"href":"https:\/\/catolicanet.net\/wp-cnet\/wp-json\/wp\/v2\/tags?post=95065"}],"curies":[{"name":"wp","href":"https:\/\/api.w.org\/{rel}","templated":true}]}}