{"id":95056,"date":"2025-07-01T09:10:26","date_gmt":"2025-07-01T12:10:26","guid":{"rendered":"https:\/\/catolicanet.net\/wp-cnet\/?p=95056"},"modified":"2025-07-03T16:11:33","modified_gmt":"2025-07-03T19:11:33","slug":"peregrinacao-jubilar-dos-seminaristas","status":"publish","type":"post","link":"https:\/\/catolicanet.net\/wp-cnet\/peregrinacao-jubilar-dos-seminaristas\/","title":{"rendered":"Peregrina\u00e7\u00e3o Jubilar dos Seminaristas"},"content":{"rendered":"<p style=\"text-align: justify;\">S\u00e3o muitas peregrina\u00e7\u00f5es jubilares em Roma e pelo mundo afora. Aconteceu na passada quarta-feira, dia 25 de junho, em Roma, a peregrina\u00e7\u00e3o jubilar dos seminaristas da regi\u00e3o de Triveneto. Eles se reuniram na Cidade Eterna por ocasi\u00e3o do Jubileu, respondendo ao chamado da Igreja para um caminho de renova\u00e7\u00e3o espiritual e pastoral.<\/p>\n<p style=\"text-align: justify;\">O Papa Le\u00e3o XIV dirigiu-se aos seminaristas com palavras de encorajamento e gratid\u00e3o, recordando as profundas ra\u00edzes crist\u00e3s daquela regi\u00e3o \u2014 herdeira da antiga Igreja de Aquileia \u2014 e o testemunho luminoso de m\u00e1rtires, pastores e mission\u00e1rios que, dali, partiram para irradiar o Evangelho.<\/p>\n<p style=\"text-align: justify;\">O Papa afirmou que, hoje, cabe a n\u00f3s continuarmos essa obra apaixonante. Convidou os jovens a se inserirem na hist\u00f3ria da gra\u00e7a e a assumirem, no cotidiano, a miss\u00e3o de renovar e testemunhar o amor a Cristo. Ressaltou que o amor a Cristo e \u00e0 Igreja deve ser o \u201cnorte\u201d de todo seminarista. E enfatizou: somente por meio da vida de ora\u00e7\u00e3o e da intimidade com o Senhor \u00e9 poss\u00edvel sustentar a voca\u00e7\u00e3o.<\/p>\n<p style=\"text-align: justify;\">Diante das dificuldades do caminho vocacional, o Papa ofereceu um conselho paternal:<\/p>\n<p style=\"text-align: justify;\"><em>\u201cN\u00e3o se desanimem se, \u00e0s vezes, o caminho que est\u00e1 diante de voc\u00eas se torna dif\u00edcil.\u201d<\/em><\/p>\n<p style=\"text-align: justify;\">E recordou uma cita\u00e7\u00e3o do beato Jo\u00e3o Paulo I, tamb\u00e9m proveniente da regi\u00e3o do V\u00eaneto:<\/p>\n<p style=\"text-align: justify;\"><em>\u201cAt\u00e9 os anjos vistos em sonho por Jac\u00f3 n\u00e3o voavam, mas subiam degrau por degrau; imaginem n\u00f3s, que somos pobres homens sem asas.\u201d<\/em><\/p>\n<p style=\"text-align: justify;\">Com isso, o Papa refor\u00e7ou: \u00e9 degrau por degrau que superamos as dificuldades e avan\u00e7amos no caminho da voca\u00e7\u00e3o.<\/p>\n<p style=\"text-align: justify;\">Ainda se inspirando na convers\u00e3o de Santo Agostinho, o Santo Padre repetiu \u201ccomo um pai\u201d aos seminaristas as palavras que tocaram profundamente o cora\u00e7\u00e3o do santo:<\/p>\n<p style=\"text-align: justify;\"><em>\u201cLan\u00e7a-te em Deus sem medo. Ele n\u00e3o se afastar\u00e1 para te fazer cair. Lan\u00e7a-te tranquilo: Ele te acolher\u00e1 e te curar\u00e1.\u201d<\/em><\/p>\n<p style=\"text-align: justify;\">\u00c9 preciso, portanto, lan\u00e7ar-se ao Senhor com confian\u00e7a, pois Aquele que nos chama \u00e9 fiel e nos conduzir\u00e1 at\u00e9 o fim.<\/p>\n<p style=\"text-align: justify;\">Dirigindo-se tamb\u00e9m aos formadores e reitores, o Papa afirmou que a forma\u00e7\u00e3o n\u00e3o se faz sozinho, mas \u00e9 uma via de m\u00e3o dupla. Cada seminarista \u00e9 protagonista da pr\u00f3pria forma\u00e7\u00e3o \u2014 espiritual, pastoral, humana e intelectual \u2014, mas ser protagonista n\u00e3o significa estar s\u00f3. \u00c9 necess\u00e1rio caminhar em comunh\u00e3o com os irm\u00e3os, confiar nos formadores e viver em plena inser\u00e7\u00e3o na vida da Igreja, especialmente sob a orienta\u00e7\u00e3o do bispo.<\/p>\n<p style=\"text-align: justify;\">Assim, o Papa recordou que a caminhada vocacional nunca deve ser feita de forma isolada, mas em comunh\u00e3o, com acompanhamento, partilha e esp\u00edrito fraterno.<\/p>\n<p style=\"text-align: justify;\">Por fim, o Papa Le\u00e3o XIV destacou que o centro da vida sacerdotal \u00e9 a amizade com Jesus Cristo:<\/p>\n<p style=\"text-align: justify;\"><em>\u201cSe h\u00e1 uma coisa que n\u00e3o deixa d\u00favidas no Evangelho, \u00e9 justamente esta: Jesus Cristo deseja ser nosso amigo. O segredo que formou os santos est\u00e1 todo aqui: a consci\u00eancia da amizade de Jesus Cristo.\u201d<\/em><\/p>\n<p style=\"text-align: justify;\">E concluiu refor\u00e7ando que essa amizade se constr\u00f3i na vida de ora\u00e7\u00e3o di\u00e1ria, que sustenta e fortalece a voca\u00e7\u00e3o diante de todos os obst\u00e1culos.<\/p>\n<p style=\"text-align: justify;\">Ao t\u00e9rmino do encontro, o Papa agradeceu pela visita e deixou uma mensagem de esperan\u00e7a:<\/p>\n<p style=\"text-align: justify;\"><em>\u201cBom caminho! Que a Virgem Maria os acompanhe sempre, assim como a minha b\u00ean\u00e7\u00e3o.\u201d<\/em><\/p>\n<p style=\"text-align: justify;\">Confiemos todos os seminaristas \u00e0 prote\u00e7\u00e3o materna da Virgem Maria, M\u00e3e das Divinas Voca\u00e7\u00f5es, para que ela os ensine a amar profundamente seu Filho e a buscarem, na ora\u00e7\u00e3o, a amizade com Jesus. Como sempre rezamos: <em>\u201cA messe \u00e9 grande e os oper\u00e1rios s\u00e3o poucos; pe\u00e7amos ao Senhor da messe que envie oper\u00e1rios para a sua vinha.\u201d<\/em><\/p>\n<p style=\"text-align: justify;\">Aplicando essa mesma inspira\u00e7\u00e3o jubilar, tamb\u00e9m n\u00f3s, aqui no Rio de Janeiro, promovemos no \u00faltimo dia 23 de junho, nas I V\u00e9speras da Solenidade de S\u00e3o Jo\u00e3o Batista, a romaria jubilar dos semin\u00e1rios \u00e0 Igreja de S\u00e3o Jo\u00e3o Batista \u2014 uma das igrejas jubilares \u2014 para celebrar, com os nossos seminaristas, o Jubileu da Esperan\u00e7a.<\/p>\n<p style=\"text-align: justify;\">Foi um momento precioso de ora\u00e7\u00e3o, comunh\u00e3o e gratid\u00e3o a Deus e ao Seu povo pelos muitos seminaristas que hoje se preparam nos Semin\u00e1rios S\u00e3o Jos\u00e9, Menor, Propedeutico e Redemptoris Mater.<\/p>\n<p style=\"text-align: justify;\">A verdadeira riqueza de uma Arquidiocese \u00e9 seu semin\u00e1rio cheio de voca\u00e7\u00f5es santas e generosas, dispostas a anunciar o Evangelho da Salva\u00e7\u00e3o! Agrade\u00e7o a todos os formadores dos nossos semin\u00e1rios, assim como os trabalhos da pastoral vocacional, os promotores vocacionais e cada padre que com o seu testemunho incentiva as voca\u00e7\u00f5es. Al\u00e9m disso sou grato a todos os benfeitores do semin\u00e1rio que colaboram para que possamos cuidar das voca\u00e7\u00f5es com a devida forma\u00e7\u00e3o e dilig\u00eancia. Sauda\u00e7\u00f5es aos familiares que acompanham de perto os seus filhos chamados por Deus para trilharem esse caminho.<\/p>\n<p style=\"text-align: justify;\">Deus aben\u00e7oe de modo especial todos os nossos amados seminaristas! E que Nossa Senhora, M\u00e3e dos Sacerdotes, continue acompanhando-os com sua prote\u00e7\u00e3o e ternura. E a voc\u00ea, jovem que sente o chamado de Deus: procure sua par\u00f3quia, informe-se sobre o Semin\u00e1rio e consagre sua vida a Cristo e \u00e0 Igreja!<\/p>\n","protected":false},"excerpt":{"rendered":"<p>S\u00e3o muitas peregrina\u00e7\u00f5es jubilares em Roma e pelo mundo afora. Aconteceu na passada quarta-feira, dia 25 de junho, em Roma, a peregrina\u00e7\u00e3o jubilar dos seminaristas da regi\u00e3o de Triveneto. Eles se reuniram na Cidade Eterna por ocasi\u00e3o do Jubileu, respondendo ao chamado da Igreja para um caminho de renova\u00e7\u00e3o espiritual e pastoral. O Papa Le\u00e3o [&hellip;]<\/p>\n","protected":false},"author":5,"featured_media":55819,"comment_status":"open","ping_status":"closed","sticky":false,"template":"","format":"standard","meta":{"footnotes":""},"categories":[9],"tags":[],"class_list":["post-95056","post","type-post","status-publish","format-standard","has-post-thumbnail","hentry","category-artigos"],"_links":{"self":[{"href":"https:\/\/catolicanet.net\/wp-cnet\/wp-json\/wp\/v2\/posts\/95056","targetHints":{"allow":["GET"]}}],"collection":[{"href":"https:\/\/catolicanet.net\/wp-cnet\/wp-json\/wp\/v2\/posts"}],"about":[{"href":"https:\/\/catolicanet.net\/wp-cnet\/wp-json\/wp\/v2\/types\/post"}],"author":[{"embeddable":true,"href":"https:\/\/catolicanet.net\/wp-cnet\/wp-json\/wp\/v2\/users\/5"}],"replies":[{"embeddable":true,"href":"https:\/\/catolicanet.net\/wp-cnet\/wp-json\/wp\/v2\/comments?post=95056"}],"version-history":[{"count":1,"href":"https:\/\/catolicanet.net\/wp-cnet\/wp-json\/wp\/v2\/posts\/95056\/revisions"}],"predecessor-version":[{"id":95058,"href":"https:\/\/catolicanet.net\/wp-cnet\/wp-json\/wp\/v2\/posts\/95056\/revisions\/95058"}],"wp:featuredmedia":[{"embeddable":true,"href":"https:\/\/catolicanet.net\/wp-cnet\/wp-json\/wp\/v2\/media\/55819"}],"wp:attachment":[{"href":"https:\/\/catolicanet.net\/wp-cnet\/wp-json\/wp\/v2\/media?parent=95056"}],"wp:term":[{"taxonomy":"category","embeddable":true,"href":"https:\/\/catolicanet.net\/wp-cnet\/wp-json\/wp\/v2\/categories?post=95056"},{"taxonomy":"post_tag","embeddable":true,"href":"https:\/\/catolicanet.net\/wp-cnet\/wp-json\/wp\/v2\/tags?post=95056"}],"curies":[{"name":"wp","href":"https:\/\/api.w.org\/{rel}","templated":true}]}}