{"id":95005,"date":"2025-07-01T09:32:44","date_gmt":"2025-07-01T12:32:44","guid":{"rendered":"https:\/\/catolicanet.net\/wp-cnet\/?p=95005"},"modified":"2025-07-01T13:35:08","modified_gmt":"2025-07-01T16:35:08","slug":"card-spengler-reforca-convite-ao-papa-para-participar-da-cop30","status":"publish","type":"post","link":"https:\/\/catolicanet.net\/wp-cnet\/card-spengler-reforca-convite-ao-papa-para-participar-da-cop30\/","title":{"rendered":"Card. Spengler refor\u00e7a convite ao Papa para participar da COP30"},"content":{"rendered":"<div class=\"article__subTitle\" style=\"text-align: justify;\">O governo brasileiro j\u00e1 havia apresentado um convite oficial ao Santo Padre e que foi refor\u00e7ado pelos cardeais brasileiros ap\u00f3s o conclave. &#8220;Est\u00e1 aberta a possibilidade de acordo com a agenda do Papa. Ele tem sim consci\u00eancia da import\u00e2ncia e do lugar da palavra da Igreja nesse contexto de COP30. Vejamos qual ser\u00e1 a resposta e a posi\u00e7\u00e3o do Papado a partir do nosso convite&#8221;, afirma o cardeal.<\/div>\n<div class=\"title__separator\" style=\"text-align: justify;\"><\/div>\n<div class=\"article__text\">\n<p style=\"text-align: justify;\"><b>Vatican News<\/b><\/p>\n<p><iframe loading=\"lazy\" title=\"Card. Spengler refor\u00e7a convite ao Papa para participar da COP30\" width=\"696\" height=\"392\" src=\"https:\/\/www.youtube.com\/embed\/jpvueAwxx-E?feature=oembed\" frameborder=\"0\" allow=\"accelerometer; autoplay; clipboard-write; encrypted-media; gyroscope; picture-in-picture; web-share\" referrerpolicy=\"strict-origin-when-cross-origin\" allowfullscreen><\/iframe><\/p>\n<p style=\"text-align: justify;\">Em audi\u00eancia conjunta, o Papa Le\u00e3o XIV recebeu na manh\u00e3 desta ter\u00e7a-feira, no Vaticano, o presidente do Conselho Episcopal Latino-Americano (CELAM), card. Jaime Spengler, acompanhado do presidente da Federa\u00e7\u00e3o das Confer\u00eancias Episcopais da \u00c1sia (FABC), card.\u00a0Filipe Neri\u00a0Ant\u00f3nio Sebasti\u00e3o do Ros\u00e1rio Ferr\u00e3o, e do presidente do Simp\u00f3sio das Confer\u00eancias Episcopais da\u00a0\u00c1frica e Madagascar (SECAM),\u00a0card. Fridolin Ambongo Besungu, e do secret\u00e1rio-geral do CELAM, mons. Josef Sayer.<\/p>\n<p style=\"text-align: justify;\">Juntos, eles entregaram o documento\u00a0&#8220;Um chamado por justi\u00e7a clim\u00e1tica e a casa comum: convers\u00e3o ecol\u00f3gica, transforma\u00e7\u00e3o e resist\u00eancia \u00e0s falsas solu\u00e7\u00f5es&#8221; em vista da COP30 de Bel\u00e9m do Par\u00e1, que ser\u00e1 realizada em novembro.\u00a0Sucessivamente, o texto foi apresentado aos jornalistas na Sala de Imprensa da Santa S\u00e9.<\/p>\n<p style=\"text-align: justify;\">Al\u00e9m das mudan\u00e7as clim\u00e1ticas, foram levados ao Pont\u00edfice temas comuns a estes tr\u00eas continentes, como a &#8220;Praedicate Evangelium&#8221;, sobre a reforma da C\u00faria Romana, que traz implic\u00e2ncias para todo o contexto eclesial, analisando como cooperar para a aplica\u00e7\u00e3o deste documento nas realidades locais. Tamb\u00e9m foram mencionados os grupos de trabalho criados a partir do \u00faltimo S\u00ednodo sobre a sinodalidade.<\/p>\n<div style=\"text-align: justify;\">\n<div class=\"article__embed article__embed--border embed_style\">\n<blockquote><p>\u201cA audi\u00eancia foi marcada por uma cordialidade muito boa. O Santo Padre demonstra uma capacidade de escuta interessada em cada um dos temas que n\u00f3s trouxemos. Foi uma hora e quinze de uma conversa certamente rica e, oxal\u00e1, frut\u00edfera.\u201d<\/p><\/blockquote>\n<\/div>\n<\/div>\n<div style=\"text-align: justify;\">\n<div class=\"article__embed article__embed--unwrap article__embed--photo\">\n<figure><picture><img decoding=\"async\" class=\"loaded\" title=\"Imagem da audi\u00eancia com o Papa\" src=\"https:\/\/www.vaticannews.va\/content\/dam\/vaticannews\/agenzie\/images\/srv\/2025\/07\/01\/2025-07-01-em-mo-card--jaime-spengler--card--filipe-neri-antonio\/1751362324756.JPG\/_jcr_content\/renditions\/cq5dam.thumbnail.cropped.750.422.jpeg\" alt=\"Imagem da audi\u00eancia com o Papa\" data-original=\"\/content\/dam\/vaticannews\/agenzie\/images\/srv\/2025\/07\/01\/2025-07-01-em-mo-card--jaime-spengler--card--filipe-neri-antonio\/1751362324756.JPG\/_jcr_content\/renditions\/cq5dam.thumbnail.cropped.750.422.jpeg\" data-was-processed=\"true\" \/><\/picture><\/figure>\n<div class=\"photo_embed--Title\">Imagem da audi\u00eancia com o Papa \u00a0 (@VATICAN MEDIA)<\/div>\n<\/div>\n<\/div>\n<h2 style=\"text-align: justify;\">Participa\u00e7\u00e3o na COP30<\/h2>\n<p style=\"text-align: justify;\">Quanto ao convite para participar da COP30, card. Spengler recorda que o governo brasileiro j\u00e1 havia apresentado um convite oficial ao Santo Padre e que, ap\u00f3s o conclave, tamb\u00e9m os cardeais brasileiros sinalizaram sobre essa possibilidade.<\/p>\n<div style=\"text-align: justify;\">\n<div class=\"article__embed article__embed--border embed_style\">\n<blockquote><p>\u201cAgora, a partir do convite oficial do governo brasileiro, n\u00f3s voltamos a este convite de uma forma mais incisiva. O que ele nos diz \u00e9: existe sim a agenda do Jubileu em Roma, que est\u00e1 concentrada na segunda quinzena de novembro. E ele possui tamb\u00e9m na agenda uma viagem em vista dos 1700 anos do Conc\u00edlio de Niceia. Est\u00e1 aberta a possibilidade de acordo com a agenda do Papa. Ele tem sim consci\u00eancia da import\u00e2ncia e do lugar da palavra da Igreja nesse contexto de COP30. Vejamos qual ser\u00e1 a resposta e a posi\u00e7\u00e3o do Papado a partir do nosso convite.\u201d<\/p><\/blockquote>\n<\/div>\n<\/div>\n<div>\n<div class=\"article__embed article__embed--unwrap article__embed--photo\">\n<figure style=\"text-align: justify;\"><picture><img decoding=\"async\" class=\"loaded\" title=\"O momento dos presentes\" src=\"https:\/\/www.vaticannews.va\/content\/dam\/vaticannews\/agenzie\/images\/srv\/2025\/07\/01\/2025-07-01-em-mo-card--jaime-spengler--card--filipe-neri-antonio\/1751362319340.JPG\/_jcr_content\/renditions\/cq5dam.thumbnail.cropped.750.422.jpeg\" alt=\"O momento dos presentes\" data-original=\"\/content\/dam\/vaticannews\/agenzie\/images\/srv\/2025\/07\/01\/2025-07-01-em-mo-card--jaime-spengler--card--filipe-neri-antonio\/1751362319340.JPG\/_jcr_content\/renditions\/cq5dam.thumbnail.cropped.750.422.jpeg\" data-was-processed=\"true\" \/><\/picture><\/figure>\n<div class=\"photo_embed--Title\" style=\"text-align: justify;\">O momento dos presentes \u00a0 (@VATICAN MEDIA)<\/div>\n<\/div>\n<\/div>\n<\/div>\n","protected":false},"excerpt":{"rendered":"<p>O governo brasileiro j\u00e1 havia apresentado um convite oficial ao Santo Padre e que foi refor\u00e7ado pelos cardeais brasileiros ap\u00f3s o conclave. &#8220;Est\u00e1 aberta a possibilidade de acordo com a agenda do Papa. Ele tem sim consci\u00eancia da import\u00e2ncia e do lugar da palavra da Igreja nesse contexto de COP30. Vejamos qual ser\u00e1 a resposta [&hellip;]<\/p>\n","protected":false},"author":1,"featured_media":95006,"comment_status":"open","ping_status":"closed","sticky":false,"template":"","format":"standard","meta":{"footnotes":""},"categories":[13,3],"tags":[],"class_list":["post-95005","post","type-post","status-publish","format-standard","has-post-thumbnail","hentry","category-featured","category-vaticano"],"_links":{"self":[{"href":"https:\/\/catolicanet.net\/wp-cnet\/wp-json\/wp\/v2\/posts\/95005","targetHints":{"allow":["GET"]}}],"collection":[{"href":"https:\/\/catolicanet.net\/wp-cnet\/wp-json\/wp\/v2\/posts"}],"about":[{"href":"https:\/\/catolicanet.net\/wp-cnet\/wp-json\/wp\/v2\/types\/post"}],"author":[{"embeddable":true,"href":"https:\/\/catolicanet.net\/wp-cnet\/wp-json\/wp\/v2\/users\/1"}],"replies":[{"embeddable":true,"href":"https:\/\/catolicanet.net\/wp-cnet\/wp-json\/wp\/v2\/comments?post=95005"}],"version-history":[{"count":1,"href":"https:\/\/catolicanet.net\/wp-cnet\/wp-json\/wp\/v2\/posts\/95005\/revisions"}],"predecessor-version":[{"id":95008,"href":"https:\/\/catolicanet.net\/wp-cnet\/wp-json\/wp\/v2\/posts\/95005\/revisions\/95008"}],"wp:featuredmedia":[{"embeddable":true,"href":"https:\/\/catolicanet.net\/wp-cnet\/wp-json\/wp\/v2\/media\/95006"}],"wp:attachment":[{"href":"https:\/\/catolicanet.net\/wp-cnet\/wp-json\/wp\/v2\/media?parent=95005"}],"wp:term":[{"taxonomy":"category","embeddable":true,"href":"https:\/\/catolicanet.net\/wp-cnet\/wp-json\/wp\/v2\/categories?post=95005"},{"taxonomy":"post_tag","embeddable":true,"href":"https:\/\/catolicanet.net\/wp-cnet\/wp-json\/wp\/v2\/tags?post=95005"}],"curies":[{"name":"wp","href":"https:\/\/api.w.org\/{rel}","templated":true}]}}