{"id":94925,"date":"2025-06-26T10:16:00","date_gmt":"2025-06-26T13:16:00","guid":{"rendered":"https:\/\/catolicanet.net\/wp-cnet\/?p=94925"},"modified":"2025-06-27T14:17:52","modified_gmt":"2025-06-27T17:17:52","slug":"sao-pedro-e-sao-paulo-7","status":"publish","type":"post","link":"https:\/\/catolicanet.net\/wp-cnet\/sao-pedro-e-sao-paulo-7\/","title":{"rendered":"S\u00e3o Pedro e S\u00e3o Paulo"},"content":{"rendered":"<p style=\"text-align: justify;\">\u00a0\u00a0\u00a0\u00a0\u00a0\u00a0\u00a0\u00a0\u00a0\u00a0\u00a0 No dia em que Igreja celebra a solenidade os ap\u00f3stolos S\u00e3o Pedro e S\u00e3o Paulo somos convidados a ter a atitude dos primeiros crist\u00e3os: \u201ca Igreja rezava continuamente a Deus por ele (Pedro)\u201d (Atos 12,1-11, Salmo33, 2 Tim\u00f3teo 4,6-8.17.18 e Mateus 16,13-19). A miss\u00e3o que Jesus confiou primeiro a Pedro e depois a Paulo \u00e9 sustentada pela ora\u00e7\u00e3o da comunidade. Pois a miss\u00e3o de Pedro e hoje de seu sucessor Le\u00e3o XIV n\u00e3o se baseia nas suas qualidades humanas, mas na f\u00e9 e nas gra\u00e7as divinas.<\/p>\n<p style=\"text-align: justify;\">\u00a0\u00a0\u00a0\u00a0\u00a0\u00a0\u00a0\u00a0\u00a0\u00a0\u00a0 Desde os primeiros s\u00e9culos do cristianismo a solenidade dos dois ap\u00f3stolos acontece no mesmo dia. O mart\u00edrio deles aconteceu em tempo e locais pr\u00f3ximos na cidade de Roma. Por causa disso, Santo Irineu de Li\u00e3o, em meados do s\u00e9culo II, falava da \u201cIgreja fundada e constitu\u00edda em Roma pelos dois gloriosos ap\u00f3stolos Pedro e Paulo\u201d. O sangue deles fundiu-se num \u00fanico testemunho a Cristo. Os dois estavam em Roma dedicando inteiramente a vida ao Evangelho recebido de Jesus e por causa da Igreja que lhes foi confiada edificar e conduzir. Os dois testemunham que os sofrimentos oriundos da dedica\u00e7\u00e3o pastoral resultam em bem-aventuran\u00e7a, alegria e gl\u00f3ria. Os dois foram m\u00e1rtires porque constru\u00edram a sua vida sobre a rocha, que \u00e9 Jesus Cristo.<\/p>\n<p style=\"text-align: justify;\">\u00a0\u00a0\u00a0\u00a0\u00a0\u00a0\u00a0\u00a0\u00a0\u00a0\u00a0 Os dois textos b\u00edblicos da liturgia da solenidade que falam da pessoa e da fun\u00e7\u00e3o de S\u00e3o Pedro apontam claramente para a miss\u00e3o dele dentro na Igreja. Ele faz a solene profiss\u00e3o de f\u00e9: \u201cTu \u00e9s o Messias, o Filho do Deus vivo\u201d. Esta proclama\u00e7\u00e3o constitui o conte\u00fado fundamental que a Igreja recebeu e deve transmitir. O an\u00fancio da f\u00e9 em Cristo \u00e9 a cont\u00ednua surpresa do minist\u00e9rio apost\u00f3lico, \u00e9 tamb\u00e9m a raiz da a\u00e7\u00e3o mission\u00e1ria da Igreja. O primeiro a proclam\u00e1-la deve necessariamente ser Pedro para conduzir a Igreja. Depois de proclamar a f\u00e9, Jesus disse: \u201cFeliz \u00e9s tu, Sim\u00e3o, Filho de Jonas, porque n\u00e3o foi um ser humano que te revelou isso, mas o meu Pai que est\u00e1 no c\u00e9u\u201d. A f\u00e9 proclamada por Pedro \u00e9 fruto da revela\u00e7\u00e3o divina e n\u00e3o produto da raz\u00e3o humana.<\/p>\n<p style=\"text-align: justify;\">\u00a0\u00a0\u00a0\u00a0\u00a0\u00a0\u00a0\u00a0\u00a0\u00a0\u00a0 A seguir Jesus proclama: \u201ctu \u00e9s Pedro, e sobre esta pedra construirei a minha Igreja\u201d. O s\u00edmbolo usado \u00e9 a pedra que indica solidez e estabilidade. Em Pedro e na Igreja manifesta-se o Evangelho a ser oferecido de forma cont\u00ednua e s\u00f3lida a toda humanidade. A leitura de Atos relata a solidez do fundamento quando Pedro \u00e9 libertado de forma extraordin\u00e1ria. Ele testemunha: \u201cAgora sei, de fato, que o Senhor enviou o seu anjo para me libertar\u201d.<\/p>\n<p style=\"text-align: justify;\">\u00a0\u00a0\u00a0\u00a0\u00a0\u00a0\u00a0\u00a0\u00a0\u00a0\u00a0 Do mesmo modo, toda vida e miss\u00e3o de S\u00e3o Paulo est\u00e1 vinculada \u00e0 Igreja. Na autobiografia escreve: \u201cMas o Senhor esteve ao meu lado e me deu for\u00e7as; ele fez com que a mensagem fosse anunciada por mim integralmente, e ouvida por todas as na\u00e7\u00f5es\u201d. O come\u00e7o desta miss\u00e3o evangelizadora de Paulo \u00e9 relatado no livro de Atos dos Ap\u00f3stolos (9,1-22). Estava indo a Damasco com o objetivo de prender crist\u00e3os para serem julgados em Jerusal\u00e9m. No caminho tem um encontro com Cristo ressuscitado, que lhe pergunta: \u201cSaulo, Saulo, por que me persegues?\u201d Saulo perguntou: \u201cQuem \u00e9s tu Senhor?\u201d. A voz respondeu: \u201cEu sou Jesus, a quem est\u00e1s perseguindo\u201d. Jesus se identifica com a Igreja tornando-se um s\u00f3 sujeito. Ressuscitado Jesus n\u00e3o se afastou da terra retirando-se para o c\u00e9u, mas fica vis\u00edvel na Igreja como Corpo de Cristo, no qual Ele \u00e9 a cabe\u00e7a da Igreja. \u201cN\u00e3o sabeis que os vossos corpos s\u00e3o membros de Cristo?\u201d escreve Paulo ao Cor\u00edntios (1 Cor 6,15).<\/p>\n<p style=\"text-align: justify;\">\u00a0\u00a0\u00a0\u00a0\u00a0\u00a0\u00a0\u00a0\u00a0\u00a0\u00a0 Recordo a homilia de Le\u00e3o XIV no in\u00edcio do minist\u00e9rio que a Igreja lhe confiou: \u201cAmor e unidade: estas s\u00e3o as duas dimens\u00f5es da miss\u00e3o que Jesus confiou a Pedro. [&#8230;] A Pedro, portanto, \u00e9 confiada a tarefa de \u201camar mais\u201d e dar a sua vida pelo rebanho. O minist\u00e9rio de Pedro \u00e9 marcado precisamente por este amor oblativo, porque a Igreja de Roma preside na caridade e a sua verdadeira autoridade \u00e9 caridade de Cristo. N\u00e3o se trata nunca de capturar os outros com a prepot\u00eancia, com a propaganda religiosa ou com os meios do poder, mas trata-se sempre e apenas de amar como fez Jesus\u201d.<\/p>\n","protected":false},"excerpt":{"rendered":"<p>\u00a0\u00a0\u00a0\u00a0\u00a0\u00a0\u00a0\u00a0\u00a0\u00a0\u00a0 No dia em que Igreja celebra a solenidade os ap\u00f3stolos S\u00e3o Pedro e S\u00e3o Paulo somos convidados a ter a atitude dos primeiros crist\u00e3os: \u201ca Igreja rezava continuamente a Deus por ele (Pedro)\u201d (Atos 12,1-11, Salmo33, 2 Tim\u00f3teo 4,6-8.17.18 e Mateus 16,13-19). A miss\u00e3o que Jesus confiou primeiro a Pedro e depois a Paulo [&hellip;]<\/p>\n","protected":false},"author":18,"featured_media":55821,"comment_status":"open","ping_status":"closed","sticky":false,"template":"","format":"standard","meta":{"footnotes":""},"categories":[9],"tags":[],"class_list":["post-94925","post","type-post","status-publish","format-standard","has-post-thumbnail","hentry","category-artigos"],"_links":{"self":[{"href":"https:\/\/catolicanet.net\/wp-cnet\/wp-json\/wp\/v2\/posts\/94925","targetHints":{"allow":["GET"]}}],"collection":[{"href":"https:\/\/catolicanet.net\/wp-cnet\/wp-json\/wp\/v2\/posts"}],"about":[{"href":"https:\/\/catolicanet.net\/wp-cnet\/wp-json\/wp\/v2\/types\/post"}],"author":[{"embeddable":true,"href":"https:\/\/catolicanet.net\/wp-cnet\/wp-json\/wp\/v2\/users\/18"}],"replies":[{"embeddable":true,"href":"https:\/\/catolicanet.net\/wp-cnet\/wp-json\/wp\/v2\/comments?post=94925"}],"version-history":[{"count":1,"href":"https:\/\/catolicanet.net\/wp-cnet\/wp-json\/wp\/v2\/posts\/94925\/revisions"}],"predecessor-version":[{"id":94927,"href":"https:\/\/catolicanet.net\/wp-cnet\/wp-json\/wp\/v2\/posts\/94925\/revisions\/94927"}],"wp:featuredmedia":[{"embeddable":true,"href":"https:\/\/catolicanet.net\/wp-cnet\/wp-json\/wp\/v2\/media\/55821"}],"wp:attachment":[{"href":"https:\/\/catolicanet.net\/wp-cnet\/wp-json\/wp\/v2\/media?parent=94925"}],"wp:term":[{"taxonomy":"category","embeddable":true,"href":"https:\/\/catolicanet.net\/wp-cnet\/wp-json\/wp\/v2\/categories?post=94925"},{"taxonomy":"post_tag","embeddable":true,"href":"https:\/\/catolicanet.net\/wp-cnet\/wp-json\/wp\/v2\/tags?post=94925"}],"curies":[{"name":"wp","href":"https:\/\/api.w.org\/{rel}","templated":true}]}}